{"id":63,"date":"2013-03-25T11:36:31","date_gmt":"2013-03-25T10:36:31","guid":{"rendered":"http:\/\/www.milosnicylasu.olsztyn.pl\/?p=63"},"modified":"2013-04-12T18:31:11","modified_gmt":"2013-04-12T16:31:11","slug":"zwiedzamy-koscioly-zamki-palace","status":"publish","type":"post","link":"https:\/\/www.milosnicylasu.olsztyn.pl\/?p=63","title":{"rendered":"Zwiedzamy ko\u015bcio\u0142y, zamki, pa\u0142ace"},"content":{"rendered":"<p><a href=\"http:\/\/www.milosnicylasu.olsztyn.pl\/?attachment_id=102\" rel=\"attachment wp-att-102\"><img decoding=\"async\" class=\"alignnone size-medium wp-image-102\" alt=\"P3160372\" src=\"http:\/\/www.milosnicylasu.olsztyn.pl\/wp-content\/uploads\/2013\/03\/P3160372.jpg\" \/><\/a>16 marca 2013r. byli\u015bmy na wycieczce autokarowej w I\u0142awie, Szymbarku, Kamie\u0144cu Suskim, Suszu i Prabutach. By\u0142a to pierwsza wycieczka z cyklu \u201e Szlakiem ko\u015bcio\u0142\u00f3w, zamk\u00f3w i pa\u0142ac\u00f3w Warmii i Mazur\u201d. Nast\u0119pny etap planujemy 20 kwietnia, w czasie kt\u00f3rego zobaczymy inne ciekawe miejsca.<!--more--><br \/>\nPodczas wycieczki 16 marca, m.in. zobaczyli\u015bmy:<br \/>\n&#8211; w I\u0142awie najstarszy gotycki zabytek w tym rejonie \u2013 ko\u015bci\u00f3\u0142 z XIV wieku z renesansow\u0105 dzwonnic\u0105, z figurk\u0105 Matki Boskiej Fatimskiej w otoczeniu rokokowych girland, fragmenty mur\u00f3w obronnych z XIV wieku, kamienice z XIX i pocz\u0105tku XX wieku,<br \/>\n&#8211; w Szymbarku imponuj\u0105ce ruiny zamku kapitu\u0142y pomeza\u0144skiej,<br \/>\n&#8211; w Kamie\u0144cu barokowy zesp\u00f3\u0142 pa\u0142acowy, park i pawilon stylizowany na grot\u0119,<br \/>\n&#8211; w Suszu, mie\u015bcie pochodz\u0105cym z 1305 roku, na miejscu starego grodu sprawdzili\u015bmy oddzia\u0142ywanie magnetyczne,<br \/>\n&#8211; w Prabutach dawne umocnienia obronne, resztki mur\u00f3w obronnych, gotyck\u0105 Bram\u0119 Kwidzy\u0144sk\u0105, katedr\u0119, zabytkow\u0105 fontann\u0119 \u201eRolanda\u201d.<br \/>\nNiew\u0105tpliw\u0105 atrakcj\u0105 wycieczki by\u0142a wygrzewaj\u0105ca si\u0119 w Kamie\u0144cu, w promieniach s\u0142o\u0144ca \u017cmija. Mo\u017ce ona czuje ju\u017c wiosn\u0119?<!--more--><\/p>\n<p>A tak nasz\u0105 wypraw\u0119 opisa\u0142a Danusia Bobrzecka<\/p>\n<p><b>Wyprawa z \u201ele\u015bnikami\u201d na I\u0142awsk\u0105 Ziemi\u0119.<\/b><\/p>\n<p>Rano mr\u00f3z, mamy nadziej\u0119,<\/p>\n<p>\u017ce s\u0142o\u0144ce wszystkich ogrzeje.<\/p>\n<p>Ciesz\u0105c si\u0119 wci\u0105\u017c zdrowia darem,<\/p>\n<p>Ruszamy wi\u0119c autokarem,<\/p>\n<p>Zwiedzaj\u0105c I\u0142awy okolice:<\/p>\n<p>Susz ,Kamieniec, Prabuty, Ba\u0142oszyce\u2026<\/p>\n<p>Miasteczka w sobot\u0119 ciche.<\/p>\n<p>Wznios\u0142e ko\u015bcio\u0142y wci\u0105\u017c pi\u0119kne<\/p>\n<p>R\u00f3\u017cne style prezentuj\u0105:<\/p>\n<p>Gotyk, barok \u2013 zachwycaj\u0105.<\/p>\n<p>Ruiny gotyckich zamk\u00f3w<\/p>\n<p>I pi\u0119knych niegdy\u015b pa\u0142ac\u00f3w,<\/p>\n<p>Chocia\u017c \u015bniegiem okryte dzi\u015b,<\/p>\n<p>Wci\u0105\u017c s\u0142awi\u0105 architekt\u00f3w my\u015bl.<\/p>\n<p>Szkoda wielka, \u017ce niszczej\u0105,<\/p>\n<p>Czy odnowy doczekaj\u0105?<\/p>\n<p>Cho\u0107 ze smutkiem powracamy,<\/p>\n<p>Na kolejny rejs czekamy.<\/p>\n<p>Basi i Tolkowi dzi\u0119kujemy,<\/p>\n<p>Dobrego zdrowia \u017cyczymy!<\/p>\n<p>&nbsp;<\/p>\n","protected":false},"excerpt":{"rendered":"<p>16 marca 2013r. byli\u015bmy na wycieczce autokarowej w I\u0142awie, Szymbarku, Kamie\u0144cu Suskim, Suszu i Prabutach. By\u0142a to pierwsza wycieczka z cyklu \u201e Szlakiem ko\u015bcio\u0142\u00f3w, zamk\u00f3w i pa\u0142ac\u00f3w Warmii i Mazur\u201d. Nast\u0119pny etap planujemy 20 kwietnia, w czasie kt\u00f3rego zobaczymy inne ciekawe miejsca.<\/p>\n","protected":false},"author":1,"featured_media":0,"comment_status":"open","ping_status":"open","sticky":false,"template":"","format":"standard","meta":{"footnotes":""},"categories":[7,5],"tags":[],"class_list":["post-63","post","type-post","status-publish","format-standard","hentry","category-wiersze","category-wycieczki"],"_links":{"self":[{"href":"https:\/\/www.milosnicylasu.olsztyn.pl\/index.php?rest_route=\/wp\/v2\/posts\/63","targetHints":{"allow":["GET"]}}],"collection":[{"href":"https:\/\/www.milosnicylasu.olsztyn.pl\/index.php?rest_route=\/wp\/v2\/posts"}],"about":[{"href":"https:\/\/www.milosnicylasu.olsztyn.pl\/index.php?rest_route=\/wp\/v2\/types\/post"}],"author":[{"embeddable":true,"href":"https:\/\/www.milosnicylasu.olsztyn.pl\/index.php?rest_route=\/wp\/v2\/users\/1"}],"replies":[{"embeddable":true,"href":"https:\/\/www.milosnicylasu.olsztyn.pl\/index.php?rest_route=%2Fwp%2Fv2%2Fcomments&post=63"}],"version-history":[{"count":13,"href":"https:\/\/www.milosnicylasu.olsztyn.pl\/index.php?rest_route=\/wp\/v2\/posts\/63\/revisions"}],"predecessor-version":[{"id":209,"href":"https:\/\/www.milosnicylasu.olsztyn.pl\/index.php?rest_route=\/wp\/v2\/posts\/63\/revisions\/209"}],"wp:attachment":[{"href":"https:\/\/www.milosnicylasu.olsztyn.pl\/index.php?rest_route=%2Fwp%2Fv2%2Fmedia&parent=63"}],"wp:term":[{"taxonomy":"category","embeddable":true,"href":"https:\/\/www.milosnicylasu.olsztyn.pl\/index.php?rest_route=%2Fwp%2Fv2%2Fcategories&post=63"},{"taxonomy":"post_tag","embeddable":true,"href":"https:\/\/www.milosnicylasu.olsztyn.pl\/index.php?rest_route=%2Fwp%2Fv2%2Ftags&post=63"}],"curies":[{"name":"wp","href":"https:\/\/api.w.org\/{rel}","templated":true}]}}