{"id":6305,"date":"2021-05-26T01:05:27","date_gmt":"2021-05-25T23:05:27","guid":{"rendered":"https:\/\/www.milosnicylasu.olsztyn.pl\/?p=6305"},"modified":"2021-05-26T01:08:18","modified_gmt":"2021-05-25T23:08:18","slug":"dzien-matki","status":"publish","type":"post","link":"https:\/\/www.milosnicylasu.olsztyn.pl\/?p=6305","title":{"rendered":"Dzie\u0144 Matki"},"content":{"rendered":"<p><strong><a href=\"https:\/\/www.milosnicylasu.olsztyn.pl\/wp-content\/uploads\/2020\/05\/DSCN5370-www.jpg\" data-rel=\"lightbox-image-0\" data-magnific_type=\"image\" data-rl_title=\"\" data-rl_caption=\"\" title=\"\"><img loading=\"lazy\" decoding=\"async\" class=\"size-medium wp-image-5502 alignright\" src=\"https:\/\/www.milosnicylasu.olsztyn.pl\/wp-content\/uploads\/2020\/05\/DSCN5370-www-300x169.jpg\" alt=\"\" width=\"300\" height=\"169\" srcset=\"https:\/\/www.milosnicylasu.olsztyn.pl\/wp-content\/uploads\/2020\/05\/DSCN5370-www-300x169.jpg 300w, https:\/\/www.milosnicylasu.olsztyn.pl\/wp-content\/uploads\/2020\/05\/DSCN5370-www-768x432.jpg 768w, https:\/\/www.milosnicylasu.olsztyn.pl\/wp-content\/uploads\/2020\/05\/DSCN5370-www-730x410.jpg 730w, https:\/\/www.milosnicylasu.olsztyn.pl\/wp-content\/uploads\/2020\/05\/DSCN5370-www.jpg 1024w\" sizes=\"auto, (max-width: 300px) 100vw, 300px\" \/><\/a>Dzie\u0144 Matki to \u015bwi\u0119to, kt\u00f3re swymi korzeniami si\u0119ga nawet staro\u017cytno\u015bci. W\u00f3wczas kultem otaczano Bogini\u0119 Matk\u0119, kt\u00f3ra cz\u0119sto by\u0142a uto\u017csamiana z Ziemi\u0105 symbolizuj\u0105c\u0105 p\u0142odno\u015b\u0107 i urodzaj. Jednak po wprowadzeniu chrze\u015bcija\u0144stwa do Imperium Rzymskiego zakazano celebrowania tego \u015bwi\u0119ta. <\/strong><\/p>\n<p><strong>Tradycja celebrowania Dnia Matki, kt\u00f3ra zachowa\u0142a si\u0119 do dzi\u015b powsta\u0142a w Stanach Zjednoczonych w 1908 r. W\u00f3wczas Amerykanka Anna Jarvis po raz pierwszy ku czci swojej zmar\u0142ej mamy zorganizowa\u0142a obchody na cze\u015b\u0107 wszystkich matek i ich po\u015bwi\u0119cenia dla rodziny. W 1914 r. w USA Dzie\u0144 Matki og\u0142oszono \u015bwi\u0119tem pa\u0144stwowym, kt\u00f3re do tej pory obchodzone jest tam w drug\u0105 niedziel\u0119 maja.<\/strong><\/p>\n<p><strong>Jak si\u0119 okazuje, Polska to jedyny kraj na \u015bwiecie, w kt\u00f3rym Dzie\u0144 Matki obchodzony jest 26 maja. Jednak przed wojn\u0105 to \u015bwi\u0119to by\u0142o ruchome. Sta\u0142a data zosta\u0142a zapocz\u0105tkowana w 1923 r. i tak zosta\u0142o do dzi\u015b. <\/strong><\/p>\n<p><strong>Pierwsze obchody z okazji Dnia Matki w naszym kraju odby\u0142y si\u0119 w 1914 r. w Krakowie. <\/strong><\/p>\n<p><strong>Dzie\u0144 Matki obchodzony jest niemal w ka\u017cdym zak\u0105tku \u015bwiata. W r\u00f3\u017cnych formach i terminach znajdziemy to \u015bwi\u0119to w kalendarzach ok. 140 kraj\u00f3w. A\u017c w 63 pa\u0144stwach Dzie\u0144 Matki celebrowany jest w drug\u0105 niedziel\u0119 maja.<\/strong><\/p>\n","protected":false},"excerpt":{"rendered":"<p>Dzie\u0144 Matki to \u015bwi\u0119to, kt\u00f3re swymi korzeniami si\u0119ga nawet staro\u017cytno\u015bci. W\u00f3wczas kultem otaczano Bogini\u0119 Matk\u0119, kt\u00f3ra cz\u0119sto by\u0142a uto\u017csamiana z Ziemi\u0105 symbolizuj\u0105c\u0105 p\u0142odno\u015b\u0107 i urodzaj. Jednak po wprowadzeniu chrze\u015bcija\u0144stwa do Imperium Rzymskiego zakazano celebrowania tego \u015bwi\u0119ta. Tradycja celebrowania Dnia Matki, kt\u00f3ra zachowa\u0142a si\u0119 do dzi\u015b powsta\u0142a w Stanach Zjednoczonych w 1908 r. W\u00f3wczas Amerykanka Anna [&hellip;]<\/p>\n","protected":false},"author":2,"featured_media":0,"comment_status":"open","ping_status":"open","sticky":false,"template":"","format":"standard","meta":{"footnotes":""},"categories":[1,9],"tags":[],"class_list":["post-6305","post","type-post","status-publish","format-standard","hentry","category-bez-kategorii","category-ciekawostki"],"_links":{"self":[{"href":"https:\/\/www.milosnicylasu.olsztyn.pl\/index.php?rest_route=\/wp\/v2\/posts\/6305","targetHints":{"allow":["GET"]}}],"collection":[{"href":"https:\/\/www.milosnicylasu.olsztyn.pl\/index.php?rest_route=\/wp\/v2\/posts"}],"about":[{"href":"https:\/\/www.milosnicylasu.olsztyn.pl\/index.php?rest_route=\/wp\/v2\/types\/post"}],"author":[{"embeddable":true,"href":"https:\/\/www.milosnicylasu.olsztyn.pl\/index.php?rest_route=\/wp\/v2\/users\/2"}],"replies":[{"embeddable":true,"href":"https:\/\/www.milosnicylasu.olsztyn.pl\/index.php?rest_route=%2Fwp%2Fv2%2Fcomments&post=6305"}],"version-history":[{"count":3,"href":"https:\/\/www.milosnicylasu.olsztyn.pl\/index.php?rest_route=\/wp\/v2\/posts\/6305\/revisions"}],"predecessor-version":[{"id":6308,"href":"https:\/\/www.milosnicylasu.olsztyn.pl\/index.php?rest_route=\/wp\/v2\/posts\/6305\/revisions\/6308"}],"wp:attachment":[{"href":"https:\/\/www.milosnicylasu.olsztyn.pl\/index.php?rest_route=%2Fwp%2Fv2%2Fmedia&parent=6305"}],"wp:term":[{"taxonomy":"category","embeddable":true,"href":"https:\/\/www.milosnicylasu.olsztyn.pl\/index.php?rest_route=%2Fwp%2Fv2%2Fcategories&post=6305"},{"taxonomy":"post_tag","embeddable":true,"href":"https:\/\/www.milosnicylasu.olsztyn.pl\/index.php?rest_route=%2Fwp%2Fv2%2Ftags&post=6305"}],"curies":[{"name":"wp","href":"https:\/\/api.w.org\/{rel}","templated":true}]}}