{"id":6317,"date":"2021-05-29T08:23:05","date_gmt":"2021-05-29T06:23:05","guid":{"rendered":"https:\/\/www.milosnicylasu.olsztyn.pl\/?p=6317"},"modified":"2021-05-29T08:23:05","modified_gmt":"2021-05-29T06:23:05","slug":"dab-chrobry","status":"publish","type":"post","link":"https:\/\/www.milosnicylasu.olsztyn.pl\/?p=6317","title":{"rendered":"D\u0105b Chrobry"},"content":{"rendered":"<p><strong>Umar\u0142 najstarszy d\u0105b szypu\u0142kowy w Polsce. Rosn\u0105cy w pobli\u017cu Szprotawy d\u0105b Chrobry ma ponad 760 lat. Ocenia si\u0119, \u017ce wykie\u0142kowa\u0142 oko\u0142o 1250 roku.\u00a0 Po po\u017carze we wn\u0119trzu drzewa, od 2014 roku li\u015bcie pojawia\u0142y si\u0119 na pojedynczych konarach.<\/strong><\/p>\n<p><strong>Nazwa d\u0119bu wzi\u0119\u0142a si\u0119 z legendy &#8211;\u00a0 cesarz Otton pod tym d\u0119bem mia\u0142 si\u0119 spotka\u0107 z Boles\u0142awem Chrobrym, uwa\u017ca si\u0119 jednak, \u017ce drzewo jest znacznie m\u0142odsze.<\/strong><\/p>\n<p><strong>Chrobry mia\u0142 silnie rozwini\u0119t\u0105 koron\u0119 i grube konary, przechodz\u0105ce w ga\u0142\u0119zie o bujnym ulistnieniu. Rozpi\u0119to\u015b\u0107 korony wynosi\u0142a ok. 16 m, wysoko\u015b\u0107 26 m, a obw\u00f3d pnia 10,04 m. Obj\u0119to\u015b\u0107 drzewa to ok. 90 m\u00b3 \u2013 najwi\u0119ksza w\u015br\u00f3d d\u0119b\u00f3w polskich i jednocze\u015bnie jest to trzeci d\u0105b pod wzgl\u0119dem obj\u0119to\u015bci drewna w \u015brodkowej Europie.<\/strong><\/p>\n<p><strong>Podczas pielgrzymki polskich le\u015bnik\u00f3w 28 kwietnia 2004, zawieziono 2,5 kg nasion Chrobrego do Watykanu. Do Polski nasiona wr\u00f3ci\u0142y z b\u0142ogos\u0142awie\u0144stwem Jana Paw\u0142a II i od tej pory ka\u017cdy \u201epotomek\u201d Chrobrego nazywany jest d\u0119bem papieskim.<\/strong><\/p>\n<p><strong>W 2020 roku po raz pierwszy nie zosta\u0142y zaobserwowane \u015bwie\u017ce p\u0105ki li\u015bci. Oficjalnie drzewo zosta\u0142o uznane za obumar\u0142e.<\/strong><\/p>\n<p><strong>Wiele potomk\u00f3w Chrobrego spotykali\u015bmy podczas naszych wycieczek w poprzednich latach. To cieszy, \u017ce rosn\u0105 nowe d\u0119by, ale martwi, \u017ce d\u0105b Bartek zosta\u0142 podpalony przez nieznanego sprawc\u0119 &#8211; g\u0142upota ludzka nie zna granic&#8230;&#8230;&#8230;&#8230;. \u00a0<\/strong><\/p>\n","protected":false},"excerpt":{"rendered":"<p>Umar\u0142 najstarszy d\u0105b szypu\u0142kowy w Polsce. Rosn\u0105cy w pobli\u017cu Szprotawy d\u0105b Chrobry ma ponad 760 lat. Ocenia si\u0119, \u017ce wykie\u0142kowa\u0142 oko\u0142o 1250 roku.\u00a0 Po po\u017carze we wn\u0119trzu drzewa, od 2014 roku li\u015bcie pojawia\u0142y si\u0119 na pojedynczych konarach. Nazwa d\u0119bu wzi\u0119\u0142a si\u0119 z legendy &#8211;\u00a0 cesarz Otton pod tym d\u0119bem mia\u0142 si\u0119 spotka\u0107 z Boles\u0142awem Chrobrym, [&hellip;]<\/p>\n","protected":false},"author":2,"featured_media":0,"comment_status":"open","ping_status":"open","sticky":false,"template":"","format":"standard","meta":{"footnotes":""},"categories":[1,9,17],"tags":[],"class_list":["post-6317","post","type-post","status-publish","format-standard","hentry","category-bez-kategorii","category-ciekawostki","category-edukacja-w-terenie"],"_links":{"self":[{"href":"https:\/\/www.milosnicylasu.olsztyn.pl\/index.php?rest_route=\/wp\/v2\/posts\/6317","targetHints":{"allow":["GET"]}}],"collection":[{"href":"https:\/\/www.milosnicylasu.olsztyn.pl\/index.php?rest_route=\/wp\/v2\/posts"}],"about":[{"href":"https:\/\/www.milosnicylasu.olsztyn.pl\/index.php?rest_route=\/wp\/v2\/types\/post"}],"author":[{"embeddable":true,"href":"https:\/\/www.milosnicylasu.olsztyn.pl\/index.php?rest_route=\/wp\/v2\/users\/2"}],"replies":[{"embeddable":true,"href":"https:\/\/www.milosnicylasu.olsztyn.pl\/index.php?rest_route=%2Fwp%2Fv2%2Fcomments&post=6317"}],"version-history":[{"count":1,"href":"https:\/\/www.milosnicylasu.olsztyn.pl\/index.php?rest_route=\/wp\/v2\/posts\/6317\/revisions"}],"predecessor-version":[{"id":6318,"href":"https:\/\/www.milosnicylasu.olsztyn.pl\/index.php?rest_route=\/wp\/v2\/posts\/6317\/revisions\/6318"}],"wp:attachment":[{"href":"https:\/\/www.milosnicylasu.olsztyn.pl\/index.php?rest_route=%2Fwp%2Fv2%2Fmedia&parent=6317"}],"wp:term":[{"taxonomy":"category","embeddable":true,"href":"https:\/\/www.milosnicylasu.olsztyn.pl\/index.php?rest_route=%2Fwp%2Fv2%2Fcategories&post=6317"},{"taxonomy":"post_tag","embeddable":true,"href":"https:\/\/www.milosnicylasu.olsztyn.pl\/index.php?rest_route=%2Fwp%2Fv2%2Ftags&post=6317"}],"curies":[{"name":"wp","href":"https:\/\/api.w.org\/{rel}","templated":true}]}}