{"id":6321,"date":"2021-06-02T09:08:56","date_gmt":"2021-06-02T07:08:56","guid":{"rendered":"https:\/\/www.milosnicylasu.olsztyn.pl\/?p=6321"},"modified":"2021-06-05T06:31:04","modified_gmt":"2021-06-05T04:31:04","slug":"6321","status":"publish","type":"post","link":"https:\/\/www.milosnicylasu.olsztyn.pl\/?p=6321","title":{"rendered":"S\u0105 po\u017cegnania&#8230;&#8230;.."},"content":{"rendered":"<p><strong>\u201e<em>S\u0105 po\u017cegnania, na kt\u00f3re nigdy nie b\u0119dziemy gotowi. S\u0105 osoby na my\u015bl o kt\u00f3rych zawsze zasypie nas lawina wspomnie\u0144\u201d<\/em><\/strong><\/p>\n<p>&nbsp;<\/p>\n<p><strong>Jak dobrze ten cytat oddaje to co czujemy od chwili gdy dotar\u0142a do nas wiadomo\u015b\u0107 o \u015bmierci naszego Kolegi Bogusia Szuta. Trudno uwierzy\u0107, \u017ce zawsze pogodny, u\u015bmiechni\u0119ty, \u017cyczliwy, pracowity Bogu\u015b, nie pow\u0119druje z nami przez las, nie pojedzie zwiedza\u0107 Polsk\u0119, nie pomo\u017ce sadzi\u0107 lasu, nie postrzela\u2026\u2026.<a href=\"https:\/\/www.milosnicylasu.olsztyn.pl\/wp-content\/uploads\/2021\/06\/DSCN2739-www.jpg\" data-rel=\"lightbox-image-0\" data-magnific_type=\"image\" data-rl_title=\"\" data-rl_caption=\"\" title=\"\"><img loading=\"lazy\" decoding=\"async\" class=\"size-medium wp-image-6322 alignleft\" src=\"https:\/\/www.milosnicylasu.olsztyn.pl\/wp-content\/uploads\/2021\/06\/DSCN2739-www-300x225.jpg\" alt=\"\" width=\"300\" height=\"225\" srcset=\"https:\/\/www.milosnicylasu.olsztyn.pl\/wp-content\/uploads\/2021\/06\/DSCN2739-www-300x225.jpg 300w, https:\/\/www.milosnicylasu.olsztyn.pl\/wp-content\/uploads\/2021\/06\/DSCN2739-www-768x576.jpg 768w, https:\/\/www.milosnicylasu.olsztyn.pl\/wp-content\/uploads\/2021\/06\/DSCN2739-www.jpg 1024w\" sizes=\"auto, (max-width: 300px) 100vw, 300px\" \/><\/a><\/strong><\/p>\n<p><strong>Teraz w\u0119druje w innym \u015bwiecie\u2026&#8230;Na zdj\u0119ciu, stoi po \u015brodku, w grupie pan\u00f3w. Wszyscy z jajeczkami, bo by\u0142 to rajd wielkanocny po Gminie Dywity. <\/strong><\/p>\n<p><strong>Bogu\u015b by\u0142 aktywnym cz\u0142onkiem Ko\u0142a Mi\u0142o\u015bnik\u00f3w Lasu i Militari\u00f3w LOK przy Akademii Trzeciego Wieku w Olsztynie od pocz\u0105tku istnienia Ko\u0142a.\u00a0 Przez wszystkie lata udziela\u0142 si\u0119 w Zarz\u0105dzie Ko\u0142a, pe\u0142ni\u0105c m.in. przez dwie kadencje funkcj\u0119 sekretarza Zarz\u0105du. Dobrze strzela\u0142, wielokrotnie otrzymywa\u0142 medale za zdobyte miejsca\u00a0 w zawodach strzeleckich. Posiada\u0142 szeroka wiedz\u0119 historyczn\u0105, kt\u00f3ra procentowa\u0142a w konkursach organizowanych przez Ko\u0142o. Ch\u0119tnie uczestniczy\u0142 we wszystkich imprezach Ko\u0142a, cz\u0119sto towarzyszy\u0142a Mu \u017cona Danusia. Stanowili \u015bwietn\u0105 par\u0119 na parkiecie&#8230;..<\/strong><\/p>\n<p><strong>Bogu\u015b Szut za swoj\u0105 dzia\u0142alno\u015b\u0107 na rzez Ko\u0142a\u00a0 by\u0142 wyr\u00f3\u017cniony br\u0105zowym, srebrnym i z\u0142otym &#8222;Medalem za Zas\u0142ugi dla Ko\u0142a&#8217;, br\u0105zowym, srebrnym medalem\u00a0 &#8222;Za Zas\u0142ugi dla Ligi Obrony Kraju&#8221; oraz br\u0105zowym Krzy\u017cem Zas\u0142ugi dla LOK. <a href=\"https:\/\/www.milosnicylasu.olsztyn.pl\/wp-content\/uploads\/2021\/06\/DSCN4388-www.jpg\" data-rel=\"lightbox-image-1\" data-magnific_type=\"image\" data-rl_title=\"\" data-rl_caption=\"\" title=\"\"><img loading=\"lazy\" decoding=\"async\" class=\"size-medium wp-image-6329 alignright\" src=\"https:\/\/www.milosnicylasu.olsztyn.pl\/wp-content\/uploads\/2021\/06\/DSCN4388-www-225x300.jpg\" alt=\"\" width=\"225\" height=\"300\" srcset=\"https:\/\/www.milosnicylasu.olsztyn.pl\/wp-content\/uploads\/2021\/06\/DSCN4388-www-225x300.jpg 225w, https:\/\/www.milosnicylasu.olsztyn.pl\/wp-content\/uploads\/2021\/06\/DSCN4388-www.jpg 768w\" sizes=\"auto, (max-width: 225px) 100vw, 225px\" \/><\/a> <\/strong><\/p>\n<p><strong>\u00a0Mamy nadziej\u0119, \u017ce cz\u0119\u015b\u0107 z nas b\u0119dzie uczestniczy\u0107 w ostatniej drodze Bogusia. 4.06.2021 roku , o godzinie 13.00 &#8211; Msza \u015aw. w ko\u015bciele\u00a0 p.w Odkupiciela\u00a0 Cz\u0142owieka przy ul.Wyszy\u0144skiego. Nast\u0119pnie ceremonia pochowania urny z prochami w kolumbarium na cmentarzu komunalnym przy ulicy Poprzecznej.<\/strong><\/p>\n<p>&nbsp;<\/p>\n","protected":false},"excerpt":{"rendered":"<p>\u201eS\u0105 po\u017cegnania, na kt\u00f3re nigdy nie b\u0119dziemy gotowi. S\u0105 osoby na my\u015bl o kt\u00f3rych zawsze zasypie nas lawina wspomnie\u0144\u201d &nbsp; Jak dobrze ten cytat oddaje to co czujemy od chwili gdy dotar\u0142a do nas wiadomo\u015b\u0107 o \u015bmierci naszego Kolegi Bogusia Szuta. Trudno uwierzy\u0107, \u017ce zawsze pogodny, u\u015bmiechni\u0119ty, \u017cyczliwy, pracowity Bogu\u015b, nie pow\u0119druje z nami przez [&hellip;]<\/p>\n","protected":false},"author":2,"featured_media":0,"comment_status":"open","ping_status":"open","sticky":false,"template":"","format":"standard","meta":{"footnotes":""},"categories":[1],"tags":[],"class_list":["post-6321","post","type-post","status-publish","format-standard","hentry","category-bez-kategorii"],"_links":{"self":[{"href":"https:\/\/www.milosnicylasu.olsztyn.pl\/index.php?rest_route=\/wp\/v2\/posts\/6321","targetHints":{"allow":["GET"]}}],"collection":[{"href":"https:\/\/www.milosnicylasu.olsztyn.pl\/index.php?rest_route=\/wp\/v2\/posts"}],"about":[{"href":"https:\/\/www.milosnicylasu.olsztyn.pl\/index.php?rest_route=\/wp\/v2\/types\/post"}],"author":[{"embeddable":true,"href":"https:\/\/www.milosnicylasu.olsztyn.pl\/index.php?rest_route=\/wp\/v2\/users\/2"}],"replies":[{"embeddable":true,"href":"https:\/\/www.milosnicylasu.olsztyn.pl\/index.php?rest_route=%2Fwp%2Fv2%2Fcomments&post=6321"}],"version-history":[{"count":4,"href":"https:\/\/www.milosnicylasu.olsztyn.pl\/index.php?rest_route=\/wp\/v2\/posts\/6321\/revisions"}],"predecessor-version":[{"id":6331,"href":"https:\/\/www.milosnicylasu.olsztyn.pl\/index.php?rest_route=\/wp\/v2\/posts\/6321\/revisions\/6331"}],"wp:attachment":[{"href":"https:\/\/www.milosnicylasu.olsztyn.pl\/index.php?rest_route=%2Fwp%2Fv2%2Fmedia&parent=6321"}],"wp:term":[{"taxonomy":"category","embeddable":true,"href":"https:\/\/www.milosnicylasu.olsztyn.pl\/index.php?rest_route=%2Fwp%2Fv2%2Fcategories&post=6321"},{"taxonomy":"post_tag","embeddable":true,"href":"https:\/\/www.milosnicylasu.olsztyn.pl\/index.php?rest_route=%2Fwp%2Fv2%2Ftags&post=6321"}],"curies":[{"name":"wp","href":"https:\/\/api.w.org\/{rel}","templated":true}]}}