{"id":6333,"date":"2021-06-08T10:56:36","date_gmt":"2021-06-08T08:56:36","guid":{"rendered":"https:\/\/www.milosnicylasu.olsztyn.pl\/?p=6333"},"modified":"2021-06-08T10:57:43","modified_gmt":"2021-06-08T08:57:43","slug":"krol-jest-jeden","status":"publish","type":"post","link":"https:\/\/www.milosnicylasu.olsztyn.pl\/?p=6333","title":{"rendered":"Kr\u00f3l jest jeden ?"},"content":{"rendered":"<p><a href=\"https:\/\/www.milosnicylasu.olsztyn.pl\/wp-content\/uploads\/2021\/06\/DSCN7406-www.jpg\" data-rel=\"lightbox-image-0\" data-magnific_type=\"image\" data-rl_title=\"\" data-rl_caption=\"\" title=\"\"><img loading=\"lazy\" decoding=\"async\" class=\"size-medium wp-image-6334 alignleft\" src=\"https:\/\/www.milosnicylasu.olsztyn.pl\/wp-content\/uploads\/2021\/06\/DSCN7406-www-300x225.jpg\" alt=\"\" width=\"300\" height=\"225\" srcset=\"https:\/\/www.milosnicylasu.olsztyn.pl\/wp-content\/uploads\/2021\/06\/DSCN7406-www-300x225.jpg 300w, https:\/\/www.milosnicylasu.olsztyn.pl\/wp-content\/uploads\/2021\/06\/DSCN7406-www-768x576.jpg 768w, https:\/\/www.milosnicylasu.olsztyn.pl\/wp-content\/uploads\/2021\/06\/DSCN7406-www.jpg 1024w\" sizes=\"auto, (max-width: 300px) 100vw, 300px\" \/><\/a><strong>Taka ma\u0142a zmy\u0142ka&#8230; jeszcze jeden kr\u00f3l robi\u0142 zdj\u0119cie, a nast\u0119pny dojecha\u0142 &#8230;. Ale na zdj\u0119ciu wygl\u0105da to imponuj\u0105co. Kr\u00f3l w \u015brodeczku, wok\u00f3\u0142 pi\u0119kne kobiety, pi\u0119kna s\u0142oneczna, wiosenna pogoda&#8230;&#8230; \u017cy\u0107 nie umiera\u0107. I oby tak dalej i oby nas wi\u0119cej przychodzi\u0142o na\u00a0 sobotnie rajdy. P\u00f3ki co spotykamy si\u0119 na p\u0119tli w Kortowie, wypracujemy wsp\u00f3lnie nast\u0119pne trasy. A wi\u0119c do zobaczenia !<\/strong><\/p>\n","protected":false},"excerpt":{"rendered":"<p>Taka ma\u0142a zmy\u0142ka&#8230; jeszcze jeden kr\u00f3l robi\u0142 zdj\u0119cie, a nast\u0119pny dojecha\u0142 &#8230;. Ale na zdj\u0119ciu wygl\u0105da to imponuj\u0105co. Kr\u00f3l w \u015brodeczku, wok\u00f3\u0142 pi\u0119kne kobiety, pi\u0119kna s\u0142oneczna, wiosenna pogoda&#8230;&#8230; \u017cy\u0107 nie umiera\u0107. I oby tak dalej i oby nas wi\u0119cej przychodzi\u0142o na\u00a0 sobotnie rajdy. P\u00f3ki co spotykamy si\u0119 na p\u0119tli w Kortowie, wypracujemy wsp\u00f3lnie nast\u0119pne trasy. [&hellip;]<\/p>\n","protected":false},"author":2,"featured_media":0,"comment_status":"open","ping_status":"open","sticky":false,"template":"","format":"standard","meta":{"footnotes":""},"categories":[1,9,17,2],"tags":[],"class_list":["post-6333","post","type-post","status-publish","format-standard","hentry","category-bez-kategorii","category-ciekawostki","category-edukacja-w-terenie","category-rajdy"],"_links":{"self":[{"href":"https:\/\/www.milosnicylasu.olsztyn.pl\/index.php?rest_route=\/wp\/v2\/posts\/6333","targetHints":{"allow":["GET"]}}],"collection":[{"href":"https:\/\/www.milosnicylasu.olsztyn.pl\/index.php?rest_route=\/wp\/v2\/posts"}],"about":[{"href":"https:\/\/www.milosnicylasu.olsztyn.pl\/index.php?rest_route=\/wp\/v2\/types\/post"}],"author":[{"embeddable":true,"href":"https:\/\/www.milosnicylasu.olsztyn.pl\/index.php?rest_route=\/wp\/v2\/users\/2"}],"replies":[{"embeddable":true,"href":"https:\/\/www.milosnicylasu.olsztyn.pl\/index.php?rest_route=%2Fwp%2Fv2%2Fcomments&post=6333"}],"version-history":[{"count":2,"href":"https:\/\/www.milosnicylasu.olsztyn.pl\/index.php?rest_route=\/wp\/v2\/posts\/6333\/revisions"}],"predecessor-version":[{"id":6336,"href":"https:\/\/www.milosnicylasu.olsztyn.pl\/index.php?rest_route=\/wp\/v2\/posts\/6333\/revisions\/6336"}],"wp:attachment":[{"href":"https:\/\/www.milosnicylasu.olsztyn.pl\/index.php?rest_route=%2Fwp%2Fv2%2Fmedia&parent=6333"}],"wp:term":[{"taxonomy":"category","embeddable":true,"href":"https:\/\/www.milosnicylasu.olsztyn.pl\/index.php?rest_route=%2Fwp%2Fv2%2Fcategories&post=6333"},{"taxonomy":"post_tag","embeddable":true,"href":"https:\/\/www.milosnicylasu.olsztyn.pl\/index.php?rest_route=%2Fwp%2Fv2%2Ftags&post=6333"}],"curies":[{"name":"wp","href":"https:\/\/api.w.org\/{rel}","templated":true}]}}