{"id":6337,"date":"2021-06-13T07:09:42","date_gmt":"2021-06-13T05:09:42","guid":{"rendered":"https:\/\/www.milosnicylasu.olsztyn.pl\/?p=6337"},"modified":"2021-06-13T07:33:06","modified_gmt":"2021-06-13T05:33:06","slug":"chabry","status":"publish","type":"post","link":"https:\/\/www.milosnicylasu.olsztyn.pl\/?p=6337","title":{"rendered":"Chabry z ulicy Jagiello\u0144skiej w Olsztynie&#8230;&#8230;"},"content":{"rendered":"<p><a href=\"https:\/\/www.milosnicylasu.olsztyn.pl\/wp-content\/uploads\/2021\/06\/DSCN7440-www.jpg\" data-rel=\"lightbox-image-0\" data-magnific_type=\"image\" data-rl_title=\"\" data-rl_caption=\"\" title=\"\"><img loading=\"lazy\" decoding=\"async\" class=\"size-medium wp-image-6340 alignleft\" src=\"https:\/\/www.milosnicylasu.olsztyn.pl\/wp-content\/uploads\/2021\/06\/DSCN7440-www-300x225.jpg\" alt=\"\" width=\"300\" height=\"225\" srcset=\"https:\/\/www.milosnicylasu.olsztyn.pl\/wp-content\/uploads\/2021\/06\/DSCN7440-www-300x225.jpg 300w, https:\/\/www.milosnicylasu.olsztyn.pl\/wp-content\/uploads\/2021\/06\/DSCN7440-www-768x576.jpg 768w, https:\/\/www.milosnicylasu.olsztyn.pl\/wp-content\/uploads\/2021\/06\/DSCN7440-www.jpg 1024w\" sizes=\"auto, (max-width: 300px) 100vw, 300px\" \/><\/a><strong>Chcieli\u015bmy Was zaprosi\u0107 na niesamowit\u0105 chabrow\u0105 \u0142\u0105k\u0119 &#8230;., ale nie zd\u0105\u017cyli\u015bmy. Chabry wygl\u0105da\u0142y ka\u017cdego dnia pi\u0119kniej, a\u017c do wczoraj. Przyje\u017cd\u017caj\u0105c, zobaczyli\u015bmy, \u017ce je po prostu przeorano. Zdj\u0119cia nie oddaj\u0105 uroku tych pi\u0119knych kwiat\u00f3w, ale pokazujemy chocia\u017c namiastk\u0119. Wierzymy w Wasz\u0105 nieograniczon\u0105 wyobra\u017ani\u0119.<\/strong><a href=\"https:\/\/www.milosnicylasu.olsztyn.pl\/wp-content\/uploads\/2021\/06\/DSCN7448-www.jpg\" data-rel=\"lightbox-image-1\" data-magnific_type=\"image\" data-rl_title=\"\" data-rl_caption=\"\" title=\"\"><img loading=\"lazy\" decoding=\"async\" class=\"size-medium wp-image-6338 alignleft\" src=\"https:\/\/www.milosnicylasu.olsztyn.pl\/wp-content\/uploads\/2021\/06\/DSCN7448-www-300x225.jpg\" alt=\"\" width=\"300\" height=\"225\" srcset=\"https:\/\/www.milosnicylasu.olsztyn.pl\/wp-content\/uploads\/2021\/06\/DSCN7448-www-300x225.jpg 300w, https:\/\/www.milosnicylasu.olsztyn.pl\/wp-content\/uploads\/2021\/06\/DSCN7448-www-768x576.jpg 768w, https:\/\/www.milosnicylasu.olsztyn.pl\/wp-content\/uploads\/2021\/06\/DSCN7448-www.jpg 1024w\" sizes=\"auto, (max-width: 300px) 100vw, 300px\" \/><\/a><\/p>\n<p>&nbsp;<\/p>\n<p>&nbsp;<\/p>\n<p><a href=\"https:\/\/www.milosnicylasu.olsztyn.pl\/wp-content\/uploads\/2021\/06\/DSCN7452-www.jpg\" data-rel=\"lightbox-image-2\" data-magnific_type=\"image\" data-rl_title=\"\" data-rl_caption=\"\" title=\"\"><img loading=\"lazy\" decoding=\"async\" class=\"size-medium wp-image-6339 alignright\" src=\"https:\/\/www.milosnicylasu.olsztyn.pl\/wp-content\/uploads\/2021\/06\/DSCN7452-www-300x225.jpg\" alt=\"\" width=\"300\" height=\"225\" srcset=\"https:\/\/www.milosnicylasu.olsztyn.pl\/wp-content\/uploads\/2021\/06\/DSCN7452-www-300x225.jpg 300w, https:\/\/www.milosnicylasu.olsztyn.pl\/wp-content\/uploads\/2021\/06\/DSCN7452-www-768x576.jpg 768w, https:\/\/www.milosnicylasu.olsztyn.pl\/wp-content\/uploads\/2021\/06\/DSCN7452-www.jpg 1024w\" sizes=\"auto, (max-width: 300px) 100vw, 300px\" \/><\/a><\/p>\n<p>&nbsp;<\/p>\n<p>&nbsp;<\/p>\n<p><strong>Przypomina si\u0119 Festiwal Piosenki \u017bo\u0142nierskiej w Ko\u0142obrzegu i\u00a0 &#8222;Chabry z poligonu&#8221; . Ten pi\u0119kny utw\u00f3r nuci\u0142a ca\u0142a Polska. S\u0142owa W\u0142odzimierz \u015acis\u0142owski, muzyka Jan Czeka\u0142a, podczas festiwalu za\u015bpiewa\u0142 Jerzy Rynkiewicz. A mo\u017ce po\u015bpiewamy? Przypominam s\u0142owa:<\/strong><\/p>\n<div class=\"ujudUb\"><strong>Jad\u0119 do ciebie dziewczyno<\/strong><br \/>\n<strong>Szybciej niech p\u0142ynie ju\u017c czas<\/strong><br \/>\n<strong>Jad\u0119 do ciebie r\u00f3wnin\u0105<\/strong><br \/>\n<strong>Jad\u0119 do ciebie przez las<\/strong><br \/>\n<strong>Jad\u0119 do ciebie z daleka<\/strong><br \/>\n<strong>Tyle min\u0119\u0142o ju\u017c dni<\/strong><br \/>\n<strong>Odk\u0105d na chwil\u0119 t\u0119 czekam<\/strong><br \/>\n<strong>I w darze przynosz\u0119 ci<\/strong><\/div>\n<div class=\"ujudUb\"><strong>Chabry z poligonu chabry z poligonu<\/strong><br \/>\n<strong>Gdzie \u017co\u0142nierski trud<\/strong><br \/>\n<strong>Chabry z poligonu nios\u0119 ci do domu<\/strong><br \/>\n<strong>Bo w nich szcz\u0119\u015bcia \u0142ut<\/strong><br \/>\n<strong>Chabry z poligonu tobie dzi\u015b przywo\u017c\u0119<\/strong><br \/>\n<strong>I aromat zi\u00f3\u0142<\/strong><br \/>\n<strong>Chabry polne kwiaty kwitn\u0105 o tej porze<\/strong><br \/>\n<strong>Niech ozdobi\u0105 st\u00f3\u0142<\/strong><br \/>\n<strong>Chabry z poligonu wioz\u0119 ci do domu<\/strong><br \/>\n<strong>Ten od serca dar<\/strong><br \/>\n<strong>Chabry z poligonu chabry z poligonu<\/strong><br \/>\n<strong>M\u00f3j \u017co\u0142nierski skarb<\/strong><\/div>\n<div class=\"ujudUb\"><strong>Jedziesz tu do mnie dziewczyno<\/strong><br \/>\n<strong>Szybciej niech p\u0142ynie ju\u017c czas<\/strong><br \/>\n<strong>Jedziesz tu do mnie r\u00f3wnin\u0105<\/strong><br \/>\n<strong>Jedziesz tu do mnie przez las<\/strong><br \/>\n<strong>Jedziesz nareszcie z daleka<\/strong><br \/>\n<strong>Tyle min\u0119\u0142o ju\u017c dni<\/strong><br \/>\n<strong>Odk\u0105d na przyjazd tw\u00f3j czekam<\/strong><br \/>\n<strong>Ale zobaczysz ju\u017c dzi\u015b<\/strong><\/div>\n<div class=\"ujudUb WRZytc\"><strong>Chabry z poligonu \u015bwie\u017ce i s\u0142oneczne<\/strong><br \/>\n<strong>Podarunek p\u00f3l<\/strong><br \/>\n<strong>Chabry z poligonu je ze sob\u0105 we\u017amiesz<\/strong><br \/>\n<strong>Gdy przyjedziesz tu<\/strong><br \/>\n<strong>Nim ze sob\u0105 we\u017amiesz barw\u0119 ich b\u0142\u0119kitn\u0105<\/strong><br \/>\n<strong>Nie uronisz nic<\/strong><br \/>\n<strong>Chabry z poligonu cho\u0107 ju\u017c dzi\u015b przekwitn\u0105<\/strong><br \/>\n<strong>B\u0119d\u0105 w tobie \u017cy\u0107<\/strong><br \/>\n<strong>Chabry z poligonu ca\u0142e ich bukiety<\/strong><br \/>\n<strong>Jak niebieska mg\u0142a<\/strong><br \/>\n<strong>Chabry z poligonu niebieskie berety<\/strong><br \/>\n<strong>A w\u015br\u00f3d nich i ja<\/strong><\/div>\n<p>&nbsp;<\/p>\n","protected":false},"excerpt":{"rendered":"<p>Chcieli\u015bmy Was zaprosi\u0107 na niesamowit\u0105 chabrow\u0105 \u0142\u0105k\u0119 &#8230;., ale nie zd\u0105\u017cyli\u015bmy. Chabry wygl\u0105da\u0142y ka\u017cdego dnia pi\u0119kniej, a\u017c do wczoraj. Przyje\u017cd\u017caj\u0105c, zobaczyli\u015bmy, \u017ce je po prostu przeorano. Zdj\u0119cia nie oddaj\u0105 uroku tych pi\u0119knych kwiat\u00f3w, ale pokazujemy chocia\u017c namiastk\u0119. Wierzymy w Wasz\u0105 nieograniczon\u0105 wyobra\u017ani\u0119. &nbsp; &nbsp; &nbsp; &nbsp; Przypomina si\u0119 Festiwal Piosenki \u017bo\u0142nierskiej w Ko\u0142obrzegu i\u00a0 &#8222;Chabry [&hellip;]<\/p>\n","protected":false},"author":2,"featured_media":0,"comment_status":"open","ping_status":"open","sticky":false,"template":"","format":"standard","meta":{"footnotes":""},"categories":[1,9,17],"tags":[],"class_list":["post-6337","post","type-post","status-publish","format-standard","hentry","category-bez-kategorii","category-ciekawostki","category-edukacja-w-terenie"],"_links":{"self":[{"href":"https:\/\/www.milosnicylasu.olsztyn.pl\/index.php?rest_route=\/wp\/v2\/posts\/6337","targetHints":{"allow":["GET"]}}],"collection":[{"href":"https:\/\/www.milosnicylasu.olsztyn.pl\/index.php?rest_route=\/wp\/v2\/posts"}],"about":[{"href":"https:\/\/www.milosnicylasu.olsztyn.pl\/index.php?rest_route=\/wp\/v2\/types\/post"}],"author":[{"embeddable":true,"href":"https:\/\/www.milosnicylasu.olsztyn.pl\/index.php?rest_route=\/wp\/v2\/users\/2"}],"replies":[{"embeddable":true,"href":"https:\/\/www.milosnicylasu.olsztyn.pl\/index.php?rest_route=%2Fwp%2Fv2%2Fcomments&post=6337"}],"version-history":[{"count":5,"href":"https:\/\/www.milosnicylasu.olsztyn.pl\/index.php?rest_route=\/wp\/v2\/posts\/6337\/revisions"}],"predecessor-version":[{"id":6345,"href":"https:\/\/www.milosnicylasu.olsztyn.pl\/index.php?rest_route=\/wp\/v2\/posts\/6337\/revisions\/6345"}],"wp:attachment":[{"href":"https:\/\/www.milosnicylasu.olsztyn.pl\/index.php?rest_route=%2Fwp%2Fv2%2Fmedia&parent=6337"}],"wp:term":[{"taxonomy":"category","embeddable":true,"href":"https:\/\/www.milosnicylasu.olsztyn.pl\/index.php?rest_route=%2Fwp%2Fv2%2Fcategories&post=6337"},{"taxonomy":"post_tag","embeddable":true,"href":"https:\/\/www.milosnicylasu.olsztyn.pl\/index.php?rest_route=%2Fwp%2Fv2%2Ftags&post=6337"}],"curies":[{"name":"wp","href":"https:\/\/api.w.org\/{rel}","templated":true}]}}