{"id":6363,"date":"2021-07-04T21:45:07","date_gmt":"2021-07-04T19:45:07","guid":{"rendered":"https:\/\/www.milosnicylasu.olsztyn.pl\/?p=6363"},"modified":"2021-08-02T16:37:44","modified_gmt":"2021-08-02T14:37:44","slug":"teznie-coraz-blizej","status":"publish","type":"post","link":"https:\/\/www.milosnicylasu.olsztyn.pl\/?p=6363","title":{"rendered":"T\u0119\u017cnie coraz bli\u017cej&#8230;&#8230;"},"content":{"rendered":"<p><a href=\"https:\/\/www.milosnicylasu.olsztyn.pl\/wp-content\/uploads\/2021\/07\/P7040023-www.jpg\" data-rel=\"lightbox-image-0\" data-magnific_type=\"image\" data-rl_title=\"\" data-rl_caption=\"\" title=\"\"><img loading=\"lazy\" decoding=\"async\" class=\"size-medium wp-image-6364 alignleft\" src=\"https:\/\/www.milosnicylasu.olsztyn.pl\/wp-content\/uploads\/2021\/07\/P7040023-www-300x225.jpg\" alt=\"\" width=\"300\" height=\"225\" srcset=\"https:\/\/www.milosnicylasu.olsztyn.pl\/wp-content\/uploads\/2021\/07\/P7040023-www-300x225.jpg 300w, https:\/\/www.milosnicylasu.olsztyn.pl\/wp-content\/uploads\/2021\/07\/P7040023-www-768x576.jpg 768w, https:\/\/www.milosnicylasu.olsztyn.pl\/wp-content\/uploads\/2021\/07\/P7040023-www.jpg 1024w\" sizes=\"auto, (max-width: 300px) 100vw, 300px\" \/><\/a><\/p>\n<p><strong>T\u0119\u017cnie coraz bli\u017cej Olsztyna. W ubieg\u0142ym tygodniu, w Lidzbarku Warmi\u0144skim, oddano do u\u017cytku t\u0119\u017cnie solankowe. Nowe t\u0119\u017cnie maj\u0105 sze\u015b\u0107 metr\u00f3w wysoko\u015bci i oko\u0142o stu metr\u00f3w d\u0142ugo\u015bci. W ich g\u00f3rnej cz\u0119\u015bci znajduje si\u0119 taras widokowy. Drewniana konstrukcja nawi\u0105zuje kszta\u0142tem do \u015blimaka b\u0119d\u0105cego logo mi\u0119dzynarodowej sieci miast Cittaslow, do kt\u00f3rej nale\u017cy Lidzbark Warmi\u0144ski.<\/strong><\/p>\n<p><strong><a href=\"https:\/\/www.milosnicylasu.olsztyn.pl\/wp-content\/uploads\/2021\/07\/DSCN7571-www.jpg\" data-rel=\"lightbox-image-1\" data-magnific_type=\"image\" data-rl_title=\"\" data-rl_caption=\"\" title=\"\"><img loading=\"lazy\" decoding=\"async\" class=\"size-medium wp-image-6365 alignright\" src=\"https:\/\/www.milosnicylasu.olsztyn.pl\/wp-content\/uploads\/2021\/07\/DSCN7571-www-300x225.jpg\" alt=\"\" width=\"300\" height=\"225\" srcset=\"https:\/\/www.milosnicylasu.olsztyn.pl\/wp-content\/uploads\/2021\/07\/DSCN7571-www-300x225.jpg 300w, https:\/\/www.milosnicylasu.olsztyn.pl\/wp-content\/uploads\/2021\/07\/DSCN7571-www-768x576.jpg 768w, https:\/\/www.milosnicylasu.olsztyn.pl\/wp-content\/uploads\/2021\/07\/DSCN7571-www.jpg 1024w\" sizes=\"auto, (max-width: 300px) 100vw, 300px\" \/><\/a>Zbudowano r\u00f3wnie\u017c m.in. drog\u0119 dojazdow\u0105 z parkingiem, promenad\u0119 i plac zabaw, a tak\u017ce uzbrojono tereny pod przysz\u0142\u0105 zabudow\u0119 lecznicz\u0105, us\u0142ugow\u0105 i turystyczn\u0105. Ca\u0142kowity koszt zako\u0144czonej w czwartek inwestycji to oko\u0142o 17 mln z\u0142, z czego wi\u0119kszo\u015b\u0107 stanowi dofinansowanie z RPO Warmia i Mazury.<\/strong><\/p>\n<p><strong>T\u0119\u017cnie s\u0105 wa\u017cnym\u00a0 elementem\u00a0 infrastruktury uzdrowiskowej i d\u0105\u017cenia\u00a0 Lidzbarka Warmi\u0144skiego do uzyskania statusu uzdrowiska. To sprawa przysz\u0142o\u015bci.<a href=\"https:\/\/www.milosnicylasu.olsztyn.pl\/wp-content\/uploads\/2021\/07\/DSCN7568-www.jpg\" data-rel=\"lightbox-image-2\" data-magnific_type=\"image\" data-rl_title=\"\" data-rl_caption=\"\" title=\"\"><img loading=\"lazy\" decoding=\"async\" class=\"size-medium wp-image-6374 alignleft\" src=\"https:\/\/www.milosnicylasu.olsztyn.pl\/wp-content\/uploads\/2021\/07\/DSCN7568-www-300x225.jpg\" alt=\"\" width=\"300\" height=\"225\" srcset=\"https:\/\/www.milosnicylasu.olsztyn.pl\/wp-content\/uploads\/2021\/07\/DSCN7568-www-300x225.jpg 300w, https:\/\/www.milosnicylasu.olsztyn.pl\/wp-content\/uploads\/2021\/07\/DSCN7568-www-768x576.jpg 768w, https:\/\/www.milosnicylasu.olsztyn.pl\/wp-content\/uploads\/2021\/07\/DSCN7568-www.jpg 1024w\" sizes=\"auto, (max-width: 300px) 100vw, 300px\" \/><\/a><\/strong><\/p>\n<p><strong>Ale ju\u017c teraz&#8230;&#8230;..osoby odwiedzaj\u0105ce to miasto\u00a0 mog\u0105 skorzysta\u0107 z inhalacji, a dodatkowe atrakcje s\u0142u\u017c\u0105ce rekreacji powsta\u0142y z my\u015bl\u0105 o zapewnieniu dobrych warunk\u00f3w pobytu wielopokoleniowym rodzinom.<a href=\"https:\/\/www.milosnicylasu.olsztyn.pl\/wp-content\/uploads\/2021\/07\/DSCN7572-www.jpg\" data-rel=\"lightbox-image-3\" data-magnific_type=\"image\" data-rl_title=\"\" data-rl_caption=\"\" title=\"\"><img loading=\"lazy\" decoding=\"async\" class=\"size-medium wp-image-6366 aligncenter\" src=\"https:\/\/www.milosnicylasu.olsztyn.pl\/wp-content\/uploads\/2021\/07\/DSCN7572-www-300x225.jpg\" alt=\"\" width=\"300\" height=\"225\" srcset=\"https:\/\/www.milosnicylasu.olsztyn.pl\/wp-content\/uploads\/2021\/07\/DSCN7572-www-300x225.jpg 300w, https:\/\/www.milosnicylasu.olsztyn.pl\/wp-content\/uploads\/2021\/07\/DSCN7572-www-768x576.jpg 768w, https:\/\/www.milosnicylasu.olsztyn.pl\/wp-content\/uploads\/2021\/07\/DSCN7572-www.jpg 1024w\" sizes=\"auto, (max-width: 300px) 100vw, 300px\" \/><\/a><\/strong><\/p>\n<p><strong><a href=\"https:\/\/www.milosnicylasu.olsztyn.pl\/wp-content\/uploads\/2021\/07\/P7040040-www.jpg\" data-rel=\"lightbox-image-4\" data-magnific_type=\"image\" data-rl_title=\"\" data-rl_caption=\"\" title=\"\"><img loading=\"lazy\" decoding=\"async\" class=\"size-medium wp-image-6368 alignleft\" src=\"https:\/\/www.milosnicylasu.olsztyn.pl\/wp-content\/uploads\/2021\/07\/P7040040-www-300x225.jpg\" alt=\"\" width=\"300\" height=\"225\" srcset=\"https:\/\/www.milosnicylasu.olsztyn.pl\/wp-content\/uploads\/2021\/07\/P7040040-www-300x225.jpg 300w, https:\/\/www.milosnicylasu.olsztyn.pl\/wp-content\/uploads\/2021\/07\/P7040040-www-768x576.jpg 768w, https:\/\/www.milosnicylasu.olsztyn.pl\/wp-content\/uploads\/2021\/07\/P7040040-www.jpg 1024w\" sizes=\"auto, (max-width: 300px) 100vw, 300px\" \/><\/a><\/strong><strong>A \u017ce pojecha\u0107 tam warto,\u00a0 przekona\u0142a si\u0119 o tym, w niedziel\u0119 4 lipca kilku cz\u0142onk\u00f3w Ko\u0142a Mi\u0142o\u015bnik\u00f3w Lasu i Militari\u00f3w LOK z Olsztyna. Pi\u0119kna pogoda, wspania\u0142e solankowe powietrze, du\u017co miejsc siedz\u0105cych wzd\u0142u\u017c t\u0119\u017cni, pi\u0119kne widoki z taras\u00f3w nad t\u0119\u017cniami, parking &#8230;. i to wszystko za darmo ! No nie zupe\u0142nie bo do\u00a0 &#8222;raju&#8221; trzeba dojecha\u0107, tak ok.50 km.<\/strong><\/p>\n<p><strong><a href=\"https:\/\/www.milosnicylasu.olsztyn.pl\/wp-content\/uploads\/2021\/07\/P7040031-www.jpg\" data-rel=\"lightbox-image-5\" data-magnific_type=\"image\" data-rl_title=\"\" data-rl_caption=\"\" title=\"\"><img loading=\"lazy\" decoding=\"async\" class=\"size-medium wp-image-6367 alignright\" src=\"https:\/\/www.milosnicylasu.olsztyn.pl\/wp-content\/uploads\/2021\/07\/P7040031-www-300x225.jpg\" alt=\"\" width=\"300\" height=\"225\" srcset=\"https:\/\/www.milosnicylasu.olsztyn.pl\/wp-content\/uploads\/2021\/07\/P7040031-www-300x225.jpg 300w, https:\/\/www.milosnicylasu.olsztyn.pl\/wp-content\/uploads\/2021\/07\/P7040031-www-768x576.jpg 768w, https:\/\/www.milosnicylasu.olsztyn.pl\/wp-content\/uploads\/2021\/07\/P7040031-www.jpg 1024w\" sizes=\"auto, (max-width: 300px) 100vw, 300px\" \/><\/a><\/strong><\/p>\n<p>&nbsp;<\/p>\n","protected":false},"excerpt":{"rendered":"<p>T\u0119\u017cnie coraz bli\u017cej Olsztyna. W ubieg\u0142ym tygodniu, w Lidzbarku Warmi\u0144skim, oddano do u\u017cytku t\u0119\u017cnie solankowe. Nowe t\u0119\u017cnie maj\u0105 sze\u015b\u0107 metr\u00f3w wysoko\u015bci i oko\u0142o stu metr\u00f3w d\u0142ugo\u015bci. W ich g\u00f3rnej cz\u0119\u015bci znajduje si\u0119 taras widokowy. Drewniana konstrukcja nawi\u0105zuje kszta\u0142tem do \u015blimaka b\u0119d\u0105cego logo mi\u0119dzynarodowej sieci miast Cittaslow, do kt\u00f3rej nale\u017cy Lidzbark Warmi\u0144ski. Zbudowano r\u00f3wnie\u017c m.in. drog\u0119 [&hellip;]<\/p>\n","protected":false},"author":2,"featured_media":0,"comment_status":"open","ping_status":"open","sticky":false,"template":"","format":"standard","meta":{"footnotes":""},"categories":[1,9,17],"tags":[],"class_list":["post-6363","post","type-post","status-publish","format-standard","hentry","category-bez-kategorii","category-ciekawostki","category-edukacja-w-terenie"],"_links":{"self":[{"href":"https:\/\/www.milosnicylasu.olsztyn.pl\/index.php?rest_route=\/wp\/v2\/posts\/6363","targetHints":{"allow":["GET"]}}],"collection":[{"href":"https:\/\/www.milosnicylasu.olsztyn.pl\/index.php?rest_route=\/wp\/v2\/posts"}],"about":[{"href":"https:\/\/www.milosnicylasu.olsztyn.pl\/index.php?rest_route=\/wp\/v2\/types\/post"}],"author":[{"embeddable":true,"href":"https:\/\/www.milosnicylasu.olsztyn.pl\/index.php?rest_route=\/wp\/v2\/users\/2"}],"replies":[{"embeddable":true,"href":"https:\/\/www.milosnicylasu.olsztyn.pl\/index.php?rest_route=%2Fwp%2Fv2%2Fcomments&post=6363"}],"version-history":[{"count":7,"href":"https:\/\/www.milosnicylasu.olsztyn.pl\/index.php?rest_route=\/wp\/v2\/posts\/6363\/revisions"}],"predecessor-version":[{"id":6458,"href":"https:\/\/www.milosnicylasu.olsztyn.pl\/index.php?rest_route=\/wp\/v2\/posts\/6363\/revisions\/6458"}],"wp:attachment":[{"href":"https:\/\/www.milosnicylasu.olsztyn.pl\/index.php?rest_route=%2Fwp%2Fv2%2Fmedia&parent=6363"}],"wp:term":[{"taxonomy":"category","embeddable":true,"href":"https:\/\/www.milosnicylasu.olsztyn.pl\/index.php?rest_route=%2Fwp%2Fv2%2Fcategories&post=6363"},{"taxonomy":"post_tag","embeddable":true,"href":"https:\/\/www.milosnicylasu.olsztyn.pl\/index.php?rest_route=%2Fwp%2Fv2%2Ftags&post=6363"}],"curies":[{"name":"wp","href":"https:\/\/api.w.org\/{rel}","templated":true}]}}