{"id":6377,"date":"2021-07-07T11:57:30","date_gmt":"2021-07-07T09:57:30","guid":{"rendered":"https:\/\/www.milosnicylasu.olsztyn.pl\/?p=6377"},"modified":"2021-07-07T11:59:32","modified_gmt":"2021-07-07T09:59:32","slug":"lesnicy-odznaczeni-za-pomoc-w-realizacji-planowych-zadan-kola","status":"publish","type":"post","link":"https:\/\/www.milosnicylasu.olsztyn.pl\/?p=6377","title":{"rendered":"Le\u015bnicy odznaczeni za pomoc w realizacji planowych zada\u0144 Ko\u0142a"},"content":{"rendered":"<p><a href=\"https:\/\/www.milosnicylasu.olsztyn.pl\/wp-content\/uploads\/2021\/07\/20210706_092304-www.jpg\" data-rel=\"lightbox-image-0\" data-magnific_type=\"image\" data-rl_title=\"\" data-rl_caption=\"\" title=\"\"><img loading=\"lazy\" decoding=\"async\" class=\"size-medium wp-image-6378 alignleft\" src=\"https:\/\/www.milosnicylasu.olsztyn.pl\/wp-content\/uploads\/2021\/07\/20210706_092304-www-300x225.jpg\" alt=\"\" width=\"300\" height=\"225\" srcset=\"https:\/\/www.milosnicylasu.olsztyn.pl\/wp-content\/uploads\/2021\/07\/20210706_092304-www-300x225.jpg 300w, https:\/\/www.milosnicylasu.olsztyn.pl\/wp-content\/uploads\/2021\/07\/20210706_092304-www-768x576.jpg 768w, https:\/\/www.milosnicylasu.olsztyn.pl\/wp-content\/uploads\/2021\/07\/20210706_092304-www.jpg 1024w\" sizes=\"auto, (max-width: 300px) 100vw, 300px\" \/><\/a><strong>W dniu 06.07.2021 roku,\u00a0 w Regionalnej Dyrekcji Las\u00f3w Pa\u0144stwowych w Olsztynie, odby\u0142a si\u0119 roczna narada po\u015bwi\u0119cona zagadnieniom ochrony mienia i zwalczania szkodnictwa le\u015bnego. Po\u015br\u00f3d pracownik\u00f3w Stra\u017cy Le\u015bnej oraz zaproszonych przedstawicieli Policji, Pa\u0144stwowej Stra\u017cy \u0141owieckiej i Pa\u0144stwowej Stra\u017cy Rybackiej nie zabrak\u0142o r\u00f3wnie\u017c Pana Anatola Leszczy\u0144skiego Prezesa Ko\u0142o Mi\u0142o\u015bnik\u00f3w Lasu i Militari\u00f3w Ligi Obrony Kraju przy ATW w Olsztynie, kt\u00f3ry w obecno\u015bci Pana Wojciecha Matuszaka Zast\u0119pcy Dyrektora ds. Gospodarki Le\u015bnej oraz go\u015bci wr\u0119czy\u0142 honorowe odznaczenia dla cz\u0142onk\u00f3w Ko\u0142a, b\u0119d\u0105cych funkcjonariuszami Stra\u017cy Le\u015bnej. W dniu 5 lipca bie\u017c\u0105cego roku formacja ta obchodzi\u0142a 75 lecie powo\u0142ania Stra\u017cy Le\u015bnej w Polsce. <a href=\"https:\/\/www.milosnicylasu.olsztyn.pl\/wp-content\/uploads\/2021\/07\/IMG-20210706-WA0009-www.jpg\" data-rel=\"lightbox-image-1\" data-magnific_type=\"image\" data-rl_title=\"\" data-rl_caption=\"\" title=\"\"><img loading=\"lazy\" decoding=\"async\" class=\"size-medium wp-image-6379 alignright\" src=\"https:\/\/www.milosnicylasu.olsztyn.pl\/wp-content\/uploads\/2021\/07\/IMG-20210706-WA0009-www-300x169.jpg\" alt=\"\" width=\"300\" height=\"169\" srcset=\"https:\/\/www.milosnicylasu.olsztyn.pl\/wp-content\/uploads\/2021\/07\/IMG-20210706-WA0009-www-300x169.jpg 300w, https:\/\/www.milosnicylasu.olsztyn.pl\/wp-content\/uploads\/2021\/07\/IMG-20210706-WA0009-www-768x432.jpg 768w, https:\/\/www.milosnicylasu.olsztyn.pl\/wp-content\/uploads\/2021\/07\/IMG-20210706-WA0009-www-730x410.jpg 730w, https:\/\/www.milosnicylasu.olsztyn.pl\/wp-content\/uploads\/2021\/07\/IMG-20210706-WA0009-www.jpg 1024w\" sizes=\"auto, (max-width: 300px) 100vw, 300px\" \/><\/a><\/strong><\/p>\n<p><strong>Zarz\u0105d Ko\u0142a wyr\u00f3\u017cni\u0142 za dzia\u0142alno\u015b\u0107 spo\u0142eczn\u0105 i wsparcie podczas realizacji planowych spotka\u0144 na wyjazdowych edukacjach przyrodniczo- le\u015bnych nast\u0119puj\u0105c osoby:<\/strong><\/p>\n<ol>\n<li><strong>Janusz \u015ali\u017cewski z Nadle\u015bnictwa I\u0142awa<\/strong><\/li>\n<li><strong>Stanis\u0142aw Szulc z Nadle\u015bnictwa Parciaki<\/strong><\/li>\n<li><strong>Wies\u0142aw Chmielewski z Nadle\u015bnictwa Wielbark<\/strong><\/li>\n<li><strong>Ireneusz P\u0142oski z Nadle\u015bnictwa Zaporowo<\/strong><\/li>\n<li><strong>Artur Kuczy\u0144ski z Nadle\u015bnictwa Srokowo<\/strong><\/li>\n<li><strong>Dariusz Sobotka z Nadle\u015bnictwa Przasnysz<\/strong><\/li>\n<\/ol>\n<p><strong>Gratulujemy wyr\u00f3\u017cnionym osobom\u00a0 i dzi\u0119kujemy za dotychczasow\u0105 wsp\u00f3\u0142prac\u0119.<a href=\"https:\/\/www.milosnicylasu.olsztyn.pl\/wp-content\/uploads\/2021\/07\/20210706_092226-www.jpg\" data-rel=\"lightbox-image-2\" data-magnific_type=\"image\" data-rl_title=\"\" data-rl_caption=\"\" title=\"\"><img loading=\"lazy\" decoding=\"async\" class=\"size-medium wp-image-6380 alignleft\" src=\"https:\/\/www.milosnicylasu.olsztyn.pl\/wp-content\/uploads\/2021\/07\/20210706_092226-www-300x225.jpg\" alt=\"\" width=\"300\" height=\"225\" srcset=\"https:\/\/www.milosnicylasu.olsztyn.pl\/wp-content\/uploads\/2021\/07\/20210706_092226-www-300x225.jpg 300w, https:\/\/www.milosnicylasu.olsztyn.pl\/wp-content\/uploads\/2021\/07\/20210706_092226-www-768x576.jpg 768w, https:\/\/www.milosnicylasu.olsztyn.pl\/wp-content\/uploads\/2021\/07\/20210706_092226-www.jpg 1024w\" sizes=\"auto, (max-width: 300px) 100vw, 300px\" \/><\/a><a href=\"https:\/\/www.milosnicylasu.olsztyn.pl\/wp-content\/uploads\/2021\/07\/20210706_120410-www.jpg\" data-rel=\"lightbox-image-3\" data-magnific_type=\"image\" data-rl_title=\"\" data-rl_caption=\"\" title=\"\"><img loading=\"lazy\" decoding=\"async\" class=\"size-medium wp-image-6381 alignright\" src=\"https:\/\/www.milosnicylasu.olsztyn.pl\/wp-content\/uploads\/2021\/07\/20210706_120410-www-225x300.jpg\" alt=\"\" width=\"225\" height=\"300\" srcset=\"https:\/\/www.milosnicylasu.olsztyn.pl\/wp-content\/uploads\/2021\/07\/20210706_120410-www-225x300.jpg 225w, https:\/\/www.milosnicylasu.olsztyn.pl\/wp-content\/uploads\/2021\/07\/20210706_120410-www.jpg 768w\" sizes=\"auto, (max-width: 225px) 100vw, 225px\" \/><\/a><\/strong><\/p>\n<p><strong>Zdj\u0119cia i tekst Adam Siemakowicz<\/strong><\/p>\n<p>&nbsp;<\/p>\n","protected":false},"excerpt":{"rendered":"<p>W dniu 06.07.2021 roku,\u00a0 w Regionalnej Dyrekcji Las\u00f3w Pa\u0144stwowych w Olsztynie, odby\u0142a si\u0119 roczna narada po\u015bwi\u0119cona zagadnieniom ochrony mienia i zwalczania szkodnictwa le\u015bnego. Po\u015br\u00f3d pracownik\u00f3w Stra\u017cy Le\u015bnej oraz zaproszonych przedstawicieli Policji, Pa\u0144stwowej Stra\u017cy \u0141owieckiej i Pa\u0144stwowej Stra\u017cy Rybackiej nie zabrak\u0142o r\u00f3wnie\u017c Pana Anatola Leszczy\u0144skiego Prezesa Ko\u0142o Mi\u0142o\u015bnik\u00f3w Lasu i Militari\u00f3w Ligi Obrony Kraju przy ATW [&hellip;]<\/p>\n","protected":false},"author":2,"featured_media":0,"comment_status":"open","ping_status":"open","sticky":false,"template":"","format":"standard","meta":{"footnotes":""},"categories":[1,17],"tags":[],"class_list":["post-6377","post","type-post","status-publish","format-standard","hentry","category-bez-kategorii","category-edukacja-w-terenie"],"_links":{"self":[{"href":"https:\/\/www.milosnicylasu.olsztyn.pl\/index.php?rest_route=\/wp\/v2\/posts\/6377","targetHints":{"allow":["GET"]}}],"collection":[{"href":"https:\/\/www.milosnicylasu.olsztyn.pl\/index.php?rest_route=\/wp\/v2\/posts"}],"about":[{"href":"https:\/\/www.milosnicylasu.olsztyn.pl\/index.php?rest_route=\/wp\/v2\/types\/post"}],"author":[{"embeddable":true,"href":"https:\/\/www.milosnicylasu.olsztyn.pl\/index.php?rest_route=\/wp\/v2\/users\/2"}],"replies":[{"embeddable":true,"href":"https:\/\/www.milosnicylasu.olsztyn.pl\/index.php?rest_route=%2Fwp%2Fv2%2Fcomments&post=6377"}],"version-history":[{"count":3,"href":"https:\/\/www.milosnicylasu.olsztyn.pl\/index.php?rest_route=\/wp\/v2\/posts\/6377\/revisions"}],"predecessor-version":[{"id":6384,"href":"https:\/\/www.milosnicylasu.olsztyn.pl\/index.php?rest_route=\/wp\/v2\/posts\/6377\/revisions\/6384"}],"wp:attachment":[{"href":"https:\/\/www.milosnicylasu.olsztyn.pl\/index.php?rest_route=%2Fwp%2Fv2%2Fmedia&parent=6377"}],"wp:term":[{"taxonomy":"category","embeddable":true,"href":"https:\/\/www.milosnicylasu.olsztyn.pl\/index.php?rest_route=%2Fwp%2Fv2%2Fcategories&post=6377"},{"taxonomy":"post_tag","embeddable":true,"href":"https:\/\/www.milosnicylasu.olsztyn.pl\/index.php?rest_route=%2Fwp%2Fv2%2Ftags&post=6377"}],"curies":[{"name":"wp","href":"https:\/\/api.w.org\/{rel}","templated":true}]}}