{"id":638,"date":"2013-10-21T11:39:20","date_gmt":"2013-10-21T09:39:20","guid":{"rendered":"http:\/\/www.milosnicylasu.olsztyn.pl\/?p=638"},"modified":"2013-10-21T11:55:11","modified_gmt":"2013-10-21T09:55:11","slug":"jesienny-rajd-19-10-2013","status":"publish","type":"post","link":"https:\/\/www.milosnicylasu.olsztyn.pl\/?p=638","title":{"rendered":"Jesienny rajd 19.10.2013"},"content":{"rendered":"<p><a href=\"http:\/\/www.milosnicylasu.olsztyn.pl\/wp-content\/uploads\/2013\/10\/PA190005-www.jpg\" data-rel=\"lightbox-image-0\" data-magnific_type=\"image\" data-rl_title=\"\" data-rl_caption=\"\" title=\"\"><img loading=\"lazy\" decoding=\"async\" class=\"alignleft size-medium wp-image-639\" alt=\"PA190005-www\" src=\"http:\/\/www.milosnicylasu.olsztyn.pl\/wp-content\/uploads\/2013\/10\/PA190005-www-300x225.jpg\" width=\"300\" height=\"225\" srcset=\"https:\/\/www.milosnicylasu.olsztyn.pl\/wp-content\/uploads\/2013\/10\/PA190005-www-300x225.jpg 300w, https:\/\/www.milosnicylasu.olsztyn.pl\/wp-content\/uploads\/2013\/10\/PA190005-www-400x300.jpg 400w, https:\/\/www.milosnicylasu.olsztyn.pl\/wp-content\/uploads\/2013\/10\/PA190005-www.jpg 1024w\" sizes=\"auto, (max-width: 300px) 100vw, 300px\" \/><\/a>Kolejny pa\u017adziernikowy rajd przebiega\u0142 w pi\u0119knej jesiennej scenerii. Tym razem celem naszej w\u0119dr\u00f3wki by\u0142o jezioro Bart\u0105\u017cek. W drodze towarzyszy\u0142a nam\u00a0s\u0142oneczna pogoda, przebarwione na r\u00f3\u017cne kolory drzewa i krzewy i &#8230;&#8230;<\/p>\n<p>&nbsp;<\/p>\n<p>&nbsp;<\/p>\n<p style=\"text-align: center;\">niebieskie niebo, z kt\u00f3rego barwy zdali\u015bmy sobie dopiero spraw\u0119 jak odbi\u0142o si\u0119 w jeziorze. <a href=\"http:\/\/www.milosnicylasu.olsztyn.pl\/wp-content\/uploads\/2013\/10\/cropped-PA190010-www.jpg\" data-rel=\"lightbox-image-1\" data-magnific_type=\"image\" data-rl_title=\"\" data-rl_caption=\"\" title=\"\"><img loading=\"lazy\" decoding=\"async\" class=\"size-medium wp-image-632 aligncenter\" alt=\"cropped-PA190010-www.jpg\" src=\"http:\/\/www.milosnicylasu.olsztyn.pl\/wp-content\/uploads\/2013\/10\/cropped-PA190010-www-300x193.jpg\" width=\"300\" height=\"193\" srcset=\"https:\/\/www.milosnicylasu.olsztyn.pl\/wp-content\/uploads\/2013\/10\/cropped-PA190010-www-300x193.jpg 300w, https:\/\/www.milosnicylasu.olsztyn.pl\/wp-content\/uploads\/2013\/10\/cropped-PA190010-www-465x300.jpg 465w, https:\/\/www.milosnicylasu.olsztyn.pl\/wp-content\/uploads\/2013\/10\/cropped-PA190010-www.jpg 1000w\" sizes=\"auto, (max-width: 300px) 100vw, 300px\" \/><\/a><\/p>\n<p>\u00a0By\u0142y nast\u0119pne niespodzianki prezesa Ko\u0142a. Tym razem otrzymali\u015bmy\u00a0sk\u0142adank\u0119 ze zdj\u0119ciami i opisami \u017cycia danieli.<\/p>\n","protected":false},"excerpt":{"rendered":"<p>Kolejny pa\u017adziernikowy rajd przebiega\u0142 w pi\u0119knej jesiennej scenerii. Tym razem celem naszej w\u0119dr\u00f3wki by\u0142o jezioro Bart\u0105\u017cek. W drodze towarzyszy\u0142a nam\u00a0s\u0142oneczna pogoda, przebarwione na r\u00f3\u017cne kolory drzewa i krzewy i &#8230;&#8230; &nbsp; &nbsp; niebieskie niebo, z kt\u00f3rego barwy zdali\u015bmy sobie dopiero spraw\u0119 jak odbi\u0142o si\u0119 w jeziorze. \u00a0By\u0142y nast\u0119pne niespodzianki prezesa Ko\u0142a. Tym razem otrzymali\u015bmy\u00a0sk\u0142adank\u0119 ze [&hellip;]<\/p>\n","protected":false},"author":1,"featured_media":0,"comment_status":"open","ping_status":"open","sticky":false,"template":"","format":"standard","meta":{"footnotes":""},"categories":[1],"tags":[],"class_list":["post-638","post","type-post","status-publish","format-standard","hentry","category-bez-kategorii"],"_links":{"self":[{"href":"https:\/\/www.milosnicylasu.olsztyn.pl\/index.php?rest_route=\/wp\/v2\/posts\/638","targetHints":{"allow":["GET"]}}],"collection":[{"href":"https:\/\/www.milosnicylasu.olsztyn.pl\/index.php?rest_route=\/wp\/v2\/posts"}],"about":[{"href":"https:\/\/www.milosnicylasu.olsztyn.pl\/index.php?rest_route=\/wp\/v2\/types\/post"}],"author":[{"embeddable":true,"href":"https:\/\/www.milosnicylasu.olsztyn.pl\/index.php?rest_route=\/wp\/v2\/users\/1"}],"replies":[{"embeddable":true,"href":"https:\/\/www.milosnicylasu.olsztyn.pl\/index.php?rest_route=%2Fwp%2Fv2%2Fcomments&post=638"}],"version-history":[{"count":3,"href":"https:\/\/www.milosnicylasu.olsztyn.pl\/index.php?rest_route=\/wp\/v2\/posts\/638\/revisions"}],"predecessor-version":[{"id":642,"href":"https:\/\/www.milosnicylasu.olsztyn.pl\/index.php?rest_route=\/wp\/v2\/posts\/638\/revisions\/642"}],"wp:attachment":[{"href":"https:\/\/www.milosnicylasu.olsztyn.pl\/index.php?rest_route=%2Fwp%2Fv2%2Fmedia&parent=638"}],"wp:term":[{"taxonomy":"category","embeddable":true,"href":"https:\/\/www.milosnicylasu.olsztyn.pl\/index.php?rest_route=%2Fwp%2Fv2%2Fcategories&post=638"},{"taxonomy":"post_tag","embeddable":true,"href":"https:\/\/www.milosnicylasu.olsztyn.pl\/index.php?rest_route=%2Fwp%2Fv2%2Ftags&post=638"}],"curies":[{"name":"wp","href":"https:\/\/api.w.org\/{rel}","templated":true}]}}