{"id":6393,"date":"2021-07-10T07:46:04","date_gmt":"2021-07-10T05:46:04","guid":{"rendered":"https:\/\/www.milosnicylasu.olsztyn.pl\/?p=6393"},"modified":"2021-07-10T07:51:14","modified_gmt":"2021-07-10T05:51:14","slug":"kleszcze-lubia-smartfony","status":"publish","type":"post","link":"https:\/\/www.milosnicylasu.olsztyn.pl\/?p=6393","title":{"rendered":"Kleszcze lubi\u0105 smartfony?"},"content":{"rendered":"<p>&nbsp;<\/p>\n<p><a href=\"https:\/\/www.milosnicylasu.olsztyn.pl\/wp-content\/uploads\/2018\/10\/PB110006-www.jpg\" data-rel=\"lightbox-image-0\" data-magnific_type=\"image\" data-rl_title=\"\" data-rl_caption=\"\" title=\"\"><img loading=\"lazy\" decoding=\"async\" class=\"size-medium wp-image-4305 alignleft\" src=\"https:\/\/www.milosnicylasu.olsztyn.pl\/wp-content\/uploads\/2018\/10\/PB110006-www-300x225.jpg\" alt=\"\" width=\"300\" height=\"225\" srcset=\"https:\/\/www.milosnicylasu.olsztyn.pl\/wp-content\/uploads\/2018\/10\/PB110006-www-300x225.jpg 300w, https:\/\/www.milosnicylasu.olsztyn.pl\/wp-content\/uploads\/2018\/10\/PB110006-www-768x576.jpg 768w, https:\/\/www.milosnicylasu.olsztyn.pl\/wp-content\/uploads\/2018\/10\/PB110006-www.jpg 1024w, https:\/\/www.milosnicylasu.olsztyn.pl\/wp-content\/uploads\/2018\/10\/PB110006-www-400x300.jpg 400w\" sizes=\"auto, (max-width: 300px) 100vw, 300px\" \/><\/a><\/p>\n<p><strong>O kleszczach wiemy sporo, ale czy na pewno? W tym roku jest ich bardzo du\u017co. Docieraj\u0105 do nas informacje, \u017ce podczas przeja\u017cd\u017cki rowerowej jeden z\u00a0 cz\u0142onk\u00f3w Ko\u0142a\u00a0 przywi\u00f3z\u0142 ich do domu 17 sztuk, a rodzina czteroosobowa, w sumie ponad 20 kleszczy. Pojawi\u0142y si\u0119 informacje, \u017ce na zwi\u0119kszenie ich\u00a0 liczebno\u015bci wp\u0142yn\u0119\u0142o zmniejszenie liczebno\u015bci dzik\u00f3w, ocieplenie klimatu&#8230;&#8230;&#8230;, ale co ciekawe to, \u017ce kleszcze przyci\u0105ga promieniowanie emitowane przez smartfony.<\/strong><\/p>\n<p><strong>\u00a0S\u0105 ma\u0142e i niepozorne, lubi\u0105 chowa\u0107 si\u0119 w trawie, bez problemu mo\u017cna si\u0119 na nie natkn\u0105\u0107 podczas wycieczki do lasu czy spaceru w parku. Ich atak jest nieodczuwalny, ale efekty \u2013 ju\u017c tak. Kleszcz wbity w sk\u00f3r\u0119 cz\u0142owieka mo\u017ce doprowadzi\u0107 do rozwoju takich chor\u00f3b jak borelioza i kleszczowe zapalenie m\u00f3zgu, a nawet do gor\u0105czki krwotocznej. Jak si\u0119 przed nimi chroni\u0107? Na przyk\u0142ad zostawiaj\u0105c sw\u00f3j telefon kom\u00f3rkowy, wybieraj\u0105c si\u0119 na \u0142ono natury.<\/strong><\/p>\n<p><strong>Polsko-s\u0142owacki zesp\u00f3\u0142 badaczy w\u0142a\u015bnie udowodni\u0142, \u017ce te najgro\u017aniejsze, czyli zainfekowane kleszcze s\u0105 przyci\u0105gane przez promieniowanie elektromagnetyczne o cz\u0119stotliwo\u015bci typowej dla urz\u0105dze\u0144, z kt\u00f3rymi dzi\u015b niemal si\u0119 nie rozstajemy. Skoro wiemy ju\u017c, jak du\u017cy wp\u0142yw emitowane przez urz\u0105dzenia mobilne promieniowanie ma na aktywno\u015b\u0107 kleszczy, zmiana zasi\u0119gu ich wyst\u0119powania nie powinna nikogo dziwi\u0107. Zdecydowanie powinna jednak sk\u0142oni\u0107 nas do zwi\u0119kszenia ochrony zdrowia podczas korzystania z urok\u00f3w natury.<\/strong><\/p>\n<p data-section=\"detail-body\"><strong>\u2013 Warto skupi\u0107 si\u0119 na standardowej profilaktyce chor\u00f3b odkleszczowych \u2013 stosowaniu odzie\u017cy ochronnej, preparat\u00f3w odstraszaj\u0105cych i sprawdzaniu swojego cia\u0142a na przyk\u0142ad po wycieczce do lasu. Wa\u017cne jest r\u00f3wnie\u017c, aby zadba\u0107 o profesjonaln\u0105 ochron\u0119 przeciwkleszczow\u0105 u ps\u00f3w i innych wolno wychodz\u0105cych pupili \u2013 podkre\u015bla lek. wet. Martyna Fr\u0105tczak.<\/strong><\/p>\n<p data-section=\"detail-body\"><strong>A przy okazji zastanowi\u0107 si\u0119, czy smartfon jest rzeczywi\u015bcie niezb\u0119dnym elementem naszej wyprawy i czy korzystanie z niego podczas rekreacji na \u0142onie natury jest warte ryzyka stania si\u0119 atrakcyjnym celem dla zainfekowanego kleszcza.<\/strong><\/p>\n<p>&nbsp;<\/p>\n","protected":false},"excerpt":{"rendered":"<p>&nbsp; O kleszczach wiemy sporo, ale czy na pewno? W tym roku jest ich bardzo du\u017co. Docieraj\u0105 do nas informacje, \u017ce podczas przeja\u017cd\u017cki rowerowej jeden z\u00a0 cz\u0142onk\u00f3w Ko\u0142a\u00a0 przywi\u00f3z\u0142 ich do domu 17 sztuk, a rodzina czteroosobowa, w sumie ponad 20 kleszczy. Pojawi\u0142y si\u0119 informacje, \u017ce na zwi\u0119kszenie ich\u00a0 liczebno\u015bci wp\u0142yn\u0119\u0142o zmniejszenie liczebno\u015bci dzik\u00f3w, ocieplenie [&hellip;]<\/p>\n","protected":false},"author":2,"featured_media":0,"comment_status":"open","ping_status":"open","sticky":false,"template":"","format":"standard","meta":{"footnotes":""},"categories":[1,9,17],"tags":[],"class_list":["post-6393","post","type-post","status-publish","format-standard","hentry","category-bez-kategorii","category-ciekawostki","category-edukacja-w-terenie"],"_links":{"self":[{"href":"https:\/\/www.milosnicylasu.olsztyn.pl\/index.php?rest_route=\/wp\/v2\/posts\/6393","targetHints":{"allow":["GET"]}}],"collection":[{"href":"https:\/\/www.milosnicylasu.olsztyn.pl\/index.php?rest_route=\/wp\/v2\/posts"}],"about":[{"href":"https:\/\/www.milosnicylasu.olsztyn.pl\/index.php?rest_route=\/wp\/v2\/types\/post"}],"author":[{"embeddable":true,"href":"https:\/\/www.milosnicylasu.olsztyn.pl\/index.php?rest_route=\/wp\/v2\/users\/2"}],"replies":[{"embeddable":true,"href":"https:\/\/www.milosnicylasu.olsztyn.pl\/index.php?rest_route=%2Fwp%2Fv2%2Fcomments&post=6393"}],"version-history":[{"count":5,"href":"https:\/\/www.milosnicylasu.olsztyn.pl\/index.php?rest_route=\/wp\/v2\/posts\/6393\/revisions"}],"predecessor-version":[{"id":6398,"href":"https:\/\/www.milosnicylasu.olsztyn.pl\/index.php?rest_route=\/wp\/v2\/posts\/6393\/revisions\/6398"}],"wp:attachment":[{"href":"https:\/\/www.milosnicylasu.olsztyn.pl\/index.php?rest_route=%2Fwp%2Fv2%2Fmedia&parent=6393"}],"wp:term":[{"taxonomy":"category","embeddable":true,"href":"https:\/\/www.milosnicylasu.olsztyn.pl\/index.php?rest_route=%2Fwp%2Fv2%2Fcategories&post=6393"},{"taxonomy":"post_tag","embeddable":true,"href":"https:\/\/www.milosnicylasu.olsztyn.pl\/index.php?rest_route=%2Fwp%2Fv2%2Ftags&post=6393"}],"curies":[{"name":"wp","href":"https:\/\/api.w.org\/{rel}","templated":true}]}}