{"id":6400,"date":"2021-07-15T09:51:49","date_gmt":"2021-07-15T07:51:49","guid":{"rendered":"https:\/\/www.milosnicylasu.olsztyn.pl\/?p=6400"},"modified":"2021-07-15T09:52:36","modified_gmt":"2021-07-15T07:52:36","slug":"dlugowieczni","status":"publish","type":"post","link":"https:\/\/www.milosnicylasu.olsztyn.pl\/?p=6400","title":{"rendered":"D\u0142ugowieczni?"},"content":{"rendered":"<p><a href=\"https:\/\/www.milosnicylasu.olsztyn.pl\/wp-content\/uploads\/2020\/10\/DSCN6663-www-1.jpg\" data-rel=\"lightbox-image-0\" data-magnific_type=\"image\" data-rl_title=\"\" data-rl_caption=\"\" title=\"\"><img loading=\"lazy\" decoding=\"async\" class=\"size-medium wp-image-5748 alignleft\" src=\"https:\/\/www.milosnicylasu.olsztyn.pl\/wp-content\/uploads\/2020\/10\/DSCN6663-www-1-225x300.jpg\" alt=\"\" width=\"225\" height=\"300\" srcset=\"https:\/\/www.milosnicylasu.olsztyn.pl\/wp-content\/uploads\/2020\/10\/DSCN6663-www-1-225x300.jpg 225w, https:\/\/www.milosnicylasu.olsztyn.pl\/wp-content\/uploads\/2020\/10\/DSCN6663-www-1.jpg 768w\" sizes=\"auto, (max-width: 225px) 100vw, 225px\" \/><\/a><strong>Przez 11 lat, w ramach le\u015bnych rajd\u00f3w,\u00a0 chodzili\u015bmy w ka\u017cd\u0105 sobot\u0119 do lasu. Mijali\u015bmy r\u00f3\u017cne drzewa rosn\u0105ce w naszych okolicach. Czy zastanawiali\u015bmy si\u0119\u00a0 jak d\u0142ugo \u017cyj\u0105 ? Mo\u017ce niekt\u00f3rzy z nas wiedz\u0105, ale tak dla przypomnienia :<\/strong><\/p>\n<ul>\n<li><strong>sosna \u017cyje 300-350 lat, czasem nawet 600 lat<\/strong><\/li>\n<li><strong>\u015bwierk pospolity \u017cyje do 250 lat<\/strong><\/li>\n<li><strong>jod\u0142a pospolita \u017cyje d\u0142ugo od 300 do 400 lat, pojedyncze osobniki do 700 lat<\/strong><\/li>\n<li><strong>modrzew europejski do 500 lat<\/strong><\/li>\n<li><strong>d\u0105b szypu\u0142kowy &#8211; 400-500 lat, a nawet 1000 i d\u0142u\u017cej<\/strong><\/li>\n<li><strong>buk zwyczajny do 300 lat<\/strong><\/li>\n<li><strong>grab zwyczajny \u017cyje 100-120 lat, rzadko przekracza wiek 150 lat<\/strong><\/li>\n<li><strong>klon zwyczajny \u017cyje do 200 lat<\/strong><\/li>\n<li><strong>klon jawor do 300 lat<\/strong><\/li>\n<li><strong>lipa 300-400 lat, czasem d\u0142u\u017cej<\/strong><\/li>\n<li><strong>olsza czarna \u017cyje 100-120 lat<\/strong><\/li>\n<li><strong>brzoza brodawkowata \u017cyje niezbyt d\u0142ugo, bo 80-100 lat<\/strong><\/li>\n<li><strong>cis pospolity osi\u0105ga wiek 1000 lat, niekt\u00f3rzy twierdz\u0105, \u017ce do\u017cywa 3000 lat<\/strong><\/li>\n<\/ul>\n<p><strong>To niesamowite ! Ciekawe co mogliby\u015bmy us\u0142ysze\u0107, gdyby mog\u0142y m\u00f3wi\u0107&#8230;&#8230;&#8230;&#8230;&#8230;&#8230;<\/strong><\/p>\n","protected":false},"excerpt":{"rendered":"<p>Przez 11 lat, w ramach le\u015bnych rajd\u00f3w,\u00a0 chodzili\u015bmy w ka\u017cd\u0105 sobot\u0119 do lasu. Mijali\u015bmy r\u00f3\u017cne drzewa rosn\u0105ce w naszych okolicach. Czy zastanawiali\u015bmy si\u0119\u00a0 jak d\u0142ugo \u017cyj\u0105 ? Mo\u017ce niekt\u00f3rzy z nas wiedz\u0105, ale tak dla przypomnienia : sosna \u017cyje 300-350 lat, czasem nawet 600 lat \u015bwierk pospolity \u017cyje do 250 lat jod\u0142a pospolita \u017cyje d\u0142ugo [&hellip;]<\/p>\n","protected":false},"author":2,"featured_media":0,"comment_status":"open","ping_status":"open","sticky":false,"template":"","format":"standard","meta":{"footnotes":""},"categories":[1,9,17],"tags":[],"class_list":["post-6400","post","type-post","status-publish","format-standard","hentry","category-bez-kategorii","category-ciekawostki","category-edukacja-w-terenie"],"_links":{"self":[{"href":"https:\/\/www.milosnicylasu.olsztyn.pl\/index.php?rest_route=\/wp\/v2\/posts\/6400","targetHints":{"allow":["GET"]}}],"collection":[{"href":"https:\/\/www.milosnicylasu.olsztyn.pl\/index.php?rest_route=\/wp\/v2\/posts"}],"about":[{"href":"https:\/\/www.milosnicylasu.olsztyn.pl\/index.php?rest_route=\/wp\/v2\/types\/post"}],"author":[{"embeddable":true,"href":"https:\/\/www.milosnicylasu.olsztyn.pl\/index.php?rest_route=\/wp\/v2\/users\/2"}],"replies":[{"embeddable":true,"href":"https:\/\/www.milosnicylasu.olsztyn.pl\/index.php?rest_route=%2Fwp%2Fv2%2Fcomments&post=6400"}],"version-history":[{"count":2,"href":"https:\/\/www.milosnicylasu.olsztyn.pl\/index.php?rest_route=\/wp\/v2\/posts\/6400\/revisions"}],"predecessor-version":[{"id":6402,"href":"https:\/\/www.milosnicylasu.olsztyn.pl\/index.php?rest_route=\/wp\/v2\/posts\/6400\/revisions\/6402"}],"wp:attachment":[{"href":"https:\/\/www.milosnicylasu.olsztyn.pl\/index.php?rest_route=%2Fwp%2Fv2%2Fmedia&parent=6400"}],"wp:term":[{"taxonomy":"category","embeddable":true,"href":"https:\/\/www.milosnicylasu.olsztyn.pl\/index.php?rest_route=%2Fwp%2Fv2%2Fcategories&post=6400"},{"taxonomy":"post_tag","embeddable":true,"href":"https:\/\/www.milosnicylasu.olsztyn.pl\/index.php?rest_route=%2Fwp%2Fv2%2Ftags&post=6400"}],"curies":[{"name":"wp","href":"https:\/\/api.w.org\/{rel}","templated":true}]}}