{"id":6404,"date":"2021-07-21T09:10:26","date_gmt":"2021-07-21T07:10:26","guid":{"rendered":"https:\/\/www.milosnicylasu.olsztyn.pl\/?p=6404"},"modified":"2021-07-21T09:27:26","modified_gmt":"2021-07-21T07:27:26","slug":"a-moze-wyjechac-na-pare-godzin","status":"publish","type":"post","link":"https:\/\/www.milosnicylasu.olsztyn.pl\/?p=6404","title":{"rendered":"A mo\u017ce wyjecha\u0107 na par\u0119 godzin &#8230;&#8230;&#8230;."},"content":{"rendered":"<p><strong>\u0141adna pogoda, d\u0142ugie letnie dni i bardzo du\u017co si\u0119 dzieje&#8230;&#8230;. poza Olsztynem.\u00a0 Tym razem w Mr\u0105gowie. To urocze miasteczko,\u00a0 w kt\u00f3rym jest wiele miejsc do zwiedzenia, ale ten wyjazd by\u0142 po\u015bwi\u0119cony zobaczeniem tego co aktualnie\u00a0 proponuje Mr\u0105gowo :<br \/>\n<\/strong><\/p>\n<p><strong>W Mr\u0105gowskim Centrum Kultury mo\u017cna zobaczy\u0107 dwie bardzo ciekawe wystawy:<\/strong><\/p>\n<ul>\n<li><strong>wystaw\u0119 rysunku prasowego \u2013pokazanych jest kilkadziesi\u0105t prac opublikowanych w 2020 roku. Celem wystawy jest\u00a0 zwr\u00f3cenie uwagi na znaczenie rysunku prasowego, kt\u00f3ry mo\u017ce by\u0107 komentarzem politycznym, spo\u0142ecznym b\u0105d\u017a sportowym, tworzy\u0107 opowie\u015b\u0107 w postaci kr\u00f3tkiego komiksu czy by\u0107 rysunkiem-ilustracj\u0105 artyku\u0142u prasowego.<a href=\"https:\/\/www.milosnicylasu.olsztyn.pl\/wp-content\/uploads\/2021\/07\/P7110001-www.jpg\" data-rel=\"lightbox-image-0\" data-magnific_type=\"image\" data-rl_title=\"\" data-rl_caption=\"\" title=\"\"><img loading=\"lazy\" decoding=\"async\" class=\"size-medium wp-image-6405 alignleft\" src=\"https:\/\/www.milosnicylasu.olsztyn.pl\/wp-content\/uploads\/2021\/07\/P7110001-www-300x225.jpg\" alt=\"\" width=\"300\" height=\"225\" srcset=\"https:\/\/www.milosnicylasu.olsztyn.pl\/wp-content\/uploads\/2021\/07\/P7110001-www-300x225.jpg 300w, https:\/\/www.milosnicylasu.olsztyn.pl\/wp-content\/uploads\/2021\/07\/P7110001-www-768x576.jpg 768w, https:\/\/www.milosnicylasu.olsztyn.pl\/wp-content\/uploads\/2021\/07\/P7110001-www.jpg 1024w\" sizes=\"auto, (max-width: 300px) 100vw, 300px\" \/><\/a><\/strong><\/li>\n<\/ul>\n<p>&nbsp;<\/p>\n<p>&nbsp;<\/p>\n<ul>\n<li><strong>wystaw\u0119 poczt\u00f3wek z Mr\u0105gowa z XX i XXI wieku<\/strong><\/li>\n<\/ul>\n<p>&nbsp;<\/p>\n<p><strong>Obie wystawy mo\u017cna jeszcze zobaczy\u0107, ale Wojew\u00f3dzki Przegl\u0105d R\u0119kodzie\u0142a by\u0142 imprez\u0105 jednego dnia, przygotowan\u0105 z wielkim rozmachem.\u00a0 Wiele stoisk, na kt\u00f3rych prezentowano m.in. rze\u017aby, hafciarstwo, malarstwo,\u00a0 wyroby z wosku, z gliny&#8230;..<\/strong><\/p>\n<p><strong><a href=\"https:\/\/www.milosnicylasu.olsztyn.pl\/wp-content\/uploads\/2021\/07\/P7110043-www.jpg\" data-rel=\"lightbox-image-1\" data-magnific_type=\"image\" data-rl_title=\"\" data-rl_caption=\"\" title=\"\"><img loading=\"lazy\" decoding=\"async\" class=\"size-medium wp-image-6406\" src=\"https:\/\/www.milosnicylasu.olsztyn.pl\/wp-content\/uploads\/2021\/07\/P7110043-www-300x225.jpg\" alt=\"\" width=\"300\" height=\"225\" srcset=\"https:\/\/www.milosnicylasu.olsztyn.pl\/wp-content\/uploads\/2021\/07\/P7110043-www-300x225.jpg 300w, https:\/\/www.milosnicylasu.olsztyn.pl\/wp-content\/uploads\/2021\/07\/P7110043-www-768x576.jpg 768w, https:\/\/www.milosnicylasu.olsztyn.pl\/wp-content\/uploads\/2021\/07\/P7110043-www.jpg 1024w\" sizes=\"auto, (max-width: 300px) 100vw, 300px\" \/><\/a><\/strong><\/p>\n<p>&nbsp;<\/p>\n<p><strong>W czasie imprezy przeprowadzano warsztaty, na kt\u00f3rych\u00a0 mo\u017cna by\u0142o nauczy\u0107 si\u0119 wypieku chleba \/upieczony chleb uczestnicy zabierali do domu\/, zrobienia czekolady<\/strong><\/p>\n<p><strong><a href=\"https:\/\/www.milosnicylasu.olsztyn.pl\/wp-content\/uploads\/2021\/07\/P7110084-www.jpg\" data-rel=\"lightbox-image-2\" data-magnific_type=\"image\" data-rl_title=\"\" data-rl_caption=\"\" title=\"\"><img loading=\"lazy\" decoding=\"async\" class=\"size-medium wp-image-6407 alignright\" src=\"https:\/\/www.milosnicylasu.olsztyn.pl\/wp-content\/uploads\/2021\/07\/P7110084-www-300x225.jpg\" alt=\"\" width=\"300\" height=\"225\" srcset=\"https:\/\/www.milosnicylasu.olsztyn.pl\/wp-content\/uploads\/2021\/07\/P7110084-www-300x225.jpg 300w, https:\/\/www.milosnicylasu.olsztyn.pl\/wp-content\/uploads\/2021\/07\/P7110084-www-768x576.jpg 768w, https:\/\/www.milosnicylasu.olsztyn.pl\/wp-content\/uploads\/2021\/07\/P7110084-www.jpg 1024w\" sizes=\"auto, (max-width: 300px) 100vw, 300px\" \/><\/a><\/strong><\/p>\n<p><strong>, wyplatania\u00a0 koszyk\u00f3w, tworzenia r\u00f3\u017cnych przedmiot\u00f3w z gliny&#8230;&#8230;&#8230;&#8230;&#8230;&#8230;&#8230;&#8230;&#8230;<\/strong><\/p>\n<p>&nbsp;<\/p>\n<p>&nbsp;<\/p>\n<p>&nbsp;<\/p>\n<p>&nbsp;<\/p>\n<p>&nbsp;<\/p>\n<p><strong>Przegl\u0105d zorganizowano na terenie przylegaj\u0105cym do jeziora Czos, na kt\u00f3rym\u00a0 popisywali si\u0119 wodniacy, p\u0142ywa\u0142y \u017cagl\u00f3wki, a nawet tramwaj wodny !<\/strong><\/p>\n<p><strong><a href=\"https:\/\/www.milosnicylasu.olsztyn.pl\/wp-content\/uploads\/2021\/07\/P7110054-www.jpg\" data-rel=\"lightbox-image-3\" data-magnific_type=\"image\" data-rl_title=\"\" data-rl_caption=\"\" title=\"\"><img loading=\"lazy\" decoding=\"async\" class=\"size-medium wp-image-6408\" src=\"https:\/\/www.milosnicylasu.olsztyn.pl\/wp-content\/uploads\/2021\/07\/P7110054-www-300x225.jpg\" alt=\"\" width=\"300\" height=\"225\" srcset=\"https:\/\/www.milosnicylasu.olsztyn.pl\/wp-content\/uploads\/2021\/07\/P7110054-www-300x225.jpg 300w, https:\/\/www.milosnicylasu.olsztyn.pl\/wp-content\/uploads\/2021\/07\/P7110054-www-768x576.jpg 768w, https:\/\/www.milosnicylasu.olsztyn.pl\/wp-content\/uploads\/2021\/07\/P7110054-www.jpg 1024w\" sizes=\"auto, (max-width: 300px) 100vw, 300px\" \/><\/a><\/strong><\/p>\n<p>&nbsp;<\/p>\n<p>&nbsp;<\/p>\n<p><strong>A na brzegu\u00a0 odpoczywa\u0142y r\u00f3\u017cne\u00a0 gatunki kaczek i rodzina \u0142ab\u0119dzi &#8211; mama, tata i ma\u0142e, kt\u00f3re robi\u0142y porann\u0105 toalet\u0119.<\/strong><\/p>\n<p><strong><a href=\"https:\/\/www.milosnicylasu.olsztyn.pl\/wp-content\/uploads\/2021\/07\/P7110067-www.jpg\" data-rel=\"lightbox-image-4\" data-magnific_type=\"image\" data-rl_title=\"\" data-rl_caption=\"\" title=\"\"><img loading=\"lazy\" decoding=\"async\" class=\"size-medium wp-image-6409 aligncenter\" src=\"https:\/\/www.milosnicylasu.olsztyn.pl\/wp-content\/uploads\/2021\/07\/P7110067-www-300x225.jpg\" alt=\"\" width=\"300\" height=\"225\" srcset=\"https:\/\/www.milosnicylasu.olsztyn.pl\/wp-content\/uploads\/2021\/07\/P7110067-www-300x225.jpg 300w, https:\/\/www.milosnicylasu.olsztyn.pl\/wp-content\/uploads\/2021\/07\/P7110067-www-768x576.jpg 768w, https:\/\/www.milosnicylasu.olsztyn.pl\/wp-content\/uploads\/2021\/07\/P7110067-www.jpg 1024w\" sizes=\"auto, (max-width: 300px) 100vw, 300px\" \/><\/a><\/strong><\/p>\n<p>&nbsp;<\/p>\n<p>&nbsp;<\/p>\n<p><strong>Warto te\u017c pospacerowa\u0107 po Mr\u0105gowie, poogl\u0105da\u0107 odremontowane kamieniczki, podziwia\u0107\u00a0 ukwiecone skwerki, fontanny, rze\u017aby no i posmakowa\u0107 smakowitych lod\u00f3w a tak\u017ce przenie\u015b\u0107 si\u0119 &#8222;daleko&#8221; do Ameryki, czy Meksyku. Mo\u017ce nie a\u017c tak daleko, ale zje\u015b\u0107\u00a0 obiad w stylu ameryka\u0144skim czy meksyka\u0144skim mo\u017cna i to wcale nie tak drogo.<\/strong><\/p>\n<p><strong><a href=\"https:\/\/www.milosnicylasu.olsztyn.pl\/wp-content\/uploads\/2021\/07\/P7110023-www.jpg\" data-rel=\"lightbox-image-5\" data-magnific_type=\"image\" data-rl_title=\"\" data-rl_caption=\"\" title=\"\"><img loading=\"lazy\" decoding=\"async\" class=\"size-medium wp-image-6411\" src=\"https:\/\/www.milosnicylasu.olsztyn.pl\/wp-content\/uploads\/2021\/07\/P7110023-www-300x225.jpg\" alt=\"\" width=\"300\" height=\"225\" srcset=\"https:\/\/www.milosnicylasu.olsztyn.pl\/wp-content\/uploads\/2021\/07\/P7110023-www-300x225.jpg 300w, https:\/\/www.milosnicylasu.olsztyn.pl\/wp-content\/uploads\/2021\/07\/P7110023-www-768x576.jpg 768w, https:\/\/www.milosnicylasu.olsztyn.pl\/wp-content\/uploads\/2021\/07\/P7110023-www.jpg 1024w\" sizes=\"auto, (max-width: 300px) 100vw, 300px\" \/><\/a><\/strong><\/p>\n<p><strong><a href=\"https:\/\/www.milosnicylasu.olsztyn.pl\/wp-content\/uploads\/2021\/07\/P7110018-www.jpg\" data-rel=\"lightbox-image-6\" data-magnific_type=\"image\" data-rl_title=\"\" data-rl_caption=\"\" title=\"\"><img loading=\"lazy\" decoding=\"async\" class=\"size-medium wp-image-6410 alignright\" src=\"https:\/\/www.milosnicylasu.olsztyn.pl\/wp-content\/uploads\/2021\/07\/P7110018-www-300x225.jpg\" alt=\"\" width=\"300\" height=\"225\" srcset=\"https:\/\/www.milosnicylasu.olsztyn.pl\/wp-content\/uploads\/2021\/07\/P7110018-www-300x225.jpg 300w, https:\/\/www.milosnicylasu.olsztyn.pl\/wp-content\/uploads\/2021\/07\/P7110018-www-768x576.jpg 768w, https:\/\/www.milosnicylasu.olsztyn.pl\/wp-content\/uploads\/2021\/07\/P7110018-www.jpg 1024w\" sizes=\"auto, (max-width: 300px) 100vw, 300px\" \/><\/a><\/strong><\/p>\n<p><strong>&#8222;<\/strong><\/p>\n<p>&nbsp;<\/p>\n<p>&nbsp;<\/p>\n","protected":false},"excerpt":{"rendered":"<p>\u0141adna pogoda, d\u0142ugie letnie dni i bardzo du\u017co si\u0119 dzieje&#8230;&#8230;. poza Olsztynem.\u00a0 Tym razem w Mr\u0105gowie. To urocze miasteczko,\u00a0 w kt\u00f3rym jest wiele miejsc do zwiedzenia, ale ten wyjazd by\u0142 po\u015bwi\u0119cony zobaczeniem tego co aktualnie\u00a0 proponuje Mr\u0105gowo : W Mr\u0105gowskim Centrum Kultury mo\u017cna zobaczy\u0107 dwie bardzo ciekawe wystawy: wystaw\u0119 rysunku prasowego \u2013pokazanych jest kilkadziesi\u0105t prac [&hellip;]<\/p>\n","protected":false},"author":2,"featured_media":0,"comment_status":"open","ping_status":"open","sticky":false,"template":"","format":"standard","meta":{"footnotes":""},"categories":[1,9,17],"tags":[],"class_list":["post-6404","post","type-post","status-publish","format-standard","hentry","category-bez-kategorii","category-ciekawostki","category-edukacja-w-terenie"],"_links":{"self":[{"href":"https:\/\/www.milosnicylasu.olsztyn.pl\/index.php?rest_route=\/wp\/v2\/posts\/6404","targetHints":{"allow":["GET"]}}],"collection":[{"href":"https:\/\/www.milosnicylasu.olsztyn.pl\/index.php?rest_route=\/wp\/v2\/posts"}],"about":[{"href":"https:\/\/www.milosnicylasu.olsztyn.pl\/index.php?rest_route=\/wp\/v2\/types\/post"}],"author":[{"embeddable":true,"href":"https:\/\/www.milosnicylasu.olsztyn.pl\/index.php?rest_route=\/wp\/v2\/users\/2"}],"replies":[{"embeddable":true,"href":"https:\/\/www.milosnicylasu.olsztyn.pl\/index.php?rest_route=%2Fwp%2Fv2%2Fcomments&post=6404"}],"version-history":[{"count":8,"href":"https:\/\/www.milosnicylasu.olsztyn.pl\/index.php?rest_route=\/wp\/v2\/posts\/6404\/revisions"}],"predecessor-version":[{"id":6419,"href":"https:\/\/www.milosnicylasu.olsztyn.pl\/index.php?rest_route=\/wp\/v2\/posts\/6404\/revisions\/6419"}],"wp:attachment":[{"href":"https:\/\/www.milosnicylasu.olsztyn.pl\/index.php?rest_route=%2Fwp%2Fv2%2Fmedia&parent=6404"}],"wp:term":[{"taxonomy":"category","embeddable":true,"href":"https:\/\/www.milosnicylasu.olsztyn.pl\/index.php?rest_route=%2Fwp%2Fv2%2Fcategories&post=6404"},{"taxonomy":"post_tag","embeddable":true,"href":"https:\/\/www.milosnicylasu.olsztyn.pl\/index.php?rest_route=%2Fwp%2Fv2%2Ftags&post=6404"}],"curies":[{"name":"wp","href":"https:\/\/api.w.org\/{rel}","templated":true}]}}