{"id":645,"date":"2013-10-24T09:29:14","date_gmt":"2013-10-24T07:29:14","guid":{"rendered":"http:\/\/www.milosnicylasu.olsztyn.pl\/?p=645"},"modified":"2013-10-24T09:29:14","modified_gmt":"2013-10-24T07:29:14","slug":"uporzadkowanie-lesnych-mogil","status":"publish","type":"post","link":"https:\/\/www.milosnicylasu.olsztyn.pl\/?p=645","title":{"rendered":"Uporz\u0105dkowanie le\u015bnych mogi\u0142"},"content":{"rendered":"<p>W sobot\u0119, \u00a026 pa\u017adziernika, wybierzemy si\u0119 nad jezioro Kielarskie, w okolicy kt\u00f3rego znajduj\u0105 si\u0119 mogi\u0142y rodziny Erdmann &#8211; dawnych w\u0142a\u015bcicieli nieistniej\u0105cej ju\u017c wsi Kielary.<\/p>\n<p>Jak co roku, uporz\u0105dkujemy otoczenie pami\u0105tkowych tablic, zapalimy znicze. P\u00f3\u017aniej spotkamy si\u0119 przy ognisku, upieczemy przygotowane przez zarz\u0105d Ko\u0142a kie\u0142baski.<\/p>\n<p>Serdecznie zapraszamy. Zbi\u00f3rka o godzinie 10.00 przy ulicy Wilczy\u0144skiego, mi\u0119dzy stacj\u0105 benzynow\u0105 a ko\u015bcio\u0142em.<\/p>\n<p>Zarz\u0105d Ko\u0142a Mi\u0142o\u015bnik\u00f3w Lasu i Militari\u00f3w<\/p>\n","protected":false},"excerpt":{"rendered":"<p>W sobot\u0119, \u00a026 pa\u017adziernika, wybierzemy si\u0119 nad jezioro Kielarskie, w okolicy kt\u00f3rego znajduj\u0105 si\u0119 mogi\u0142y rodziny Erdmann &#8211; dawnych w\u0142a\u015bcicieli nieistniej\u0105cej ju\u017c wsi Kielary. Jak co roku, uporz\u0105dkujemy otoczenie pami\u0105tkowych tablic, zapalimy znicze. P\u00f3\u017aniej spotkamy si\u0119 przy ognisku, upieczemy przygotowane przez zarz\u0105d Ko\u0142a kie\u0142baski. Serdecznie zapraszamy. Zbi\u00f3rka o godzinie 10.00 przy ulicy Wilczy\u0144skiego, mi\u0119dzy stacj\u0105 [&hellip;]<\/p>\n","protected":false},"author":1,"featured_media":0,"comment_status":"open","ping_status":"open","sticky":false,"template":"","format":"standard","meta":{"footnotes":""},"categories":[2],"tags":[],"class_list":["post-645","post","type-post","status-publish","format-standard","hentry","category-rajdy"],"_links":{"self":[{"href":"https:\/\/www.milosnicylasu.olsztyn.pl\/index.php?rest_route=\/wp\/v2\/posts\/645","targetHints":{"allow":["GET"]}}],"collection":[{"href":"https:\/\/www.milosnicylasu.olsztyn.pl\/index.php?rest_route=\/wp\/v2\/posts"}],"about":[{"href":"https:\/\/www.milosnicylasu.olsztyn.pl\/index.php?rest_route=\/wp\/v2\/types\/post"}],"author":[{"embeddable":true,"href":"https:\/\/www.milosnicylasu.olsztyn.pl\/index.php?rest_route=\/wp\/v2\/users\/1"}],"replies":[{"embeddable":true,"href":"https:\/\/www.milosnicylasu.olsztyn.pl\/index.php?rest_route=%2Fwp%2Fv2%2Fcomments&post=645"}],"version-history":[{"count":1,"href":"https:\/\/www.milosnicylasu.olsztyn.pl\/index.php?rest_route=\/wp\/v2\/posts\/645\/revisions"}],"predecessor-version":[{"id":646,"href":"https:\/\/www.milosnicylasu.olsztyn.pl\/index.php?rest_route=\/wp\/v2\/posts\/645\/revisions\/646"}],"wp:attachment":[{"href":"https:\/\/www.milosnicylasu.olsztyn.pl\/index.php?rest_route=%2Fwp%2Fv2%2Fmedia&parent=645"}],"wp:term":[{"taxonomy":"category","embeddable":true,"href":"https:\/\/www.milosnicylasu.olsztyn.pl\/index.php?rest_route=%2Fwp%2Fv2%2Fcategories&post=645"},{"taxonomy":"post_tag","embeddable":true,"href":"https:\/\/www.milosnicylasu.olsztyn.pl\/index.php?rest_route=%2Fwp%2Fv2%2Ftags&post=645"}],"curies":[{"name":"wp","href":"https:\/\/api.w.org\/{rel}","templated":true}]}}