{"id":6459,"date":"2021-08-03T19:42:33","date_gmt":"2021-08-03T17:42:33","guid":{"rendered":"https:\/\/www.milosnicylasu.olsztyn.pl\/?p=6459"},"modified":"2021-08-03T20:01:01","modified_gmt":"2021-08-03T18:01:01","slug":"zaproszenie-na-swieto","status":"publish","type":"post","link":"https:\/\/www.milosnicylasu.olsztyn.pl\/?p=6459","title":{"rendered":"Zaproszenie na \u015awi\u0119to&#8230;&#8230;.."},"content":{"rendered":"<p><strong><a href=\"https:\/\/www.milosnicylasu.olsztyn.pl\/wp-content\/uploads\/2021\/08\/DSCN7826-www.jpg\" data-rel=\"lightbox-image-0\" data-magnific_type=\"image\" data-rl_title=\"\" data-rl_caption=\"\" title=\"\"><img loading=\"lazy\" decoding=\"async\" class=\"size-medium wp-image-6465 alignleft\" src=\"https:\/\/www.milosnicylasu.olsztyn.pl\/wp-content\/uploads\/2021\/08\/DSCN7826-www-300x225.jpg\" alt=\"\" width=\"300\" height=\"225\" srcset=\"https:\/\/www.milosnicylasu.olsztyn.pl\/wp-content\/uploads\/2021\/08\/DSCN7826-www-300x225.jpg 300w, https:\/\/www.milosnicylasu.olsztyn.pl\/wp-content\/uploads\/2021\/08\/DSCN7826-www-768x576.jpg 768w, https:\/\/www.milosnicylasu.olsztyn.pl\/wp-content\/uploads\/2021\/08\/DSCN7826-www.jpg 1024w\" sizes=\"auto, (max-width: 300px) 100vw, 300px\" \/><\/a>Nadle\u015bnictwo Kudypy zaprasza ma\u0142ych i du\u017cych, starszych i m\u0142odszych\u00a0 na : <\/strong><\/p>\n<p><strong>\u015awi\u0119to Pszcz\u00f3\u0142 w Le\u015bnym Arboretum w Kudypach 7-8 sierpnia 2021 roku<\/strong><\/p>\n<p><strong>\u00a0W programie:<\/strong><\/p>\n<p><strong>11.00 Rozpocz\u0119cie \u015awi\u0119ta Pszcz\u00f3\u0142 <\/strong><\/p>\n<p><strong>11.3o Spacer z pszczelarzem \u2013 zwiedzenie \u015bcie\u017cki pszczelarza z przewodnikiem<\/strong><\/p>\n<p><strong>12.00 Warsztaty plastyczne dla dzieci<\/strong><\/p>\n<p><strong>12.30 Uroczyste sadzenie drzew i za\u0142o\u017cenie pszczelego ogr\u00f3dka<\/strong><\/p>\n<p><strong>13.30 Spacer z pszczelarzem \u2013 zwiedzenie \u015bcie\u017cki pszczelarza z przewodnikiem<\/strong><\/p>\n<p><strong>14.00 Podsumowanie konkurs\u00f3w plastycznych i wr\u0119czenie nagr\u00f3d<\/strong><\/p>\n<p><strong>16.00 zako\u0144czenie<a href=\"https:\/\/www.milosnicylasu.olsztyn.pl\/wp-content\/uploads\/2021\/08\/DSCN7827-www.jpg\" data-rel=\"lightbox-image-1\" data-magnific_type=\"image\" data-rl_title=\"\" data-rl_caption=\"\" title=\"\"><img loading=\"lazy\" decoding=\"async\" class=\"size-medium wp-image-6466 alignright\" src=\"https:\/\/www.milosnicylasu.olsztyn.pl\/wp-content\/uploads\/2021\/08\/DSCN7827-www-300x225.jpg\" alt=\"\" width=\"300\" height=\"225\" srcset=\"https:\/\/www.milosnicylasu.olsztyn.pl\/wp-content\/uploads\/2021\/08\/DSCN7827-www-300x225.jpg 300w, https:\/\/www.milosnicylasu.olsztyn.pl\/wp-content\/uploads\/2021\/08\/DSCN7827-www-768x576.jpg 768w, https:\/\/www.milosnicylasu.olsztyn.pl\/wp-content\/uploads\/2021\/08\/DSCN7827-www.jpg 1024w\" sizes=\"auto, (max-width: 300px) 100vw, 300px\" \/><\/a><\/strong><\/p>\n<p><strong>\u00a0 W Polsce \u017cyje ich ponad 450 gatunk\u00f3w, w ci\u0105gu minuty potrafi\u0105 oblecie\u0107 nawet 35 kwiat\u00f3w, a masa przenoszonego przez nie nektaru mo\u017ce dochodzi\u0107 do 70% wagi ich cia\u0142a. Pszczo\u0142y, bo o nich mowa, b\u0119d\u0105 bohaterami tego \u015bwi\u0119ta.<\/strong><\/p>\n<p><em>Opracowano na podstawie informacji ze strony Nadle\u015bnictwa Kudypy<\/em><\/p>\n<p>Byli\u015bmy na \u015awi\u0119cie Pszcz\u00f3\u0142 w 2019 roku, cz\u0119\u015b\u0107 z nas z wnukami. By\u0142o s\u0142onecznie, zjawiskowo i s\u0142odko. Mamy nadziej\u0119, \u017ce podobnie b\u0119dzie w tym roku, a do tego konkursy, nagrody &#8230;.. a wi\u0119c do zobaczenia ! Zdj\u0119cia z poprzedniego \u015awi\u0119ta.<\/p>\n<p><em><strong> <a href=\"https:\/\/www.milosnicylasu.olsztyn.pl\/wp-content\/uploads\/2019\/09\/DSCN3830-www.jpg\" data-rel=\"lightbox-image-2\" data-magnific_type=\"image\" data-rl_title=\"\" data-rl_caption=\"\" title=\"\"><img loading=\"lazy\" decoding=\"async\" class=\"size-medium wp-image-4989 alignleft\" src=\"https:\/\/www.milosnicylasu.olsztyn.pl\/wp-content\/uploads\/2019\/09\/DSCN3830-www-300x225.jpg\" alt=\"\" width=\"300\" height=\"225\" srcset=\"https:\/\/www.milosnicylasu.olsztyn.pl\/wp-content\/uploads\/2019\/09\/DSCN3830-www-300x225.jpg 300w, https:\/\/www.milosnicylasu.olsztyn.pl\/wp-content\/uploads\/2019\/09\/DSCN3830-www-768x576.jpg 768w, https:\/\/www.milosnicylasu.olsztyn.pl\/wp-content\/uploads\/2019\/09\/DSCN3830-www.jpg 1024w\" sizes=\"auto, (max-width: 300px) 100vw, 300px\" \/><\/a><\/strong><\/em><\/p>\n<p><strong> <a href=\"https:\/\/www.milosnicylasu.olsztyn.pl\/wp-content\/uploads\/2019\/09\/DSCN3820-www.jpg\" data-rel=\"lightbox-image-3\" data-magnific_type=\"image\" data-rl_title=\"\" data-rl_caption=\"\" title=\"\"><img loading=\"lazy\" decoding=\"async\" class=\"size-medium wp-image-4988 aligncenter\" src=\"https:\/\/www.milosnicylasu.olsztyn.pl\/wp-content\/uploads\/2019\/09\/DSCN3820-www-300x225.jpg\" alt=\"\" width=\"300\" height=\"225\" srcset=\"https:\/\/www.milosnicylasu.olsztyn.pl\/wp-content\/uploads\/2019\/09\/DSCN3820-www-300x225.jpg 300w, https:\/\/www.milosnicylasu.olsztyn.pl\/wp-content\/uploads\/2019\/09\/DSCN3820-www-768x576.jpg 768w, https:\/\/www.milosnicylasu.olsztyn.pl\/wp-content\/uploads\/2019\/09\/DSCN3820-www.jpg 1024w\" sizes=\"auto, (max-width: 300px) 100vw, 300px\" \/><\/a><a href=\"https:\/\/www.milosnicylasu.olsztyn.pl\/wp-content\/uploads\/2019\/09\/DSCN4027-www.jpg\" data-rel=\"lightbox-image-4\" data-magnific_type=\"image\" data-rl_title=\"\" data-rl_caption=\"\" title=\"\"><img loading=\"lazy\" decoding=\"async\" class=\"size-medium wp-image-4987 alignright\" src=\"https:\/\/www.milosnicylasu.olsztyn.pl\/wp-content\/uploads\/2019\/09\/DSCN4027-www-300x225.jpg\" alt=\"\" width=\"300\" height=\"225\" srcset=\"https:\/\/www.milosnicylasu.olsztyn.pl\/wp-content\/uploads\/2019\/09\/DSCN4027-www-300x225.jpg 300w, https:\/\/www.milosnicylasu.olsztyn.pl\/wp-content\/uploads\/2019\/09\/DSCN4027-www-768x576.jpg 768w, https:\/\/www.milosnicylasu.olsztyn.pl\/wp-content\/uploads\/2019\/09\/DSCN4027-www.jpg 1024w\" sizes=\"auto, (max-width: 300px) 100vw, 300px\" \/><\/a><\/strong><\/p>\n","protected":false},"excerpt":{"rendered":"<p>Nadle\u015bnictwo Kudypy zaprasza ma\u0142ych i du\u017cych, starszych i m\u0142odszych\u00a0 na : \u015awi\u0119to Pszcz\u00f3\u0142 w Le\u015bnym Arboretum w Kudypach 7-8 sierpnia 2021 roku \u00a0W programie: 11.00 Rozpocz\u0119cie \u015awi\u0119ta Pszcz\u00f3\u0142 11.3o Spacer z pszczelarzem \u2013 zwiedzenie \u015bcie\u017cki pszczelarza z przewodnikiem 12.00 Warsztaty plastyczne dla dzieci 12.30 Uroczyste sadzenie drzew i za\u0142o\u017cenie pszczelego ogr\u00f3dka 13.30 Spacer z pszczelarzem [&hellip;]<\/p>\n","protected":false},"author":2,"featured_media":0,"comment_status":"open","ping_status":"open","sticky":false,"template":"","format":"standard","meta":{"footnotes":""},"categories":[1,9,17,15],"tags":[],"class_list":["post-6459","post","type-post","status-publish","format-standard","hentry","category-bez-kategorii","category-ciekawostki","category-edukacja-w-terenie","category-komkurs"],"_links":{"self":[{"href":"https:\/\/www.milosnicylasu.olsztyn.pl\/index.php?rest_route=\/wp\/v2\/posts\/6459","targetHints":{"allow":["GET"]}}],"collection":[{"href":"https:\/\/www.milosnicylasu.olsztyn.pl\/index.php?rest_route=\/wp\/v2\/posts"}],"about":[{"href":"https:\/\/www.milosnicylasu.olsztyn.pl\/index.php?rest_route=\/wp\/v2\/types\/post"}],"author":[{"embeddable":true,"href":"https:\/\/www.milosnicylasu.olsztyn.pl\/index.php?rest_route=\/wp\/v2\/users\/2"}],"replies":[{"embeddable":true,"href":"https:\/\/www.milosnicylasu.olsztyn.pl\/index.php?rest_route=%2Fwp%2Fv2%2Fcomments&post=6459"}],"version-history":[{"count":4,"href":"https:\/\/www.milosnicylasu.olsztyn.pl\/index.php?rest_route=\/wp\/v2\/posts\/6459\/revisions"}],"predecessor-version":[{"id":6467,"href":"https:\/\/www.milosnicylasu.olsztyn.pl\/index.php?rest_route=\/wp\/v2\/posts\/6459\/revisions\/6467"}],"wp:attachment":[{"href":"https:\/\/www.milosnicylasu.olsztyn.pl\/index.php?rest_route=%2Fwp%2Fv2%2Fmedia&parent=6459"}],"wp:term":[{"taxonomy":"category","embeddable":true,"href":"https:\/\/www.milosnicylasu.olsztyn.pl\/index.php?rest_route=%2Fwp%2Fv2%2Fcategories&post=6459"},{"taxonomy":"post_tag","embeddable":true,"href":"https:\/\/www.milosnicylasu.olsztyn.pl\/index.php?rest_route=%2Fwp%2Fv2%2Ftags&post=6459"}],"curies":[{"name":"wp","href":"https:\/\/api.w.org\/{rel}","templated":true}]}}