{"id":6468,"date":"2021-08-07T08:34:25","date_gmt":"2021-08-07T06:34:25","guid":{"rendered":"https:\/\/www.milosnicylasu.olsztyn.pl\/?p=6468"},"modified":"2021-08-07T08:40:35","modified_gmt":"2021-08-07T06:40:35","slug":"zaczynamy-od-1-wrzesnia","status":"publish","type":"post","link":"https:\/\/www.milosnicylasu.olsztyn.pl\/?p=6468","title":{"rendered":"Zaczynamy od 1 wrze\u015bnia"},"content":{"rendered":"<p><a href=\"https:\/\/www.milosnicylasu.olsztyn.pl\/wp-content\/uploads\/2020\/10\/PA290193-www.jpg\" data-rel=\"lightbox-image-0\" data-magnific_type=\"image\" data-rl_title=\"\" data-rl_caption=\"\" title=\"\"><img loading=\"lazy\" decoding=\"async\" class=\"size-medium wp-image-5740 alignleft\" src=\"https:\/\/www.milosnicylasu.olsztyn.pl\/wp-content\/uploads\/2020\/10\/PA290193-www-300x225.jpg\" alt=\"\" width=\"300\" height=\"225\" srcset=\"https:\/\/www.milosnicylasu.olsztyn.pl\/wp-content\/uploads\/2020\/10\/PA290193-www-300x225.jpg 300w, https:\/\/www.milosnicylasu.olsztyn.pl\/wp-content\/uploads\/2020\/10\/PA290193-www-768x576.jpg 768w, https:\/\/www.milosnicylasu.olsztyn.pl\/wp-content\/uploads\/2020\/10\/PA290193-www.jpg 1024w\" sizes=\"auto, (max-width: 300px) 100vw, 300px\" \/><\/a><\/p>\n<p><strong>Jak zacz\u0119\u0142a si\u0119 pandemia, chroni\u0105c nas wszystkich, ograniczono, a wr\u0119cz zakazano wszelkich spotka\u0144. Od 1 lutego 2020 &#8211; w\u0142a\u015bciwie zamkni\u0119to nas w domu. Dla nas &#8211; cz\u0142onk\u00f3w Ko\u0142a Mi\u0142o\u015bnik\u00f3w Lasu i Militari\u00f3w LOK w Olsztynie\u00a0 &#8211; ludzi bardzo aktywnych, by\u0142o to szczeg\u00f3lnie trudno. Kontaktowali\u015bmy si\u0119 telefonicznie, poprzez stron\u0119 internetow\u0105, czasem &#8230;&#8230;&#8230;&#8230;jak s\u0142yszymy w lesie&#8230;&#8230;., ale o ile to prawda ? z inicjatywy niewielu os\u00f3b. <\/strong><\/p>\n<p><strong>Jako organizacja zawiesili\u015bmy nasze spotkania.<\/strong><\/p>\n<p><strong>Aktualnie sytuacja si\u0119 zmieni\u0142a, oby na zawsze. 6 sierpnia 2021, na spotkaniu Zarz\u0105du Ko\u0142a podj\u0119\u0142o uchwa\u0142\u0119 o rozpocz\u0119ciu pracy od 1 wrze\u015bnia 2021 roku. Kontynuacj\u0119 dzia\u0142alno\u015bci Ko\u0142a rozpoczniemy zebraniem w RDLP w Olsztynie 2 wrze\u015bnia 2021 roku, o godzinie 15,00. Porozmawiamy o planowanych wydarzeniach, jeszcze w tym roku, m.in. o sobotnich rajdach ekologicznych , treningach strzeleckich,\u00a0 zwiedzeniu starego nadle\u015bnictwa w nowej pi\u0119knej siedzibie&#8230;&#8230;&#8230;&#8230;<\/strong><\/p>\n<p><strong>Zapraszamy na zebranie. Pami\u0119tajmy o zachowaniu przepis\u00f3w covidowych \/ka\u017cdy musi mie\u0107 maseczk\u0119 zakrywaj\u0105c\u0105 nos i usta\/.<\/strong><\/p>\n<p><strong>Z powy\u017csz\u0105 informacj\u0105 prosimy podzieli\u0107 si\u0119 z innymi cz\u0142onkami Ko\u0142a. Nie wszyscy maj\u0105 dost\u0119p do internetu, wi\u0119c mo\u017ce najlepiej b\u0119dzie jak przeka\u017cemy zaproszenie na zebranie &#8222;poczt\u0105 pantoflow\u0105&#8221;.<\/strong><\/p>\n","protected":false},"excerpt":{"rendered":"<p>Jak zacz\u0119\u0142a si\u0119 pandemia, chroni\u0105c nas wszystkich, ograniczono, a wr\u0119cz zakazano wszelkich spotka\u0144. Od 1 lutego 2020 &#8211; w\u0142a\u015bciwie zamkni\u0119to nas w domu. Dla nas &#8211; cz\u0142onk\u00f3w Ko\u0142a Mi\u0142o\u015bnik\u00f3w Lasu i Militari\u00f3w LOK w Olsztynie\u00a0 &#8211; ludzi bardzo aktywnych, by\u0142o to szczeg\u00f3lnie trudno. Kontaktowali\u015bmy si\u0119 telefonicznie, poprzez stron\u0119 internetow\u0105, czasem &#8230;&#8230;&#8230;&#8230;jak s\u0142yszymy w lesie&#8230;&#8230;., ale [&hellip;]<\/p>\n","protected":false},"author":2,"featured_media":0,"comment_status":"open","ping_status":"open","sticky":false,"template":"","format":"standard","meta":{"footnotes":""},"categories":[1,9,17],"tags":[],"class_list":["post-6468","post","type-post","status-publish","format-standard","hentry","category-bez-kategorii","category-ciekawostki","category-edukacja-w-terenie"],"_links":{"self":[{"href":"https:\/\/www.milosnicylasu.olsztyn.pl\/index.php?rest_route=\/wp\/v2\/posts\/6468","targetHints":{"allow":["GET"]}}],"collection":[{"href":"https:\/\/www.milosnicylasu.olsztyn.pl\/index.php?rest_route=\/wp\/v2\/posts"}],"about":[{"href":"https:\/\/www.milosnicylasu.olsztyn.pl\/index.php?rest_route=\/wp\/v2\/types\/post"}],"author":[{"embeddable":true,"href":"https:\/\/www.milosnicylasu.olsztyn.pl\/index.php?rest_route=\/wp\/v2\/users\/2"}],"replies":[{"embeddable":true,"href":"https:\/\/www.milosnicylasu.olsztyn.pl\/index.php?rest_route=%2Fwp%2Fv2%2Fcomments&post=6468"}],"version-history":[{"count":5,"href":"https:\/\/www.milosnicylasu.olsztyn.pl\/index.php?rest_route=\/wp\/v2\/posts\/6468\/revisions"}],"predecessor-version":[{"id":6473,"href":"https:\/\/www.milosnicylasu.olsztyn.pl\/index.php?rest_route=\/wp\/v2\/posts\/6468\/revisions\/6473"}],"wp:attachment":[{"href":"https:\/\/www.milosnicylasu.olsztyn.pl\/index.php?rest_route=%2Fwp%2Fv2%2Fmedia&parent=6468"}],"wp:term":[{"taxonomy":"category","embeddable":true,"href":"https:\/\/www.milosnicylasu.olsztyn.pl\/index.php?rest_route=%2Fwp%2Fv2%2Fcategories&post=6468"},{"taxonomy":"post_tag","embeddable":true,"href":"https:\/\/www.milosnicylasu.olsztyn.pl\/index.php?rest_route=%2Fwp%2Fv2%2Ftags&post=6468"}],"curies":[{"name":"wp","href":"https:\/\/api.w.org\/{rel}","templated":true}]}}