{"id":647,"date":"2013-10-25T20:16:29","date_gmt":"2013-10-25T18:16:29","guid":{"rendered":"http:\/\/www.milosnicylasu.olsztyn.pl\/?p=647"},"modified":"2013-10-25T20:16:29","modified_gmt":"2013-10-25T18:16:29","slug":"zmarl-ksiadz-julian-zolnierkiewicz","status":"publish","type":"post","link":"https:\/\/www.milosnicylasu.olsztyn.pl\/?p=647","title":{"rendered":"Zmar\u0142 ksi\u0105dz Julian \u017bo\u0142nierkiewicz"},"content":{"rendered":"<div><\/div>\n<div>\n<h2><strong>W pi\u0105tek rano po ci\u0119\u017ckiej chorobie zmar\u0142 ksi\u0105dz\u00a0 Julian \u017bo\u0142nierkiewicz. Mia\u0142 82 lata.<\/strong><\/h2>\n<div><\/div>\n<div>Z Olsztynem zwi\u0105zany by\u0142 od 1951 roku, kiedy\u00a0 rozpocz\u0105\u0142 studia kap\u0142a\u0144skie w seminarium \u201eHosianum\u201d. Po ich uko\u0144czeniu, by\u0142\u00a0 przez trzy lata wikarym w E\u0142ku, a w 1959 wr\u00f3ci\u0142 do Olsztyna na sta\u0142e. Jako\u00a0 wikary, duszpasterz akademicki i przez dziesi\u0119ciolecia proboszcz, zwi\u0105zany by\u0142 z\u00a0 ko\u015bcio\u0142em Naj\u015bwi\u0119tszego Serca Pana Jezusa przy ulicy Mickiewicza w Olsztynie.<br \/>\nW 1980 roku zosta\u0142 kapelanem\u00a0 Solidarno\u015bci, po stanie wojennym by\u0142 ostoj\u0105 olszty\u0144skiej opozycji, po 1989\u00a0 przyczyni\u0142 si\u0119 do powstania w Olsztynie najwa\u017cniejszych organizacji\u00a0 kombatanckich i kresowych. By\u0142\u00a0\u00a0wielkim przyjacielem najm\u0142odszych i starszych olsztyniak\u00f3w.\u00a0\u00a0Powo\u0142a\u0142 pomagaj\u0105ce dzieciom stowarzyszenie \u201eArka\u201d,\u00a0 towarzyszy\u0142 nam podczas uroczysto\u015bci uniwersytet\u00f3w trzeciego wieku, opiekowa\u0142 si\u0119 wi\u0119\u017aniami. Ksi\u0105dz \u017bo\u0142nierkiewicz by\u0142 genera\u0142em zakonu\u00a0 malta\u0144skiego, doktorem socjologii, w Olsztynie prawdziw\u0105 instytucj\u0105.\u00a0Jest honorowym obywatelem Olsztyna.\u00a0\u00a0\u00a0\u00a0W swoim archiwum mamy zdj\u0119cie ksi\u0119dza zrobione podczas spotkania op\u0142atkowego cz\u0142onk\u00f3w \u00a0Akademii Trzeciego Wieku w Olsztynie, w 2011r.\u00a0\u00a0<a href=\"http:\/\/www.milosnicylasu.olsztyn.pl\/wp-content\/uploads\/2013\/10\/PC190127-www.jpg\" data-rel=\"lightbox-image-0\" data-magnific_type=\"image\" data-rl_title=\"\" data-rl_caption=\"\" title=\"\"><img loading=\"lazy\" decoding=\"async\" class=\"alignleft size-medium wp-image-648\" alt=\"PC190127-www\" src=\"http:\/\/www.milosnicylasu.olsztyn.pl\/wp-content\/uploads\/2013\/10\/PC190127-www-300x225.jpg\" width=\"300\" height=\"225\" srcset=\"https:\/\/www.milosnicylasu.olsztyn.pl\/wp-content\/uploads\/2013\/10\/PC190127-www-300x225.jpg 300w, https:\/\/www.milosnicylasu.olsztyn.pl\/wp-content\/uploads\/2013\/10\/PC190127-www-400x300.jpg 400w, https:\/\/www.milosnicylasu.olsztyn.pl\/wp-content\/uploads\/2013\/10\/PC190127-www.jpg 1024w\" sizes=\"auto, (max-width: 300px) 100vw, 300px\" \/><\/a>\u00a0Na pami\u0105tk\u0119 tego spotkania otrzyma\u0142 &#8222;wst\u0105\u017ceczkow\u0105 bombk\u0119&#8221;.<\/div>\n<div><\/div>\n<div><\/div>\n<div>\u017begnamy go z\u00a0wielkim \u017calem.<\/div>\n<\/div>\n<p>&nbsp;<\/p>\n","protected":false},"excerpt":{"rendered":"<p>W pi\u0105tek rano po ci\u0119\u017ckiej chorobie zmar\u0142 ksi\u0105dz\u00a0 Julian \u017bo\u0142nierkiewicz. Mia\u0142 82 lata. Z Olsztynem zwi\u0105zany by\u0142 od 1951 roku, kiedy\u00a0 rozpocz\u0105\u0142 studia kap\u0142a\u0144skie w seminarium \u201eHosianum\u201d. Po ich uko\u0144czeniu, by\u0142\u00a0 przez trzy lata wikarym w E\u0142ku, a w 1959 wr\u00f3ci\u0142 do Olsztyna na sta\u0142e. Jako\u00a0 wikary, duszpasterz akademicki i przez dziesi\u0119ciolecia proboszcz, zwi\u0105zany by\u0142 [&hellip;]<\/p>\n","protected":false},"author":1,"featured_media":0,"comment_status":"open","ping_status":"open","sticky":false,"template":"","format":"standard","meta":{"footnotes":""},"categories":[1],"tags":[],"class_list":["post-647","post","type-post","status-publish","format-standard","hentry","category-bez-kategorii"],"_links":{"self":[{"href":"https:\/\/www.milosnicylasu.olsztyn.pl\/index.php?rest_route=\/wp\/v2\/posts\/647","targetHints":{"allow":["GET"]}}],"collection":[{"href":"https:\/\/www.milosnicylasu.olsztyn.pl\/index.php?rest_route=\/wp\/v2\/posts"}],"about":[{"href":"https:\/\/www.milosnicylasu.olsztyn.pl\/index.php?rest_route=\/wp\/v2\/types\/post"}],"author":[{"embeddable":true,"href":"https:\/\/www.milosnicylasu.olsztyn.pl\/index.php?rest_route=\/wp\/v2\/users\/1"}],"replies":[{"embeddable":true,"href":"https:\/\/www.milosnicylasu.olsztyn.pl\/index.php?rest_route=%2Fwp%2Fv2%2Fcomments&post=647"}],"version-history":[{"count":1,"href":"https:\/\/www.milosnicylasu.olsztyn.pl\/index.php?rest_route=\/wp\/v2\/posts\/647\/revisions"}],"predecessor-version":[{"id":649,"href":"https:\/\/www.milosnicylasu.olsztyn.pl\/index.php?rest_route=\/wp\/v2\/posts\/647\/revisions\/649"}],"wp:attachment":[{"href":"https:\/\/www.milosnicylasu.olsztyn.pl\/index.php?rest_route=%2Fwp%2Fv2%2Fmedia&parent=647"}],"wp:term":[{"taxonomy":"category","embeddable":true,"href":"https:\/\/www.milosnicylasu.olsztyn.pl\/index.php?rest_route=%2Fwp%2Fv2%2Fcategories&post=647"},{"taxonomy":"post_tag","embeddable":true,"href":"https:\/\/www.milosnicylasu.olsztyn.pl\/index.php?rest_route=%2Fwp%2Fv2%2Ftags&post=647"}],"curies":[{"name":"wp","href":"https:\/\/api.w.org\/{rel}","templated":true}]}}