{"id":6486,"date":"2021-08-08T16:32:18","date_gmt":"2021-08-08T14:32:18","guid":{"rendered":"https:\/\/www.milosnicylasu.olsztyn.pl\/?p=6486"},"modified":"2021-08-08T16:46:00","modified_gmt":"2021-08-08T14:46:00","slug":"swieto-pszczol-w-kudypach","status":"publish","type":"post","link":"https:\/\/www.milosnicylasu.olsztyn.pl\/?p=6486","title":{"rendered":"\u015aWI\u0118TO PSZCZ\u00d3\u0141 W KUDYPACH"},"content":{"rendered":"<p>&nbsp;<\/p>\n<p><strong><a href=\"https:\/\/www.milosnicylasu.olsztyn.pl\/wp-content\/uploads\/2021\/08\/DSCN7987-www.jpg\" data-rel=\"lightbox-image-0\" data-magnific_type=\"image\" data-rl_title=\"\" data-rl_caption=\"\" title=\"\"><img loading=\"lazy\" decoding=\"async\" class=\"size-medium wp-image-6475 alignleft\" src=\"https:\/\/www.milosnicylasu.olsztyn.pl\/wp-content\/uploads\/2021\/08\/DSCN7987-www-300x225.jpg\" alt=\"\" width=\"300\" height=\"225\" srcset=\"https:\/\/www.milosnicylasu.olsztyn.pl\/wp-content\/uploads\/2021\/08\/DSCN7987-www-300x225.jpg 300w, https:\/\/www.milosnicylasu.olsztyn.pl\/wp-content\/uploads\/2021\/08\/DSCN7987-www-768x576.jpg 768w, https:\/\/www.milosnicylasu.olsztyn.pl\/wp-content\/uploads\/2021\/08\/DSCN7987-www.jpg 1024w\" sizes=\"auto, (max-width: 300px) 100vw, 300px\" \/><\/a>Pszczo\u0142y i inne owady zapylaj\u0105ce odgrywaj\u0105 kluczow\u0105 rol\u0119 w naszym ekosystemie. Co trzecia \u0142y\u017cka jedzenia, kt\u00f3re spo\u017cywamy, zale\u017cy od procesu zapylania. W samej Europie od zapylania przez owady uzale\u017cnione jest ponad 4000 odmian warzyw. Gdyby owady zapylaj\u0105ce znikn\u0119\u0142y, dla \u015bwiata oznacza\u0142oby to katastrof\u0119 nie tylko ekologiczn\u0105 &#8211; za\u0142ama\u0142aby si\u0119 produkcja \u017cywno\u015bci. Co sta\u0142oby si\u0119 z zapylaniem? Jak mog\u0142oby si\u0119 odbywa\u0107? R\u0119czne zapylanie jest niezwykle drogie, powolne i wymaga ogromnych nak\u0142ad\u00f3w pracy. Globalna warto\u015b\u0107 ekonomiczna zapylania przez pszczo\u0142y zosta\u0142a ustalona na 265 milion\u00f3w euro rocznie. Tak wi\u0119c z punktu widzenia samej ekonomii, op\u0142aca nam si\u0119 chroni\u0107 pszczo\u0142y!<a href=\"https:\/\/www.milosnicylasu.olsztyn.pl\/wp-content\/uploads\/2021\/08\/DSCN7959-www.jpg\" data-rel=\"lightbox-image-1\" data-magnific_type=\"image\" data-rl_title=\"\" data-rl_caption=\"\" title=\"\"><img loading=\"lazy\" decoding=\"async\" class=\"size-medium wp-image-6476 alignright\" src=\"https:\/\/www.milosnicylasu.olsztyn.pl\/wp-content\/uploads\/2021\/08\/DSCN7959-www-300x225.jpg\" alt=\"\" width=\"300\" height=\"225\" srcset=\"https:\/\/www.milosnicylasu.olsztyn.pl\/wp-content\/uploads\/2021\/08\/DSCN7959-www-300x225.jpg 300w, https:\/\/www.milosnicylasu.olsztyn.pl\/wp-content\/uploads\/2021\/08\/DSCN7959-www-768x576.jpg 768w, https:\/\/www.milosnicylasu.olsztyn.pl\/wp-content\/uploads\/2021\/08\/DSCN7959-www.jpg 1024w\" sizes=\"auto, (max-width: 300px) 100vw, 300px\" \/><\/a><\/strong><\/p>\n<p><strong>Jeszcze wi\u0119cej informacji pozyskali\u015bmy podczas sobotniego pobytu w Le\u015bnym Arboretum w Kudypach. Przeszli\u015bmy &#8222;\u015acie\u017ck\u0105 Pszczelarza&#8221;, zapoznali\u015bmy si\u0119 z tablicami i mogli\u015bmy odpowiedzie\u0107 na pytania, kt\u00f3re zawarte by\u0142y na kartkach, kt\u00f3re nam wr\u0119czono na pocz\u0105tku naszej w\u0119dr\u00f3wki. Poprawne odpowiedzi by\u0142y podstaw\u0105 do otrzymania nagrody, kt\u00f3re zwi\u0105zane by\u0142y z obchodzonym \u015bwi\u0119tem. Niekt\u00f3re wiadomo\u015bci by\u0142y zaskakuj\u0105ce np. pszcz\u00f3\u0142 robotnic mo\u017ce by\u0107 w ulu 60000, pszczo\u0142a robotnica \u017cyje 35 dni, trute\u0144 50, dzika pszczo\u0142a w ci\u0105gu minuty mo\u017ce oblecie\u0107 35 kwiat\u00f3w, masa nektaru przenoszonego przez pszczo\u0142\u0119 robotnic\u0119 mo\u017ce stanowi\u0107 nawet 70 % jej cia\u0142a. <a href=\"https:\/\/www.milosnicylasu.olsztyn.pl\/wp-content\/uploads\/2021\/08\/DSCN7974-www.jpg\" data-rel=\"lightbox-image-2\" data-magnific_type=\"image\" data-rl_title=\"\" data-rl_caption=\"\" title=\"\"><img loading=\"lazy\" decoding=\"async\" class=\"size-medium wp-image-6478 alignleft\" src=\"https:\/\/www.milosnicylasu.olsztyn.pl\/wp-content\/uploads\/2021\/08\/DSCN7974-www-300x225.jpg\" alt=\"\" width=\"300\" height=\"225\" srcset=\"https:\/\/www.milosnicylasu.olsztyn.pl\/wp-content\/uploads\/2021\/08\/DSCN7974-www-300x225.jpg 300w, https:\/\/www.milosnicylasu.olsztyn.pl\/wp-content\/uploads\/2021\/08\/DSCN7974-www-768x576.jpg 768w, https:\/\/www.milosnicylasu.olsztyn.pl\/wp-content\/uploads\/2021\/08\/DSCN7974-www.jpg 1024w\" sizes=\"auto, (max-width: 300px) 100vw, 300px\" \/><\/a><\/strong><\/p>\n<p><strong>Mi\u0142\u0105 niespodziank\u0105 by\u0142o spotkanie ze starost\u0105 olszty\u0144skim Panem, Andrzejem Abako, kt\u00f3ry z nami w\u0119drowa\u0142 \u015bcie\u017ck\u0105 edukacyjn\u0105, szukaj\u0105c odpowiedzi na pytania. Do\u0142\u0105czy\u0142 te\u017c Nadle\u015bniczy Kudyp Pan Mariusz Orzechowski, a tak\u017ce Pani Paulina Rutkowska, kt\u00f3ra by\u0142a sprawczyni\u0105 tego \u015bwi\u0119ta. Dzi\u0119kujemy serdecznie za zaproszenie, za mo\u017cliwo\u015b\u0107 sp\u0119dzenia soboty w pi\u0119knej s\u0142onecznej scenerii, w\u015br\u00f3d mi\u0142ych, przyjaznych os\u00f3b, za wiedz\u0119 oraz za &#8230;&#8230;.nagrody, bo oczywi\u015bcie wygrali\u015bmy <\/strong><a href=\"https:\/\/www.milosnicylasu.olsztyn.pl\/wp-content\/uploads\/2021\/08\/DSCN7974-www.jpg\" data-rel=\"lightbox-image-3\" data-magnific_type=\"image\" data-rl_title=\"\" data-rl_caption=\"\" title=\"\"><strong>!<a href=\"https:\/\/www.milosnicylasu.olsztyn.pl\/wp-content\/uploads\/2021\/08\/DSCN7979-www.jpg\" title=\"\"><img loading=\"lazy\" decoding=\"async\" class=\"size-medium wp-image-6479 alignright\" src=\"https:\/\/www.milosnicylasu.olsztyn.pl\/wp-content\/uploads\/2021\/08\/DSCN7979-www-300x225.jpg\" alt=\"\" width=\"300\" height=\"225\" srcset=\"https:\/\/www.milosnicylasu.olsztyn.pl\/wp-content\/uploads\/2021\/08\/DSCN7979-www-300x225.jpg 300w, https:\/\/www.milosnicylasu.olsztyn.pl\/wp-content\/uploads\/2021\/08\/DSCN7979-www-768x576.jpg 768w, https:\/\/www.milosnicylasu.olsztyn.pl\/wp-content\/uploads\/2021\/08\/DSCN7979-www.jpg 1024w\" sizes=\"auto, (max-width: 300px) 100vw, 300px\" \/><\/a><\/strong><\/a><\/p>\n<p><strong>Prawid\u0142owo odpowiedzieli\u015bmy na 11 pyta\u0144, a w czasie warsztat\u00f3w uda\u0142o nam si\u0119 zrobi\u0107 \u015bwieczki z wosku.<\/strong><\/p>\n<p><strong>W Arboretum jeste\u015bmy kilka razy w roku i zawsze zaskakuj\u0105 nas nowo\u015bci. Tym raze<\/strong>m <strong>podziwiali\u015bmy nowych mieszka\u0144c\u00f3w &#8211; wielk\u0105 nied\u017awiedzice i jej urocze ma\u0142e.<a href=\"https:\/\/www.milosnicylasu.olsztyn.pl\/wp-content\/uploads\/2021\/08\/DSCN7960-www.jpg\" data-rel=\"lightbox-image-4\" data-magnific_type=\"image\" data-rl_title=\"\" data-rl_caption=\"\" title=\"\"><img loading=\"lazy\" decoding=\"async\" class=\"size-medium wp-image-6477 alignleft\" src=\"https:\/\/www.milosnicylasu.olsztyn.pl\/wp-content\/uploads\/2021\/08\/DSCN7960-www-300x225.jpg\" alt=\"\" width=\"300\" height=\"225\" srcset=\"https:\/\/www.milosnicylasu.olsztyn.pl\/wp-content\/uploads\/2021\/08\/DSCN7960-www-300x225.jpg 300w, https:\/\/www.milosnicylasu.olsztyn.pl\/wp-content\/uploads\/2021\/08\/DSCN7960-www-768x576.jpg 768w, https:\/\/www.milosnicylasu.olsztyn.pl\/wp-content\/uploads\/2021\/08\/DSCN7960-www.jpg 1024w\" sizes=\"auto, (max-width: 300px) 100vw, 300px\" \/><\/a>\u00a0<\/strong><\/p>\n<p>&nbsp;<\/p>\n<p><a href=\"https:\/\/www.milosnicylasu.olsztyn.pl\/wp-content\/uploads\/2021\/08\/DSCN7962-www-scaled.jpg\" data-rel=\"lightbox-image-5\" data-magnific_type=\"image\" data-rl_title=\"\" data-rl_caption=\"\" title=\"\"><img loading=\"lazy\" decoding=\"async\" class=\"alignnone size-medium wp-image-6490\" src=\"https:\/\/www.milosnicylasu.olsztyn.pl\/wp-content\/uploads\/2021\/08\/DSCN7962-www-225x300.jpg\" alt=\"\" width=\"225\" height=\"300\" srcset=\"https:\/\/www.milosnicylasu.olsztyn.pl\/wp-content\/uploads\/2021\/08\/DSCN7962-www-225x300.jpg 225w, https:\/\/www.milosnicylasu.olsztyn.pl\/wp-content\/uploads\/2021\/08\/DSCN7962-www-768x1024.jpg 768w, https:\/\/www.milosnicylasu.olsztyn.pl\/wp-content\/uploads\/2021\/08\/DSCN7962-www-1152x1536.jpg 1152w, https:\/\/www.milosnicylasu.olsztyn.pl\/wp-content\/uploads\/2021\/08\/DSCN7962-www-1536x2048.jpg 1536w, https:\/\/www.milosnicylasu.olsztyn.pl\/wp-content\/uploads\/2021\/08\/DSCN7962-www-scaled.jpg 1920w\" sizes=\"auto, (max-width: 225px) 100vw, 225px\" \/><\/a><\/p>\n<p>&nbsp;<\/p>\n<p>&nbsp;<\/p>\n","protected":false},"excerpt":{"rendered":"<p>&nbsp; Pszczo\u0142y i inne owady zapylaj\u0105ce odgrywaj\u0105 kluczow\u0105 rol\u0119 w naszym ekosystemie. Co trzecia \u0142y\u017cka jedzenia, kt\u00f3re spo\u017cywamy, zale\u017cy od procesu zapylania. W samej Europie od zapylania przez owady uzale\u017cnione jest ponad 4000 odmian warzyw. Gdyby owady zapylaj\u0105ce znikn\u0119\u0142y, dla \u015bwiata oznacza\u0142oby to katastrof\u0119 nie tylko ekologiczn\u0105 &#8211; za\u0142ama\u0142aby si\u0119 produkcja \u017cywno\u015bci. Co sta\u0142oby si\u0119 [&hellip;]<\/p>\n","protected":false},"author":2,"featured_media":0,"comment_status":"open","ping_status":"open","sticky":false,"template":"","format":"standard","meta":{"footnotes":""},"categories":[1,9,17,15],"tags":[],"class_list":["post-6486","post","type-post","status-publish","format-standard","hentry","category-bez-kategorii","category-ciekawostki","category-edukacja-w-terenie","category-komkurs"],"_links":{"self":[{"href":"https:\/\/www.milosnicylasu.olsztyn.pl\/index.php?rest_route=\/wp\/v2\/posts\/6486","targetHints":{"allow":["GET"]}}],"collection":[{"href":"https:\/\/www.milosnicylasu.olsztyn.pl\/index.php?rest_route=\/wp\/v2\/posts"}],"about":[{"href":"https:\/\/www.milosnicylasu.olsztyn.pl\/index.php?rest_route=\/wp\/v2\/types\/post"}],"author":[{"embeddable":true,"href":"https:\/\/www.milosnicylasu.olsztyn.pl\/index.php?rest_route=\/wp\/v2\/users\/2"}],"replies":[{"embeddable":true,"href":"https:\/\/www.milosnicylasu.olsztyn.pl\/index.php?rest_route=%2Fwp%2Fv2%2Fcomments&post=6486"}],"version-history":[{"count":4,"href":"https:\/\/www.milosnicylasu.olsztyn.pl\/index.php?rest_route=\/wp\/v2\/posts\/6486\/revisions"}],"predecessor-version":[{"id":6491,"href":"https:\/\/www.milosnicylasu.olsztyn.pl\/index.php?rest_route=\/wp\/v2\/posts\/6486\/revisions\/6491"}],"wp:attachment":[{"href":"https:\/\/www.milosnicylasu.olsztyn.pl\/index.php?rest_route=%2Fwp%2Fv2%2Fmedia&parent=6486"}],"wp:term":[{"taxonomy":"category","embeddable":true,"href":"https:\/\/www.milosnicylasu.olsztyn.pl\/index.php?rest_route=%2Fwp%2Fv2%2Fcategories&post=6486"},{"taxonomy":"post_tag","embeddable":true,"href":"https:\/\/www.milosnicylasu.olsztyn.pl\/index.php?rest_route=%2Fwp%2Fv2%2Ftags&post=6486"}],"curies":[{"name":"wp","href":"https:\/\/api.w.org\/{rel}","templated":true}]}}