{"id":6496,"date":"2021-08-20T05:59:00","date_gmt":"2021-08-20T03:59:00","guid":{"rendered":"https:\/\/www.milosnicylasu.olsztyn.pl\/?p=6496"},"modified":"2021-08-20T05:59:00","modified_gmt":"2021-08-20T03:59:00","slug":"a-moze-do-lasu","status":"publish","type":"post","link":"https:\/\/www.milosnicylasu.olsztyn.pl\/?p=6496","title":{"rendered":"A mo\u017ce do lasu?"},"content":{"rendered":"<p><a href=\"https:\/\/www.milosnicylasu.olsztyn.pl\/wp-content\/uploads\/2021\/08\/IMG-20210819-WA0004-www.jpg\" data-rel=\"lightbox-image-0\" data-magnific_type=\"image\" data-rl_title=\"\" data-rl_caption=\"\" title=\"\"><img loading=\"lazy\" decoding=\"async\" class=\"size-medium wp-image-6497 alignleft\" src=\"https:\/\/www.milosnicylasu.olsztyn.pl\/wp-content\/uploads\/2021\/08\/IMG-20210819-WA0004-www-225x300.jpg\" alt=\"\" width=\"225\" height=\"300\" srcset=\"https:\/\/www.milosnicylasu.olsztyn.pl\/wp-content\/uploads\/2021\/08\/IMG-20210819-WA0004-www-225x300.jpg 225w, https:\/\/www.milosnicylasu.olsztyn.pl\/wp-content\/uploads\/2021\/08\/IMG-20210819-WA0004-www.jpg 768w\" sizes=\"auto, (max-width: 225px) 100vw, 225px\" \/><\/a><strong>Adam Siemakowicz zaprasza na\u00a0 rydze \u2013 ju\u017c si\u0119 pokaza\u0142y w Nadle\u015bnictwie Olsztyn. I proponuje spos\u00f3b ich przygotowania.<\/strong><\/p>\n<p><strong>Grzyby oczy\u015bci\u0107, op\u0142uka\u0107 i dok\u0142adnie os\u0105czy\u0107. Mas\u0142o roztopi\u0107 na patelni, wrzuci\u0107 pokrojone grzyby i sma\u017cy\u0107 oko\u0142o 30 minut, \u00a0po tym czasie wla\u0107 \u015bmietan\u0119, przyprawi\u0107 sol\u0105 i pieprzem. Chwilk\u0119 przesma\u017cy\u0107 ca\u0142y czas mieszaj\u0105c.<\/strong><\/p>\n<p><strong>Najlepiej smakuj\u0105 gor\u0105ce ze \u015bwie\u017cym pieczywem.<a href=\"https:\/\/www.milosnicylasu.olsztyn.pl\/wp-content\/uploads\/2021\/08\/IMG-20210819-WA0002-www.jpg\" data-rel=\"lightbox-image-1\" data-magnific_type=\"image\" data-rl_title=\"\" data-rl_caption=\"\" title=\"\"><img loading=\"lazy\" decoding=\"async\" class=\"size-medium wp-image-6498 alignright\" src=\"https:\/\/www.milosnicylasu.olsztyn.pl\/wp-content\/uploads\/2021\/08\/IMG-20210819-WA0002-www-225x300.jpg\" alt=\"\" width=\"225\" height=\"300\" srcset=\"https:\/\/www.milosnicylasu.olsztyn.pl\/wp-content\/uploads\/2021\/08\/IMG-20210819-WA0002-www-225x300.jpg 225w, https:\/\/www.milosnicylasu.olsztyn.pl\/wp-content\/uploads\/2021\/08\/IMG-20210819-WA0002-www.jpg 768w\" sizes=\"auto, (max-width: 225px) 100vw, 225px\" \/><\/a><\/strong><\/p>\n","protected":false},"excerpt":{"rendered":"<p>Adam Siemakowicz zaprasza na\u00a0 rydze \u2013 ju\u017c si\u0119 pokaza\u0142y w Nadle\u015bnictwie Olsztyn. I proponuje spos\u00f3b ich przygotowania. Grzyby oczy\u015bci\u0107, op\u0142uka\u0107 i dok\u0142adnie os\u0105czy\u0107. Mas\u0142o roztopi\u0107 na patelni, wrzuci\u0107 pokrojone grzyby i sma\u017cy\u0107 oko\u0142o 30 minut, \u00a0po tym czasie wla\u0107 \u015bmietan\u0119, przyprawi\u0107 sol\u0105 i pieprzem. Chwilk\u0119 przesma\u017cy\u0107 ca\u0142y czas mieszaj\u0105c. Najlepiej smakuj\u0105 gor\u0105ce ze \u015bwie\u017cym pieczywem.<\/p>\n","protected":false},"author":2,"featured_media":0,"comment_status":"open","ping_status":"open","sticky":false,"template":"","format":"standard","meta":{"footnotes":""},"categories":[1,9,17],"tags":[],"class_list":["post-6496","post","type-post","status-publish","format-standard","hentry","category-bez-kategorii","category-ciekawostki","category-edukacja-w-terenie"],"_links":{"self":[{"href":"https:\/\/www.milosnicylasu.olsztyn.pl\/index.php?rest_route=\/wp\/v2\/posts\/6496","targetHints":{"allow":["GET"]}}],"collection":[{"href":"https:\/\/www.milosnicylasu.olsztyn.pl\/index.php?rest_route=\/wp\/v2\/posts"}],"about":[{"href":"https:\/\/www.milosnicylasu.olsztyn.pl\/index.php?rest_route=\/wp\/v2\/types\/post"}],"author":[{"embeddable":true,"href":"https:\/\/www.milosnicylasu.olsztyn.pl\/index.php?rest_route=\/wp\/v2\/users\/2"}],"replies":[{"embeddable":true,"href":"https:\/\/www.milosnicylasu.olsztyn.pl\/index.php?rest_route=%2Fwp%2Fv2%2Fcomments&post=6496"}],"version-history":[{"count":1,"href":"https:\/\/www.milosnicylasu.olsztyn.pl\/index.php?rest_route=\/wp\/v2\/posts\/6496\/revisions"}],"predecessor-version":[{"id":6499,"href":"https:\/\/www.milosnicylasu.olsztyn.pl\/index.php?rest_route=\/wp\/v2\/posts\/6496\/revisions\/6499"}],"wp:attachment":[{"href":"https:\/\/www.milosnicylasu.olsztyn.pl\/index.php?rest_route=%2Fwp%2Fv2%2Fmedia&parent=6496"}],"wp:term":[{"taxonomy":"category","embeddable":true,"href":"https:\/\/www.milosnicylasu.olsztyn.pl\/index.php?rest_route=%2Fwp%2Fv2%2Fcategories&post=6496"},{"taxonomy":"post_tag","embeddable":true,"href":"https:\/\/www.milosnicylasu.olsztyn.pl\/index.php?rest_route=%2Fwp%2Fv2%2Ftags&post=6496"}],"curies":[{"name":"wp","href":"https:\/\/api.w.org\/{rel}","templated":true}]}}