{"id":65,"date":"2013-03-25T12:20:16","date_gmt":"2013-03-25T11:20:16","guid":{"rendered":"http:\/\/www.milosnicylasu.olsztyn.pl\/?p=65"},"modified":"2013-04-24T06:41:29","modified_gmt":"2013-04-24T04:41:29","slug":"swiatowy-dzien-wody-2013-dni-otwarte-przedsiebiorstwa-wodociagow-i-kanalizacji-w-olsztynie","status":"publish","type":"post","link":"https:\/\/www.milosnicylasu.olsztyn.pl\/?p=65","title":{"rendered":"\u015awiatowy Dzie\u0144 Wody 2013 &#8211; dni otwarte Przedsi\u0119biorstwa Wodoci\u0105g\u00f3w i Kanalizacji w Olsztynie"},"content":{"rendered":"<p><a href=\"http:\/\/www.milosnicylasu.olsztyn.pl\/?attachment_id=86\" rel=\"attachment wp-att-86\"><img loading=\"lazy\" decoding=\"async\" class=\"size-medium wp-image-86 alignleft\" alt=\"PICT0245\" src=\"http:\/\/www.milosnicylasu.olsztyn.pl\/wp-content\/uploads\/2013\/03\/PICT0245-300x225.jpg\" width=\"300\" height=\"225\" srcset=\"https:\/\/www.milosnicylasu.olsztyn.pl\/wp-content\/uploads\/2013\/03\/PICT0245-300x225.jpg 300w, https:\/\/www.milosnicylasu.olsztyn.pl\/wp-content\/uploads\/2013\/03\/PICT0245-1024x768.jpg 1024w, https:\/\/www.milosnicylasu.olsztyn.pl\/wp-content\/uploads\/2013\/03\/PICT0245.jpg 1600w\" sizes=\"auto, (max-width: 300px) 100vw, 300px\" \/><\/a>23 marca 2013 r, z okazji \u015awiatowego Dnia Wody 2013, podczas sobotniego rajdu odwiedzili\u015bmy Stacj\u0119 Uzdatniania Wody, gdzie zwiedzili\u015bmy oczyszczalni\u0119 \u015bciek\u00f3w oraz suszarni\u0119 i spalarni\u0119 osad\u00f3w \u015bciekowych przy ul. Le\u015bnej.<\/p>\n<p>W bie\u017c\u0105cym roku, z uwagi na ustanowienie Mi\u0119dzynarodowego Roku Wsp\u00f3\u0142pracy w Dziedzinie Wody, \u015awiatowy Dzie\u0144 Wody odbywa si\u0119 pod tym samym has\u0142em co ustanowiony Rok. Organizacja Narod\u00f3w Zjednoczonych chce zwr\u00f3ci\u0107 spo\u0142ecze\u0144stwom uwag\u0119 jak wielk\u0105 rol\u0119 w racjonalnej, zr\u00f3wnowa\u017conej , odpowiedzialnej gospodarce wodnej, jak r\u00f3wnie\u017c w innych dzia\u0142aniach, odgrywa wsp\u00f3\u0142praca pomi\u0119dzy lud\u017ami, spo\u0142eczno\u015bciami, narodami itp.<br \/>\nTe i inne informacje przekazali nam pracownicy Przedsi\u0119biorstwa, a na zako\u0144czenie otrzymali\u015bmy ksi\u0105\u017ck\u0119, dzi\u0119ki kt\u00f3rej nasz\u0105 wiedz\u0119 o wodzie i jej oczyszczaniu mo\u017cemy pog\u0142\u0119bi\u0107 w domu.<\/p>\n<p>Fotoreporta\u017c z rajdu mo\u017cna obejrze\u0107 w galerii: <a href=\"https:\/\/picasaweb.google.com\/112488134874935143308\/2013Marca23RajdWodociagi\" target=\"_blank\">Rajd 23 marca 2013<\/a><\/p>\n<p>&nbsp;<\/p>\n","protected":false},"excerpt":{"rendered":"<p>23 marca 2013 r, z okazji \u015awiatowego Dnia Wody 2013, podczas sobotniego rajdu odwiedzili\u015bmy Stacj\u0119 Uzdatniania Wody, gdzie zwiedzili\u015bmy oczyszczalni\u0119 \u015bciek\u00f3w oraz suszarni\u0119 i spalarni\u0119 osad\u00f3w \u015bciekowych przy ul. Le\u015bnej. W bie\u017c\u0105cym roku, z uwagi na ustanowienie Mi\u0119dzynarodowego Roku Wsp\u00f3\u0142pracy w Dziedzinie Wody, \u015awiatowy Dzie\u0144 Wody odbywa si\u0119 pod tym samym has\u0142em co ustanowiony Rok. [&hellip;]<\/p>\n","protected":false},"author":1,"featured_media":0,"comment_status":"open","ping_status":"open","sticky":false,"template":"","format":"standard","meta":{"footnotes":""},"categories":[2],"tags":[],"class_list":["post-65","post","type-post","status-publish","format-standard","hentry","category-rajdy"],"_links":{"self":[{"href":"https:\/\/www.milosnicylasu.olsztyn.pl\/index.php?rest_route=\/wp\/v2\/posts\/65","targetHints":{"allow":["GET"]}}],"collection":[{"href":"https:\/\/www.milosnicylasu.olsztyn.pl\/index.php?rest_route=\/wp\/v2\/posts"}],"about":[{"href":"https:\/\/www.milosnicylasu.olsztyn.pl\/index.php?rest_route=\/wp\/v2\/types\/post"}],"author":[{"embeddable":true,"href":"https:\/\/www.milosnicylasu.olsztyn.pl\/index.php?rest_route=\/wp\/v2\/users\/1"}],"replies":[{"embeddable":true,"href":"https:\/\/www.milosnicylasu.olsztyn.pl\/index.php?rest_route=%2Fwp%2Fv2%2Fcomments&post=65"}],"version-history":[{"count":9,"href":"https:\/\/www.milosnicylasu.olsztyn.pl\/index.php?rest_route=\/wp\/v2\/posts\/65\/revisions"}],"predecessor-version":[{"id":296,"href":"https:\/\/www.milosnicylasu.olsztyn.pl\/index.php?rest_route=\/wp\/v2\/posts\/65\/revisions\/296"}],"wp:attachment":[{"href":"https:\/\/www.milosnicylasu.olsztyn.pl\/index.php?rest_route=%2Fwp%2Fv2%2Fmedia&parent=65"}],"wp:term":[{"taxonomy":"category","embeddable":true,"href":"https:\/\/www.milosnicylasu.olsztyn.pl\/index.php?rest_route=%2Fwp%2Fv2%2Fcategories&post=65"},{"taxonomy":"post_tag","embeddable":true,"href":"https:\/\/www.milosnicylasu.olsztyn.pl\/index.php?rest_route=%2Fwp%2Fv2%2Ftags&post=65"}],"curies":[{"name":"wp","href":"https:\/\/api.w.org\/{rel}","templated":true}]}}