{"id":6512,"date":"2021-09-10T15:52:42","date_gmt":"2021-09-10T13:52:42","guid":{"rendered":"https:\/\/www.milosnicylasu.olsztyn.pl\/?p=6512"},"modified":"2021-09-10T16:02:18","modified_gmt":"2021-09-10T14:02:18","slug":"6512","status":"publish","type":"post","link":"https:\/\/www.milosnicylasu.olsztyn.pl\/?p=6512","title":{"rendered":"Zebranie 2 wrze\u015bnia 2021"},"content":{"rendered":"<p><strong>W dniu 02.09.2021r. po 19 miesi\u0105cach przerwy spowodowanej pandemi\u0105, odby\u0142o si\u0119 pierwsze spotkanie naszych cz\u0142onk\u00f3w w siedzibie RDLP w Olsztynie.<br \/>\n<\/strong><\/p>\n<p><strong>\u00a0 Na pocz\u0105tku,\u00a0 chwil\u0105 ciszy, uczcili\u015bmy\u00a0 pami\u0119\u0107 <\/strong><strong>Bogusia Szuta i Wojtka Wernera &#8211; cz\u0142onk\u00f3w Ko\u0142a, kt\u00f3rzy zmarli.<br \/>\n<\/strong><\/p>\n<p><strong>\u00a0Nast\u0119pnie om<\/strong><strong>awiano sprawy organizacyjne dotycz\u0105ce miesi\u0105ca wrze\u015bnia, zbierano sk\u0142adki cz\u0142onkowskie. przyjmowano wp\u0142aty na\u00a0 spotkanie w dniu 24 wrze\u015bnia 2021r. w nowym obiekcie Nadle\u015bnictwa Olsztyn, gdzie odb\u0119dzie si\u0119 \u201eTerenowa edukacja historyczna\u201d.<\/strong><\/p>\n<p><strong>Bardzo mi\u0142ym punktem zebrania by\u0142o wr\u0119czenie<\/strong> <strong>naszym cz\u0142onkom <\/strong><strong>zaleg\u0142ych wyr\u00f3\u017cnie\u0144 i odznacze\u0144 przyznanych z okazji <\/strong><strong>rocznicy Ko\u0142a w 2020 r.<\/strong> <strong><br \/>\n<\/strong><\/p>\n<p><strong><a href=\"https:\/\/www.milosnicylasu.olsztyn.pl\/wp-content\/uploads\/2021\/09\/DSCN8098-www.jpg\" data-rel=\"lightbox-image-0\" data-magnific_type=\"image\" data-rl_title=\"\" data-rl_caption=\"\" title=\"\"><img loading=\"lazy\" decoding=\"async\" class=\"size-medium wp-image-6513 alignleft\" src=\"https:\/\/www.milosnicylasu.olsztyn.pl\/wp-content\/uploads\/2021\/09\/DSCN8098-www-300x225.jpg\" alt=\"\" width=\"300\" height=\"225\" srcset=\"https:\/\/www.milosnicylasu.olsztyn.pl\/wp-content\/uploads\/2021\/09\/DSCN8098-www-300x225.jpg 300w, https:\/\/www.milosnicylasu.olsztyn.pl\/wp-content\/uploads\/2021\/09\/DSCN8098-www-768x576.jpg 768w, https:\/\/www.milosnicylasu.olsztyn.pl\/wp-content\/uploads\/2021\/09\/DSCN8098-www.jpg 1024w\" sizes=\"auto, (max-width: 300px) 100vw, 300px\" \/><\/a>Prezydium Zarz\u0105du Warmi\u0144sko \u2013 Mazurskiej Organizacji Wojew\u00f3dzkiej LOK w Olsztynie w dniu 07.03.2020r. nada\u0142o nast\u0119puj\u0105cym osobom\u00a0 Srebrne Odznaki \u201e Zas\u0142u\u017cony Dzia\u0142acz LOK\u201d<\/strong><\/p>\n<ol>\n<li><strong>Beata Staro\u0144- Kicowska<\/strong><\/li>\n<li><strong>Anna Paprocka<\/strong><\/li>\n<li><strong>Ma\u0142gorzata B\u0142yskun<\/strong><\/li>\n<li><strong>Wies\u0142awa Filipek<\/strong><\/li>\n<li><strong>Antoni Jarczyk<\/strong><\/li>\n<li><strong>Jaros\u0142aw Neugebauer<\/strong><\/li>\n<li><strong>Krzysztof Kadaj<\/strong><\/li>\n<li><strong>Zbigniew Kadaj<\/strong><\/li>\n<li><strong>Maciej Malinowski<\/strong><\/li>\n<li><strong>Jaros\u0142aw Turek<\/strong><\/li>\n<li><strong>Roman Jacek Sechlinng\u00a0<\/strong><\/li>\n<li><strong>Piotr Laska<\/strong><\/li>\n<li><strong>Justyna Ha\u0142adaj<\/strong><\/li>\n<li><strong>Jan Filipek<\/strong><\/li>\n<li><strong><a href=\"https:\/\/www.milosnicylasu.olsztyn.pl\/wp-content\/uploads\/2021\/09\/20210902_152457-www.jpg\" data-rel=\"lightbox-image-1\" data-magnific_type=\"image\" data-rl_title=\"\" data-rl_caption=\"\" title=\"\"><img loading=\"lazy\" decoding=\"async\" class=\"size-medium wp-image-6521 alignright\" src=\"https:\/\/www.milosnicylasu.olsztyn.pl\/wp-content\/uploads\/2021\/09\/20210902_152457-www-300x225.jpg\" alt=\"\" width=\"300\" height=\"225\" srcset=\"https:\/\/www.milosnicylasu.olsztyn.pl\/wp-content\/uploads\/2021\/09\/20210902_152457-www-300x225.jpg 300w, https:\/\/www.milosnicylasu.olsztyn.pl\/wp-content\/uploads\/2021\/09\/20210902_152457-www-768x576.jpg 768w, https:\/\/www.milosnicylasu.olsztyn.pl\/wp-content\/uploads\/2021\/09\/20210902_152457-www.jpg 1024w\" sizes=\"auto, (max-width: 300px) 100vw, 300px\" \/><\/a>Janina Wojnicz<\/strong><\/li>\n<li><strong>Benedykt Kucki<\/strong><\/li>\n<li><strong>Dariusz Sobotka<\/strong><\/li>\n<\/ol>\n<p><strong>Rada Krajowa LOK w dn. 25.05.2020r. nada\u0142a medale<\/strong><\/p>\n<p><strong><a href=\"https:\/\/www.milosnicylasu.olsztyn.pl\/wp-content\/uploads\/2021\/09\/20210902_152613-www.jpg\" data-rel=\"lightbox-image-2\" data-magnific_type=\"image\" data-rl_title=\"\" data-rl_caption=\"\" title=\"\"><img loading=\"lazy\" decoding=\"async\" class=\"size-medium wp-image-6514 alignleft\" src=\"https:\/\/www.milosnicylasu.olsztyn.pl\/wp-content\/uploads\/2021\/09\/20210902_152613-www-300x225.jpg\" alt=\"\" width=\"300\" height=\"225\" srcset=\"https:\/\/www.milosnicylasu.olsztyn.pl\/wp-content\/uploads\/2021\/09\/20210902_152613-www-300x225.jpg 300w, https:\/\/www.milosnicylasu.olsztyn.pl\/wp-content\/uploads\/2021\/09\/20210902_152613-www-768x576.jpg 768w, https:\/\/www.milosnicylasu.olsztyn.pl\/wp-content\/uploads\/2021\/09\/20210902_152613-www.jpg 1024w\" sizes=\"auto, (max-width: 300px) 100vw, 300px\" \/><\/a>Br\u0105zowy Medal \u201eZa Zas\u0142ugi Dla LOK\u201d<\/strong><\/p>\n<p>&nbsp;<\/p>\n<p>&nbsp;<\/p>\n<p>&nbsp;<\/p>\n<ol>\n<li><strong>Pawe\u0142 Tabor<\/strong><\/li>\n<li><strong>Zbigniew Kadaj<\/strong><\/li>\n<li><strong>Antoni Jarczyk<\/strong><\/li>\n<li><strong>J\u00f3zef Gazda<\/strong><\/li>\n<\/ol>\n<p><strong><a href=\"https:\/\/www.milosnicylasu.olsztyn.pl\/wp-content\/uploads\/2021\/09\/20210902_151700-www.jpg\" data-rel=\"lightbox-image-3\" data-magnific_type=\"image\" data-rl_title=\"\" data-rl_caption=\"\" title=\"\"><img loading=\"lazy\" decoding=\"async\" class=\"size-medium wp-image-6515 alignright\" src=\"https:\/\/www.milosnicylasu.olsztyn.pl\/wp-content\/uploads\/2021\/09\/20210902_151700-www-300x225.jpg\" alt=\"\" width=\"300\" height=\"225\" srcset=\"https:\/\/www.milosnicylasu.olsztyn.pl\/wp-content\/uploads\/2021\/09\/20210902_151700-www-300x225.jpg 300w, https:\/\/www.milosnicylasu.olsztyn.pl\/wp-content\/uploads\/2021\/09\/20210902_151700-www-768x576.jpg 768w, https:\/\/www.milosnicylasu.olsztyn.pl\/wp-content\/uploads\/2021\/09\/20210902_151700-www.jpg 1024w\" sizes=\"auto, (max-width: 300px) 100vw, 300px\" \/><\/a>Srebrny Medal<\/strong><\/p>\n<ol>\n<li><strong>Janina Kluczek<\/strong><\/li>\n<li><strong>Ryszarda \u017buk- K\u0142\u0119bukowska<\/strong><\/li>\n<\/ol>\n<p><strong>Z\u0142otym Medalem<\/strong><\/p>\n<ol>\n<li><strong>Wojciech D\u0105browski<\/strong><\/li>\n<li><strong>Grzegorz Kluczek<\/strong><\/li>\n<li><strong>Arkadiusz Mrozowski<\/strong><\/li>\n<\/ol>\n<p><strong>Prezes LOK . Na podstawie &amp; 5 Regulaminu Krzy\u017ca \u201eZa Zas\u0142ugi Dla K\u00f3\u0142 \u017bo\u0142nierzy Rezerwy\u201d<\/strong><\/p>\n<p><strong>Nada\u0142<\/strong><\/p>\n<p><strong>Br\u0105zowy Krzy\u017c<\/strong><\/p>\n<ol>\n<li><strong>Stefania Jarczyk<\/strong><\/li>\n<\/ol>\n<p><strong>Medalem \u201eZa Zas\u0142ugi Dla Ko\u0142a\u201d wyr\u00f3\u017cniono nast\u0119puj\u0105ce osoby:<\/strong><\/p>\n<p><strong>Br\u0105zowy Medal<\/strong><\/p>\n<ol>\n<li><strong>Paulina Rutkowska<\/strong><\/li>\n<li><strong>Beata Staro\u0144 \u2013 Kicowska<\/strong><\/li>\n<li><strong>Jaros\u0142aw Turek<\/strong><\/li>\n<\/ol>\n<p><strong>Srebrnym Medalem<\/strong><\/p>\n<ol>\n<li><strong>Teresa Tabor<\/strong><\/li>\n<li><strong>Pawe\u0142 Tabor<\/strong><\/li>\n<\/ol>\n<p><strong><a href=\"https:\/\/www.milosnicylasu.olsztyn.pl\/wp-content\/uploads\/2021\/09\/20210902_152036-www.jpg\" data-rel=\"lightbox-image-4\" data-magnific_type=\"image\" data-rl_title=\"\" data-rl_caption=\"\" title=\"\"><img loading=\"lazy\" decoding=\"async\" class=\"size-medium wp-image-6516 alignright\" src=\"https:\/\/www.milosnicylasu.olsztyn.pl\/wp-content\/uploads\/2021\/09\/20210902_152036-www-300x225.jpg\" alt=\"\" width=\"300\" height=\"225\" srcset=\"https:\/\/www.milosnicylasu.olsztyn.pl\/wp-content\/uploads\/2021\/09\/20210902_152036-www-300x225.jpg 300w, https:\/\/www.milosnicylasu.olsztyn.pl\/wp-content\/uploads\/2021\/09\/20210902_152036-www-768x576.jpg 768w, https:\/\/www.milosnicylasu.olsztyn.pl\/wp-content\/uploads\/2021\/09\/20210902_152036-www.jpg 1024w\" sizes=\"auto, (max-width: 300px) 100vw, 300px\" \/><\/a>Z\u0142otym Medalem<\/strong><\/p>\n<ol>\n<li><strong>Krystyna Leszczy\u0144ska<\/strong><\/li>\n<li><strong>Tomasz Kicowski<\/strong><\/li>\n<li><strong>Adam Siemakowicz<\/strong><\/li>\n<li><strong>Mariusz Orzechowski<\/strong><\/li>\n<li><strong><a href=\"https:\/\/www.milosnicylasu.olsztyn.pl\/wp-content\/uploads\/2021\/09\/DSCN8103-www.jpg\" data-rel=\"lightbox-image-5\" data-magnific_type=\"image\" data-rl_title=\"\" data-rl_caption=\"\" title=\"\"><img loading=\"lazy\" decoding=\"async\" class=\"size-medium wp-image-6518 alignleft\" src=\"https:\/\/www.milosnicylasu.olsztyn.pl\/wp-content\/uploads\/2021\/09\/DSCN8103-www-300x225.jpg\" alt=\"\" width=\"300\" height=\"225\" srcset=\"https:\/\/www.milosnicylasu.olsztyn.pl\/wp-content\/uploads\/2021\/09\/DSCN8103-www-300x225.jpg 300w, https:\/\/www.milosnicylasu.olsztyn.pl\/wp-content\/uploads\/2021\/09\/DSCN8103-www-768x576.jpg 768w, https:\/\/www.milosnicylasu.olsztyn.pl\/wp-content\/uploads\/2021\/09\/DSCN8103-www.jpg 1024w\" sizes=\"auto, (max-width: 300px) 100vw, 300px\" \/><\/a>Wojciech D\u0105browski<\/strong><\/li>\n<\/ol>\n<p><strong>Drobne upominki otrzyma\u0142y nast\u0119puj\u0105ce osoby:<a href=\"https:\/\/www.milosnicylasu.olsztyn.pl\/wp-content\/uploads\/2021\/09\/20210902_152711-www.jpg\" data-rel=\"lightbox-image-6\" data-magnific_type=\"image\" data-rl_title=\"\" data-rl_caption=\"\" title=\"\"><img loading=\"lazy\" decoding=\"async\" class=\"size-medium wp-image-6519 aligncenter\" src=\"https:\/\/www.milosnicylasu.olsztyn.pl\/wp-content\/uploads\/2021\/09\/20210902_152711-www-300x225.jpg\" alt=\"\" width=\"300\" height=\"225\" srcset=\"https:\/\/www.milosnicylasu.olsztyn.pl\/wp-content\/uploads\/2021\/09\/20210902_152711-www-300x225.jpg 300w, https:\/\/www.milosnicylasu.olsztyn.pl\/wp-content\/uploads\/2021\/09\/20210902_152711-www-768x576.jpg 768w, https:\/\/www.milosnicylasu.olsztyn.pl\/wp-content\/uploads\/2021\/09\/20210902_152711-www.jpg 1024w\" sizes=\"auto, (max-width: 300px) 100vw, 300px\" \/><\/a><\/strong><\/p>\n<ol>\n<li><strong>Teresa \u017bemojcin<\/strong><\/li>\n<li><strong>Basia Janowska<\/strong><\/li>\n<li><strong><a href=\"https:\/\/www.milosnicylasu.olsztyn.pl\/wp-content\/uploads\/2021\/09\/20210902_152813-www.jpg\" data-rel=\"lightbox-image-7\" data-magnific_type=\"image\" data-rl_title=\"\" data-rl_caption=\"\" title=\"\"><img loading=\"lazy\" decoding=\"async\" class=\"size-medium wp-image-6520 aligncenter\" src=\"https:\/\/www.milosnicylasu.olsztyn.pl\/wp-content\/uploads\/2021\/09\/20210902_152813-www-300x225.jpg\" alt=\"\" width=\"300\" height=\"225\" srcset=\"https:\/\/www.milosnicylasu.olsztyn.pl\/wp-content\/uploads\/2021\/09\/20210902_152813-www-300x225.jpg 300w, https:\/\/www.milosnicylasu.olsztyn.pl\/wp-content\/uploads\/2021\/09\/20210902_152813-www-768x576.jpg 768w, https:\/\/www.milosnicylasu.olsztyn.pl\/wp-content\/uploads\/2021\/09\/20210902_152813-www.jpg 1024w\" sizes=\"auto, (max-width: 300px) 100vw, 300px\" \/><\/a>Ryszard Chodakiewicz<\/strong><\/li>\n<li><strong>Henryk B\u0142aszczak<\/strong><\/li>\n<\/ol>\n<p><strong>Wszystkim wyr\u00f3\u017cnionym serdecznie gratulujemy.<\/strong><\/p>\n<p><strong>Informacja dotycz\u0105ca\u00a0 &#8222;Terenowej edukacji historycznej&#8221; 24 wrze\u015bnia br.<\/strong><\/p>\n<p><strong>Podczas zebrania\u00a0 35 os\u00f3b\u00a0 dokona\u0142o wp\u0142aty uczestnictwa po 5 z\u0142. Spotkanie odb\u0119dzie si\u0119 o godzinie 10.00 na by\u0142ej p\u0119tli MPK linii 205 przy wyje\u017adzie kierunek Zazdro\u015b\u0107. W ramach spacerku przejdziemy 4 km. do nowo wybudowanego obiektu nadle\u015bnictwa gdzie o godzinie 11.00 odb\u0119dzie si\u0119 spotkanie z Panem Paw\u0142em Artychem\u00a0 &#8211; Nadle\u015bniczym\u00a0 Nadle\u015bnictwa Olsztyn. Po edukacji b\u0119dzie ognisko z pieczeniem kie\u0142basek. Organizatorzy zapewniaj\u0105 :dobry nastr\u00f3j uczestnik\u00f3w, spacer oko\u0142o 8 km. w dwie strony, smaczn\u0105 kie\u0142bask\u0119, pieczywo, musztard\u0119, keczup, tacki\u00a0 \/ napoje we w\u0142asnym zakresie\/<\/strong><\/p>\n<p><strong>Nale\u017cy zabezpieczy\u0107 si\u0119 w odpowiedni str\u00f3j w zale\u017cno\u015bci od pogody \/jak poda\u0142 Baca nie b\u0119dzie la\u0142o\/<\/strong><\/p>\n<p><strong>Zapraszamy r\u00f3wnie\u017c na sobotnie rajdy z kijkami o godz. 10.00 przy J. D\u0142ugim, w poniedzia\u0142ki\u00a0 o godzinie 10.00 na zawody i treningi strzeleckie na strzelnic\u0119 sportow\u0105 przy ul.\u00a0 Westerplatte.<\/strong><\/p>\n<p><strong>Do zobaczenia podczas naszych spotka\u0144\u00a0 na strzelnicy i w plenerze.<\/strong><\/p>\n<p><strong>\u00a0<\/strong><\/p>\n<p>&nbsp;<\/p>\n<p>&nbsp;<\/p>\n<p>&nbsp;<\/p>\n<p>&nbsp;<\/p>\n","protected":false},"excerpt":{"rendered":"<p>W dniu 02.09.2021r. po 19 miesi\u0105cach przerwy spowodowanej pandemi\u0105, odby\u0142o si\u0119 pierwsze spotkanie naszych cz\u0142onk\u00f3w w siedzibie RDLP w Olsztynie. \u00a0 Na pocz\u0105tku,\u00a0 chwil\u0105 ciszy, uczcili\u015bmy\u00a0 pami\u0119\u0107 Bogusia Szuta i Wojtka Wernera &#8211; cz\u0142onk\u00f3w Ko\u0142a, kt\u00f3rzy zmarli. \u00a0Nast\u0119pnie omawiano sprawy organizacyjne dotycz\u0105ce miesi\u0105ca wrze\u015bnia, zbierano sk\u0142adki cz\u0142onkowskie. przyjmowano wp\u0142aty na\u00a0 spotkanie w dniu 24 wrze\u015bnia [&hellip;]<\/p>\n","protected":false},"author":2,"featured_media":0,"comment_status":"open","ping_status":"open","sticky":false,"template":"","format":"standard","meta":{"footnotes":""},"categories":[1,9,6,3],"tags":[],"class_list":["post-6512","post","type-post","status-publish","format-standard","hentry","category-bez-kategorii","category-ciekawostki","category-odznaczenia","category-zebrania"],"_links":{"self":[{"href":"https:\/\/www.milosnicylasu.olsztyn.pl\/index.php?rest_route=\/wp\/v2\/posts\/6512","targetHints":{"allow":["GET"]}}],"collection":[{"href":"https:\/\/www.milosnicylasu.olsztyn.pl\/index.php?rest_route=\/wp\/v2\/posts"}],"about":[{"href":"https:\/\/www.milosnicylasu.olsztyn.pl\/index.php?rest_route=\/wp\/v2\/types\/post"}],"author":[{"embeddable":true,"href":"https:\/\/www.milosnicylasu.olsztyn.pl\/index.php?rest_route=\/wp\/v2\/users\/2"}],"replies":[{"embeddable":true,"href":"https:\/\/www.milosnicylasu.olsztyn.pl\/index.php?rest_route=%2Fwp%2Fv2%2Fcomments&post=6512"}],"version-history":[{"count":6,"href":"https:\/\/www.milosnicylasu.olsztyn.pl\/index.php?rest_route=\/wp\/v2\/posts\/6512\/revisions"}],"predecessor-version":[{"id":6527,"href":"https:\/\/www.milosnicylasu.olsztyn.pl\/index.php?rest_route=\/wp\/v2\/posts\/6512\/revisions\/6527"}],"wp:attachment":[{"href":"https:\/\/www.milosnicylasu.olsztyn.pl\/index.php?rest_route=%2Fwp%2Fv2%2Fmedia&parent=6512"}],"wp:term":[{"taxonomy":"category","embeddable":true,"href":"https:\/\/www.milosnicylasu.olsztyn.pl\/index.php?rest_route=%2Fwp%2Fv2%2Fcategories&post=6512"},{"taxonomy":"post_tag","embeddable":true,"href":"https:\/\/www.milosnicylasu.olsztyn.pl\/index.php?rest_route=%2Fwp%2Fv2%2Ftags&post=6512"}],"curies":[{"name":"wp","href":"https:\/\/api.w.org\/{rel}","templated":true}]}}