{"id":6528,"date":"2021-09-11T18:18:14","date_gmt":"2021-09-11T16:18:14","guid":{"rendered":"https:\/\/www.milosnicylasu.olsztyn.pl\/?p=6528"},"modified":"2021-09-13T17:21:47","modified_gmt":"2021-09-13T15:21:47","slug":"rajdy","status":"publish","type":"post","link":"https:\/\/www.milosnicylasu.olsztyn.pl\/?p=6528","title":{"rendered":"Rajdy&#8230;&#8230;&#8230;&#8230;&#8230;."},"content":{"rendered":"<p><a href=\"https:\/\/www.milosnicylasu.olsztyn.pl\/wp-content\/uploads\/2021\/09\/DSCN8206-www.jpg\" data-rel=\"lightbox-image-0\" data-magnific_type=\"image\" data-rl_title=\"\" data-rl_caption=\"\" title=\"\"><img loading=\"lazy\" decoding=\"async\" class=\"size-medium wp-image-6531 alignright\" src=\"https:\/\/www.milosnicylasu.olsztyn.pl\/wp-content\/uploads\/2021\/09\/DSCN8206-www-300x225.jpg\" alt=\"\" width=\"300\" height=\"225\" srcset=\"https:\/\/www.milosnicylasu.olsztyn.pl\/wp-content\/uploads\/2021\/09\/DSCN8206-www-300x225.jpg 300w, https:\/\/www.milosnicylasu.olsztyn.pl\/wp-content\/uploads\/2021\/09\/DSCN8206-www-768x576.jpg 768w, https:\/\/www.milosnicylasu.olsztyn.pl\/wp-content\/uploads\/2021\/09\/DSCN8206-www.jpg 1024w\" sizes=\"auto, (max-width: 300px) 100vw, 300px\" \/><\/a>R<strong>ozpocz\u0119li\u015bmy sobotnie rajdy. 4 wrze\u015bnia obeszli\u015bmy jezioro D\u0142ugie, a 11 wrze\u015bnia postanowili\u015bmy odwiedzi\u0107 Alej\u0119 S\u0142aw.<a href=\"https:\/\/www.milosnicylasu.olsztyn.pl\/wp-content\/uploads\/2021\/09\/DSCN8203-www.jpg\" data-rel=\"lightbox-image-1\" data-magnific_type=\"image\" data-rl_title=\"\" data-rl_caption=\"\" title=\"\"><img loading=\"lazy\" decoding=\"async\" class=\"size-medium wp-image-6529 alignleft\" src=\"https:\/\/www.milosnicylasu.olsztyn.pl\/wp-content\/uploads\/2021\/09\/DSCN8203-www-300x225.jpg\" alt=\"\" width=\"300\" height=\"225\" srcset=\"https:\/\/www.milosnicylasu.olsztyn.pl\/wp-content\/uploads\/2021\/09\/DSCN8203-www-300x225.jpg 300w, https:\/\/www.milosnicylasu.olsztyn.pl\/wp-content\/uploads\/2021\/09\/DSCN8203-www-768x576.jpg 768w, https:\/\/www.milosnicylasu.olsztyn.pl\/wp-content\/uploads\/2021\/09\/DSCN8203-www.jpg 1024w\" sizes=\"auto, (max-width: 300px) 100vw, 300px\" \/><\/a><\/strong><\/p>\n<p><strong>Nad jeziorem Ukiel w Olsztynie otwarto w poniedzia\u0142ek\u00a0 \/6 wrze\u015bnia 2021 roku\/ Alej\u0119 S\u0142aw Olszty\u0144skiego Sportu, czyli promenad\u0119 z tablicami upami\u0119tniaj\u0105cymi wybitnych zawodnik\u00f3w. Jako pierwszych uhonorowano w ten spos\u00f3b czterech medalist\u00f3w igrzysk olimpijskich w Montrealu i Sydney.<a href=\"https:\/\/www.milosnicylasu.olsztyn.pl\/wp-content\/uploads\/2021\/09\/DSCN8204-www.jpg\" data-rel=\"lightbox-image-2\" data-magnific_type=\"image\" data-rl_title=\"\" data-rl_caption=\"\" title=\"\"><img loading=\"lazy\" decoding=\"async\" class=\"size-medium wp-image-6530 alignright\" src=\"https:\/\/www.milosnicylasu.olsztyn.pl\/wp-content\/uploads\/2021\/09\/DSCN8204-www-300x225.jpg\" alt=\"\" width=\"300\" height=\"225\" srcset=\"https:\/\/www.milosnicylasu.olsztyn.pl\/wp-content\/uploads\/2021\/09\/DSCN8204-www-300x225.jpg 300w, https:\/\/www.milosnicylasu.olsztyn.pl\/wp-content\/uploads\/2021\/09\/DSCN8204-www-768x576.jpg 768w, https:\/\/www.milosnicylasu.olsztyn.pl\/wp-content\/uploads\/2021\/09\/DSCN8204-www.jpg 1024w\" sizes=\"auto, (max-width: 300px) 100vw, 300px\" \/><\/a><\/strong><\/p>\n<p><strong>Po\u015bwi\u0119cona olszty\u0144skim sportowcom aleja znajduje si\u0119 na terenie Centrum Rekreacyjno-Sportowego Ukiel, w pobli\u017cu kapitanatu i pla\u017cy miejskiej. W chodnik wmurowane zosta\u0142y tablice z br\u0105zu, na kt\u00f3rych poza imieniem i nazwiskiem zawodnika znajduje si\u0119 dyscyplina, jak\u0105 reprezentuje i odniesione sukcesy. Na razie to s\u0105 cztery nazwiska:<br \/>\n<\/strong><\/p>\n<ul>\n<li><strong>Miros\u0142aw Rybaczewski &#8211; z\u0142oty medalista Igrzysk Olimpijskich w Montrealu w 1976 r. w pi\u0142ce siatkowej, zawodnik AZS Olsztyn,<\/strong><\/li>\n<li><strong>Zbigniew Lubiejewski &#8211; z\u0142oty medalista Igrzysk Olimpijskich w Montrealu w 1976 r. w pi\u0142ce siatkowej, zawodnik AZS Olsztyn,<\/strong><\/li>\n<li><strong>Andrzej Gronowicz &#8211; srebrny medalista Igrzysk Olimpijskich w Montrealu w 1976 r. w kajakarstwie (kanadyjkach), zawodnik OKS Stomil Olsztyn,<\/strong><\/li>\n<li><strong>Adam Seroczy\u0144ski &#8211; br\u0105zowy medalista Igrzysk Olimpijskich w Sydney w 2000 r. w kajakarstwie, zawodnik OKS Olsztyn<\/strong><\/li>\n<\/ul>\n<p><strong>Kolejne nazwiska w Alei S\u0142aw Olszty\u0144skiego Sportu maj\u0105 pojawia\u0107 si\u0119 co roku.<\/strong><\/p>\n<p><strong>Podczas sobotniego rajdu\u00a0 11.09.2021r. zosta\u0142 przeprowadzony konkurs z wiedzy o II wojnie \u015bwiatowej.<\/strong><\/p>\n<p><strong>\u00a0S\u0105 w\u015br\u00f3d nas osoby \u00a0interesuj\u0105ce si\u0119 histori\u0105 okresu \u00a01939 \u2013 1945. Podczas przeprowadzonego konkursu mog\u0142y wykaza\u0107 si\u0119 swoja wiedz\u0105. Okaza\u0142o si\u0119, \u017ceby wy\u0142oni\u0107 zwyci\u0119zc\u0119,\u00a0 organizatorzy byli zmuszeni przeprowadzi\u0107 dogrywk\u0119.<\/strong><\/p>\n<p><strong>A najlepszymi\u00a0 okazali si\u0119:<\/strong><\/p>\n<ol>\n<li><strong>Waldemar Chrzanowski<\/strong><\/li>\n<li><strong>Daniela Tyl<\/strong><\/li>\n<li><strong>Henryk B\u0142aszczak<\/strong><\/li>\n<\/ol>\n<p><strong>Nagrody zostan\u0105 wr\u0119czone \u00a0w spos\u00f3b \u00a0uroczysty na kolejnym \u00a0spotkaniu w miesi\u0105cu pa\u017adzierniku.<\/strong><\/p>\n<p><strong>Gratulujemy zwyci\u0119zcom, dzi\u0119kujemy wszystkim\u00a0 uczestnikom konkursu.<\/strong><\/p>\n<p><strong>Pytania do konkursu opracowa\u0142 prezes Ko\u0142a Anatol Leszczy\u0144ski.<\/strong><\/p>\n<p><strong><a href=\"https:\/\/www.milosnicylasu.olsztyn.pl\/wp-content\/uploads\/2021\/09\/DSCN8210-www.jpg\" data-rel=\"lightbox-image-3\" data-magnific_type=\"image\" data-rl_title=\"\" data-rl_caption=\"\" title=\"\"><img loading=\"lazy\" decoding=\"async\" class=\"size-medium wp-image-6532 aligncenter\" src=\"https:\/\/www.milosnicylasu.olsztyn.pl\/wp-content\/uploads\/2021\/09\/DSCN8210-www-300x225.jpg\" alt=\"\" width=\"300\" height=\"225\" srcset=\"https:\/\/www.milosnicylasu.olsztyn.pl\/wp-content\/uploads\/2021\/09\/DSCN8210-www-300x225.jpg 300w, https:\/\/www.milosnicylasu.olsztyn.pl\/wp-content\/uploads\/2021\/09\/DSCN8210-www-768x576.jpg 768w, https:\/\/www.milosnicylasu.olsztyn.pl\/wp-content\/uploads\/2021\/09\/DSCN8210-www.jpg 1024w\" sizes=\"auto, (max-width: 300px) 100vw, 300px\" \/><\/a><\/strong><\/p>\n","protected":false},"excerpt":{"rendered":"<p>Rozpocz\u0119li\u015bmy sobotnie rajdy. 4 wrze\u015bnia obeszli\u015bmy jezioro D\u0142ugie, a 11 wrze\u015bnia postanowili\u015bmy odwiedzi\u0107 Alej\u0119 S\u0142aw. Nad jeziorem Ukiel w Olsztynie otwarto w poniedzia\u0142ek\u00a0 \/6 wrze\u015bnia 2021 roku\/ Alej\u0119 S\u0142aw Olszty\u0144skiego Sportu, czyli promenad\u0119 z tablicami upami\u0119tniaj\u0105cymi wybitnych zawodnik\u00f3w. Jako pierwszych uhonorowano w ten spos\u00f3b czterech medalist\u00f3w igrzysk olimpijskich w Montrealu i Sydney. Po\u015bwi\u0119cona olszty\u0144skim sportowcom [&hellip;]<\/p>\n","protected":false},"author":2,"featured_media":0,"comment_status":"open","ping_status":"open","sticky":false,"template":"","format":"standard","meta":{"footnotes":""},"categories":[1,9,17,13,2],"tags":[],"class_list":["post-6528","post","type-post","status-publish","format-standard","hentry","category-bez-kategorii","category-ciekawostki","category-edukacja-w-terenie","category-konkursy","category-rajdy"],"_links":{"self":[{"href":"https:\/\/www.milosnicylasu.olsztyn.pl\/index.php?rest_route=\/wp\/v2\/posts\/6528","targetHints":{"allow":["GET"]}}],"collection":[{"href":"https:\/\/www.milosnicylasu.olsztyn.pl\/index.php?rest_route=\/wp\/v2\/posts"}],"about":[{"href":"https:\/\/www.milosnicylasu.olsztyn.pl\/index.php?rest_route=\/wp\/v2\/types\/post"}],"author":[{"embeddable":true,"href":"https:\/\/www.milosnicylasu.olsztyn.pl\/index.php?rest_route=\/wp\/v2\/users\/2"}],"replies":[{"embeddable":true,"href":"https:\/\/www.milosnicylasu.olsztyn.pl\/index.php?rest_route=%2Fwp%2Fv2%2Fcomments&post=6528"}],"version-history":[{"count":3,"href":"https:\/\/www.milosnicylasu.olsztyn.pl\/index.php?rest_route=\/wp\/v2\/posts\/6528\/revisions"}],"predecessor-version":[{"id":6535,"href":"https:\/\/www.milosnicylasu.olsztyn.pl\/index.php?rest_route=\/wp\/v2\/posts\/6528\/revisions\/6535"}],"wp:attachment":[{"href":"https:\/\/www.milosnicylasu.olsztyn.pl\/index.php?rest_route=%2Fwp%2Fv2%2Fmedia&parent=6528"}],"wp:term":[{"taxonomy":"category","embeddable":true,"href":"https:\/\/www.milosnicylasu.olsztyn.pl\/index.php?rest_route=%2Fwp%2Fv2%2Fcategories&post=6528"},{"taxonomy":"post_tag","embeddable":true,"href":"https:\/\/www.milosnicylasu.olsztyn.pl\/index.php?rest_route=%2Fwp%2Fv2%2Ftags&post=6528"}],"curies":[{"name":"wp","href":"https:\/\/api.w.org\/{rel}","templated":true}]}}