{"id":6563,"date":"2021-09-27T20:20:51","date_gmt":"2021-09-27T18:20:51","guid":{"rendered":"https:\/\/www.milosnicylasu.olsztyn.pl\/?p=6563"},"modified":"2021-09-27T20:20:51","modified_gmt":"2021-09-27T18:20:51","slug":"edukacja-w-nadlesnictwie-olsztyn","status":"publish","type":"post","link":"https:\/\/www.milosnicylasu.olsztyn.pl\/?p=6563","title":{"rendered":"Edukacja w Nadle\u015bnictwie Olsztyn"},"content":{"rendered":"<p><a href=\"https:\/\/www.milosnicylasu.olsztyn.pl\/wp-content\/uploads\/2021\/09\/DSCN8248-www.jpg\" data-rel=\"lightbox-image-0\" data-magnific_type=\"image\" data-rl_title=\"\" data-rl_caption=\"\" title=\"\"><img loading=\"lazy\" decoding=\"async\" class=\"size-medium wp-image-6564 alignleft\" src=\"https:\/\/www.milosnicylasu.olsztyn.pl\/wp-content\/uploads\/2021\/09\/DSCN8248-www-300x225.jpg\" alt=\"\" width=\"300\" height=\"225\" srcset=\"https:\/\/www.milosnicylasu.olsztyn.pl\/wp-content\/uploads\/2021\/09\/DSCN8248-www-300x225.jpg 300w, https:\/\/www.milosnicylasu.olsztyn.pl\/wp-content\/uploads\/2021\/09\/DSCN8248-www-768x576.jpg 768w, https:\/\/www.milosnicylasu.olsztyn.pl\/wp-content\/uploads\/2021\/09\/DSCN8248-www.jpg 1024w\" sizes=\"auto, (max-width: 300px) 100vw, 300px\" \/><\/a><strong>24 wrze\u015bnia 2021 roku, na zaproszenie Pana Paw\u0142a Artycha nadle\u015bniczego Nadle\u015bnictwa Olsztyn, odbyli\u015bmy edukacj\u0119 przyrodniczo-le\u015bn\u0105 w nowej pi\u0119knej siedzibie Nadle\u015bnictwa, kt\u00f3ra mie\u015bci si\u0119 w miejscowo\u015bci Zazdro\u015b\u0107, w gminie Stawiguda. W \u00a0\u00a0 pi\u0119knej sali edukacyjnej Gospodarz spotkania przedstawi\u0142 ciekawy wyk\u0142ad na temat obecnego stanu\u00a0 las\u00f3w w Polsce i przewidywanego za kilka, kilkadziesi\u0105t lat.\u00a0 Nie by\u0142y to bardzo optymistyczne prognozy. Naszym lasom zagra\u017caj\u0105 nie tylko szkodniki o kt\u00f3rych g\u0142o\u015bno by\u0142o przy okazji oceny zniszcze\u0144 w Puszczy Bia\u0142owieskiej, ale g\u0142\u00f3wnie brak wody \/obni\u017cenie w\u00f3d gruntowych i ma\u0142o opad\u00f3w\/, zmiany klimatyczne, w wyniku kt\u00f3rych drzewa s\u0105 s\u0142absze, bardziej podatne na choroby, ale co ciekawe zagra\u017ca im jemio\u0142a.<a href=\"https:\/\/www.milosnicylasu.olsztyn.pl\/wp-content\/uploads\/2021\/09\/DSCN8259-www.jpg\" data-rel=\"lightbox-image-1\" data-magnific_type=\"image\" data-rl_title=\"\" data-rl_caption=\"\" title=\"\"><img loading=\"lazy\" decoding=\"async\" class=\"size-medium wp-image-6565 alignright\" src=\"https:\/\/www.milosnicylasu.olsztyn.pl\/wp-content\/uploads\/2021\/09\/DSCN8259-www-300x225.jpg\" alt=\"\" width=\"300\" height=\"225\" srcset=\"https:\/\/www.milosnicylasu.olsztyn.pl\/wp-content\/uploads\/2021\/09\/DSCN8259-www-300x225.jpg 300w, https:\/\/www.milosnicylasu.olsztyn.pl\/wp-content\/uploads\/2021\/09\/DSCN8259-www-768x576.jpg 768w, https:\/\/www.milosnicylasu.olsztyn.pl\/wp-content\/uploads\/2021\/09\/DSCN8259-www.jpg 1024w\" sizes=\"auto, (max-width: 300px) 100vw, 300px\" \/><\/a><\/strong><\/p>\n<p><strong>Jemio\u0142a rozpierzch\u0142a to p\u00f3\u0142paso\u017cyt. Ro\u015blina samodzielnie prowadzi fotosyntez\u0119, ale od \u017cywiciela pobiera wod\u0119 i sole mineralne. &#8211; Im wi\u0119cej jej jest na so\u015bnie, tym drzewo jest s\u0142absze.<\/strong><\/p>\n<p><strong>\u00a0Na Podkarpaciu w lasach administrowanych przez kro\u015bnie\u0144sk\u0105 Regionaln\u0105 Dyrekcj\u0119 Las\u00f3w Pa\u0144stwowych zinwentaryzowano w ubieg\u0142ym roku ponad 2 tys. hektar\u00f3w drzewostan\u00f3w iglastych uszkodzonych przez jemio\u0142\u0119.<\/strong><\/p>\n<p><strong>O ile jeszcze kilkana\u015bcie lat temu sosny doskonale radzi\u0142y sobie z jemio\u0142\u0105, teraz poddaj\u0105 si\u0119 prawie bez walki. &#8211; Nawet tak pionierski gatunek, jakim jest sosna jest przez jemio\u0142\u0119 zabijany.<\/strong><\/p>\n<p><strong>Paso\u017cyt atakuje g\u0142\u00f3wnie starsze drzewa. Bywa, \u017ce jedn\u0105 sosn\u0119 porasta kilkadziesi\u0105t okaz\u00f3w jemio\u0142y. Wszystkie razem potrafi\u0105 wypi\u0107 w\u00a0ci\u0105gu doby do 10 litr\u00f3w wody. Powa\u017cnie zaatakowane drzewa trzeba wyci\u0105\u0107, ale paso\u017cyta zatrzyma\u0107 trudno, bo jego owoce smakuj\u0105 ptakom, kt\u00f3re roznosz\u0105 je po kolejnych drzewach.<\/strong><\/p>\n<p class=\"description\"><strong>Le\u015bnicy m\u00f3wi\u0105 wprost: je\u015bli ekspansja jemio\u0142y si\u0119 nie zatrzyma, sosny z krajobrazu Polski po prostu znikn\u0105. &#8211; B\u0119dziemy musieli zast\u0105pi\u0107 je gatunkami, kt\u00f3re s\u0105 bardziej odporne na jemio\u0142\u0119, gatunkami li\u015bciastymi &#8211; m\u00f3wi Pan Pawe\u0142 Artych. Nadle\u015bnictwo Olsztyn czeka wi\u0119c olbrzymia praca. <\/strong>D<strong>rzewostany sosnowe ajmuj\u0105 75,58 % powierzchni le\u015bnej zalesionej Nadle\u015bnictwa i wyst\u0119puj\u0105 na wszystkich typach siedliskowych lasu z wyj\u0105tkiem olsu jesionowego i lasu \u0142\u0119gowego. <span style=\"font-family: 'Verdana','sans-serif';\">Poza sosn\u0105 du\u017ce znaczenie jako gatunki lasotw\u00f3rcze maj\u0105: \u015bwierk, d\u0105b, buk, olcha, brzoza i modrzew.<\/span><\/strong><br \/>\n<strong><a href=\"https:\/\/www.milosnicylasu.olsztyn.pl\/wp-content\/uploads\/2021\/09\/DSCN8246-www.jpg\" data-rel=\"lightbox-image-2\" data-magnific_type=\"image\" data-rl_title=\"\" data-rl_caption=\"\" title=\"\"><img loading=\"lazy\" decoding=\"async\" class=\"size-medium wp-image-6566 alignleft\" src=\"https:\/\/www.milosnicylasu.olsztyn.pl\/wp-content\/uploads\/2021\/09\/DSCN8246-www-300x225.jpg\" alt=\"\" width=\"300\" height=\"225\" srcset=\"https:\/\/www.milosnicylasu.olsztyn.pl\/wp-content\/uploads\/2021\/09\/DSCN8246-www-300x225.jpg 300w, https:\/\/www.milosnicylasu.olsztyn.pl\/wp-content\/uploads\/2021\/09\/DSCN8246-www-768x576.jpg 768w, https:\/\/www.milosnicylasu.olsztyn.pl\/wp-content\/uploads\/2021\/09\/DSCN8246-www.jpg 1024w\" sizes=\"auto, (max-width: 300px) 100vw, 300px\" \/><\/a>Powierzchnia og\u00f3lna Nadle\u015bnictwa wed\u0142ug stanu na dzie\u0144 01.01.2020 r. wynosi 16003,58 ha.<\/strong><\/p>\n<p class=\"description\"><strong>Nadle\u015bnictwo Olsztyn po\u0142o\u017cone jest na pograniczu Warmii i Mazur.<a href=\"https:\/\/www.milosnicylasu.olsztyn.pl\/wp-content\/uploads\/2021\/09\/DSCN8267-www.jpg\" data-rel=\"lightbox-image-3\" data-magnific_type=\"image\" data-rl_title=\"\" data-rl_caption=\"\" title=\"\"><img loading=\"lazy\" decoding=\"async\" class=\"size-medium wp-image-6568 aligncenter\" src=\"https:\/\/www.milosnicylasu.olsztyn.pl\/wp-content\/uploads\/2021\/09\/DSCN8267-www-300x225.jpg\" alt=\"\" width=\"300\" height=\"225\" srcset=\"https:\/\/www.milosnicylasu.olsztyn.pl\/wp-content\/uploads\/2021\/09\/DSCN8267-www-300x225.jpg 300w, https:\/\/www.milosnicylasu.olsztyn.pl\/wp-content\/uploads\/2021\/09\/DSCN8267-www-768x576.jpg 768w, https:\/\/www.milosnicylasu.olsztyn.pl\/wp-content\/uploads\/2021\/09\/DSCN8267-www.jpg 1024w\" sizes=\"auto, (max-width: 300px) 100vw, 300px\" \/><\/a><\/strong><\/p>\n<p style=\"text-align: justify;\"><strong>Na ukszta\u0142towanie terenu, kt\u00f3rym administruje, dominuj\u0105cy wp\u0142yw mia\u0142a dzia\u0142alno\u015b\u0107 lodowca. \u015awiadcz\u0105 o tym wzniesienia si\u0119gaj\u0105ce do 175 m n.p.m., bogata sie\u0107 rzek, pradoliny i bruzdy rynnowe wype\u0142nione licznymi jeziorami. Jest ich ponad dwadzie\u015bcia, a do najwi\u0119kszych nale\u017c\u0105: Ko\u015bno, Kalwa Wielka, Wad\u0105g, Klebarskie, Linowskie, Uml\u0105g, Serwent.<\/strong><\/p>\n<p style=\"text-align: justify;\"><strong>Cech\u0105 wyr\u00f3\u017cniaj\u0105c\u0105 nadle\u015bnictwo w\u015br\u00f3d pozosta\u0142ych jednostek Regionalnej Dyrekcji Las\u00f3w Pa\u0144stwowych w Olsztynie jest jego specyficzne po\u0142o\u017cenie. Lasy bezpo\u015brednio s\u0105siaduj\u0105 z du\u017cym miastem, pe\u0142ni\u0105c funkcj\u0119 popularnego miejsca wypoczynku i rekreacji.<a href=\"https:\/\/www.milosnicylasu.olsztyn.pl\/wp-content\/uploads\/2021\/09\/DSCN8272-www.jpg\" data-rel=\"lightbox-image-4\" data-magnific_type=\"image\" data-rl_title=\"\" data-rl_caption=\"\" title=\"\"><img loading=\"lazy\" decoding=\"async\" class=\"size-medium wp-image-6567 alignright\" src=\"https:\/\/www.milosnicylasu.olsztyn.pl\/wp-content\/uploads\/2021\/09\/DSCN8272-www-300x225.jpg\" alt=\"\" width=\"300\" height=\"225\" srcset=\"https:\/\/www.milosnicylasu.olsztyn.pl\/wp-content\/uploads\/2021\/09\/DSCN8272-www-300x225.jpg 300w, https:\/\/www.milosnicylasu.olsztyn.pl\/wp-content\/uploads\/2021\/09\/DSCN8272-www-768x576.jpg 768w, https:\/\/www.milosnicylasu.olsztyn.pl\/wp-content\/uploads\/2021\/09\/DSCN8272-www.jpg 1024w\" sizes=\"auto, (max-width: 300px) 100vw, 300px\" \/><\/a><\/strong><\/p>\n<p>N<strong>a koniec naszej edukacji chwila rozrywki. Le\u015bnicy przygotowali ognisko. Piekli\u015bmy kie\u0142baski, wspominali\u015bmy pocz\u0105tki wsp\u00f3\u0142pracy Ko\u0142a Mi\u0142o\u015bnik\u00f3w Lasu i Militari\u00f3w LOK w Olsztynie z RDLP w Olsztynie i le\u015bnikom tam zatrudnionym, kt\u00f3rzy t\u0119 wsp\u00f3\u0142prac\u0119 zapocz\u0105tkowali i jest to ju\u017c ponad 12 lat. I nale\u017cy tu zaznaczy\u0107, \u017ce by\u0142 to Pan Pawe\u0142 Artych i Tadeusz Pampuch. Serdecznie dzi\u0119kujemy !<\/strong><\/p>\n<p><strong>Dzi\u0119kujemy te\u017c za pi\u0105tkowe spotkanie, Panu Artychowi za wiedz\u0119, paniom, kt\u00f3re przygotowa\u0142y kaw\u0119 , herbat\u0119 i pyszne ciasteczka, panom za ognisko. Dzi\u0119kujemy!<\/strong><\/p>\n<p><strong>\u00a0<\/strong><\/p>\n<p>&nbsp;<\/p>\n","protected":false},"excerpt":{"rendered":"<p>24 wrze\u015bnia 2021 roku, na zaproszenie Pana Paw\u0142a Artycha nadle\u015bniczego Nadle\u015bnictwa Olsztyn, odbyli\u015bmy edukacj\u0119 przyrodniczo-le\u015bn\u0105 w nowej pi\u0119knej siedzibie Nadle\u015bnictwa, kt\u00f3ra mie\u015bci si\u0119 w miejscowo\u015bci Zazdro\u015b\u0107, w gminie Stawiguda. W \u00a0\u00a0 pi\u0119knej sali edukacyjnej Gospodarz spotkania przedstawi\u0142 ciekawy wyk\u0142ad na temat obecnego stanu\u00a0 las\u00f3w w Polsce i przewidywanego za kilka, kilkadziesi\u0105t lat.\u00a0 Nie by\u0142y to [&hellip;]<\/p>\n","protected":false},"author":2,"featured_media":0,"comment_status":"open","ping_status":"open","sticky":false,"template":"","format":"standard","meta":{"footnotes":""},"categories":[1,9,17,5],"tags":[],"class_list":["post-6563","post","type-post","status-publish","format-standard","hentry","category-bez-kategorii","category-ciekawostki","category-edukacja-w-terenie","category-wycieczki"],"_links":{"self":[{"href":"https:\/\/www.milosnicylasu.olsztyn.pl\/index.php?rest_route=\/wp\/v2\/posts\/6563","targetHints":{"allow":["GET"]}}],"collection":[{"href":"https:\/\/www.milosnicylasu.olsztyn.pl\/index.php?rest_route=\/wp\/v2\/posts"}],"about":[{"href":"https:\/\/www.milosnicylasu.olsztyn.pl\/index.php?rest_route=\/wp\/v2\/types\/post"}],"author":[{"embeddable":true,"href":"https:\/\/www.milosnicylasu.olsztyn.pl\/index.php?rest_route=\/wp\/v2\/users\/2"}],"replies":[{"embeddable":true,"href":"https:\/\/www.milosnicylasu.olsztyn.pl\/index.php?rest_route=%2Fwp%2Fv2%2Fcomments&post=6563"}],"version-history":[{"count":1,"href":"https:\/\/www.milosnicylasu.olsztyn.pl\/index.php?rest_route=\/wp\/v2\/posts\/6563\/revisions"}],"predecessor-version":[{"id":6569,"href":"https:\/\/www.milosnicylasu.olsztyn.pl\/index.php?rest_route=\/wp\/v2\/posts\/6563\/revisions\/6569"}],"wp:attachment":[{"href":"https:\/\/www.milosnicylasu.olsztyn.pl\/index.php?rest_route=%2Fwp%2Fv2%2Fmedia&parent=6563"}],"wp:term":[{"taxonomy":"category","embeddable":true,"href":"https:\/\/www.milosnicylasu.olsztyn.pl\/index.php?rest_route=%2Fwp%2Fv2%2Fcategories&post=6563"},{"taxonomy":"post_tag","embeddable":true,"href":"https:\/\/www.milosnicylasu.olsztyn.pl\/index.php?rest_route=%2Fwp%2Fv2%2Ftags&post=6563"}],"curies":[{"name":"wp","href":"https:\/\/api.w.org\/{rel}","templated":true}]}}