{"id":6573,"date":"2021-09-29T08:08:47","date_gmt":"2021-09-29T06:08:47","guid":{"rendered":"https:\/\/www.milosnicylasu.olsztyn.pl\/?p=6573"},"modified":"2021-09-29T11:59:29","modified_gmt":"2021-09-29T09:59:29","slug":"strzelamy-na-medal","status":"publish","type":"post","link":"https:\/\/www.milosnicylasu.olsztyn.pl\/?p=6573","title":{"rendered":"Strzelamy na medal"},"content":{"rendered":"<p><a href=\"https:\/\/www.milosnicylasu.olsztyn.pl\/wp-content\/uploads\/2021\/09\/DSCN8292-www.jpg\" data-rel=\"lightbox-image-0\" data-magnific_type=\"image\" data-rl_title=\"\" data-rl_caption=\"\" title=\"\"><img loading=\"lazy\" decoding=\"async\" class=\"size-medium wp-image-6575 alignleft\" src=\"https:\/\/www.milosnicylasu.olsztyn.pl\/wp-content\/uploads\/2021\/09\/DSCN8292-www-300x225.jpg\" alt=\"\" width=\"300\" height=\"225\" srcset=\"https:\/\/www.milosnicylasu.olsztyn.pl\/wp-content\/uploads\/2021\/09\/DSCN8292-www-300x225.jpg 300w, https:\/\/www.milosnicylasu.olsztyn.pl\/wp-content\/uploads\/2021\/09\/DSCN8292-www-768x576.jpg 768w, https:\/\/www.milosnicylasu.olsztyn.pl\/wp-content\/uploads\/2021\/09\/DSCN8292-www.jpg 1024w\" sizes=\"auto, (max-width: 300px) 100vw, 300px\" \/><\/a><strong>Po bardzo d\u0142ugiej przerwie, 27 wrze\u015bnia odby\u0142y si\u0119 \u201eJesienne zawody strzeleckie z broni sportowej\u201d\u00a0\u00a0 <\/strong><\/p>\n<p><strong>Zawody obs\u0142ugiwali s\u0119dziowie strzelectwa sportowego Anatol Leszczy\u0144ski, J\u00f3zef Gazda<\/strong><\/p>\n<p><strong>\u00a0\u00a0\u00a0\u00a0\u00a0<em>\u00a0 Konkurencja m\u0142odzie\u017c:<\/em><\/strong><\/p>\n<p><strong>W tej konkurencji wzi\u0119\u0142a udzia\u0142\u00a0 jedna zawodniczka Ma\u0142gosia Pacyga, kt\u00f3ra\u00a0 uzyska\u0142a 88 pkt. na 120 mo\u017cliwych<\/strong><\/p>\n<p><strong>\u00a0\u00a0\u00a0\u00a0\u00a0\u00a0\u00a0\u00a0<em>\u00a0 Konkurencja Panie:<\/em><\/strong><\/p>\n<p><strong>Udzia\u0142 wzi\u0119\u0142y dwie zawodniczki. Teresa Mielczarska uzyska\u0142a 95 pkt, a Ryszarda \u017buk K\u0142\u0119bukowska 86 pkt.<\/strong><\/p>\n<p><strong>\u00a0\u00a0\u00a0\u00a0\u00a0<em>\u00a0\u00a0\u00a0\u00a0 Konkurencja Panowie:<\/em><\/strong><\/p>\n<p><strong>Najbardziej liczna grupa zawodnik\u00f3w to panowie.\u00a0 Najlepszymi okazali si\u0119:<\/strong><\/p>\n<ol>\n<li><strong>I miejsce Henryk B\u0142aszczak uzyska\u0142 108 pkt.\/ na 120 mo\u017cliwych\/<\/strong><\/li>\n<li><strong>II miejsce Adam Siemakowicz uzyska\u0142 100 pkt.<\/strong><\/li>\n<li><strong>III miejsce Ryszard Chodakiewicz uzyska\u0142 98 pkt.<a href=\"https:\/\/www.milosnicylasu.olsztyn.pl\/wp-content\/uploads\/2021\/09\/DSCN8296-www.jpg\" data-rel=\"lightbox-image-1\" data-magnific_type=\"image\" data-rl_title=\"\" data-rl_caption=\"\" title=\"\"><img loading=\"lazy\" decoding=\"async\" class=\"size-medium wp-image-6577 alignleft\" src=\"https:\/\/www.milosnicylasu.olsztyn.pl\/wp-content\/uploads\/2021\/09\/DSCN8296-www-300x225.jpg\" alt=\"\" width=\"300\" height=\"225\" srcset=\"https:\/\/www.milosnicylasu.olsztyn.pl\/wp-content\/uploads\/2021\/09\/DSCN8296-www-300x225.jpg 300w, https:\/\/www.milosnicylasu.olsztyn.pl\/wp-content\/uploads\/2021\/09\/DSCN8296-www-768x576.jpg 768w, https:\/\/www.milosnicylasu.olsztyn.pl\/wp-content\/uploads\/2021\/09\/DSCN8296-www.jpg 1024w\" sizes=\"auto, (max-width: 300px) 100vw, 300px\" \/><\/a><\/strong><\/li>\n<\/ol>\n<p><strong>Gratulujemy formy wszystkim uczestnikom zawod\u00f3w, szczeg\u00f3lnie zwyci\u0119zcom. Wr\u0119czenie medali odb\u0119dzie si\u0119 na uroczystym spotkaniu 07.10.2021r. podczas zebrania Ko\u0142a.<\/strong><\/p>\n<p><strong>\u00a0\u00a0\u00a0\u00a0\u00a0\u00a0\u00a0\u00a0\u00a0\u00a0\u00a0\u00a0 <a href=\"https:\/\/www.milosnicylasu.olsztyn.pl\/wp-content\/uploads\/2021\/09\/DSCN8301-www.jpg\" data-rel=\"lightbox-image-2\" data-magnific_type=\"image\" data-rl_title=\"\" data-rl_caption=\"\" title=\"\"><img loading=\"lazy\" decoding=\"async\" class=\"size-medium wp-image-6576 alignright\" src=\"https:\/\/www.milosnicylasu.olsztyn.pl\/wp-content\/uploads\/2021\/09\/DSCN8301-www-300x225.jpg\" alt=\"\" width=\"300\" height=\"225\" srcset=\"https:\/\/www.milosnicylasu.olsztyn.pl\/wp-content\/uploads\/2021\/09\/DSCN8301-www-300x225.jpg 300w, https:\/\/www.milosnicylasu.olsztyn.pl\/wp-content\/uploads\/2021\/09\/DSCN8301-www-768x576.jpg 768w, https:\/\/www.milosnicylasu.olsztyn.pl\/wp-content\/uploads\/2021\/09\/DSCN8301-www.jpg 1024w\" sizes=\"auto, (max-width: 300px) 100vw, 300px\" \/><\/a>Zawodnicy strzelaj\u0105cy poza konkursem:<\/strong><\/p>\n<ol>\n<li><strong>Anatol Leszczy\u0144ski 114 pkt.\/ na 120 mo\u017cliwych\/<\/strong><\/li>\n<li><strong>J\u00f3zek Gazda 103 pkt.<\/strong><\/li>\n<\/ol>\n<p>&nbsp;<\/p>\n<p>&nbsp;<\/p>\n","protected":false},"excerpt":{"rendered":"<p>Po bardzo d\u0142ugiej przerwie, 27 wrze\u015bnia odby\u0142y si\u0119 \u201eJesienne zawody strzeleckie z broni sportowej\u201d\u00a0\u00a0 Zawody obs\u0142ugiwali s\u0119dziowie strzelectwa sportowego Anatol Leszczy\u0144ski, J\u00f3zef Gazda \u00a0\u00a0\u00a0\u00a0\u00a0\u00a0 Konkurencja m\u0142odzie\u017c: W tej konkurencji wzi\u0119\u0142a udzia\u0142\u00a0 jedna zawodniczka Ma\u0142gosia Pacyga, kt\u00f3ra\u00a0 uzyska\u0142a 88 pkt. na 120 mo\u017cliwych \u00a0\u00a0\u00a0\u00a0\u00a0\u00a0\u00a0\u00a0\u00a0 Konkurencja Panie: Udzia\u0142 wzi\u0119\u0142y dwie zawodniczki. Teresa Mielczarska uzyska\u0142a 95 pkt, a [&hellip;]<\/p>\n","protected":false},"author":2,"featured_media":0,"comment_status":"open","ping_status":"open","sticky":false,"template":"","format":"standard","meta":{"footnotes":""},"categories":[1,8],"tags":[],"class_list":["post-6573","post","type-post","status-publish","format-standard","hentry","category-bez-kategorii","category-zawody-strzeleckie"],"_links":{"self":[{"href":"https:\/\/www.milosnicylasu.olsztyn.pl\/index.php?rest_route=\/wp\/v2\/posts\/6573","targetHints":{"allow":["GET"]}}],"collection":[{"href":"https:\/\/www.milosnicylasu.olsztyn.pl\/index.php?rest_route=\/wp\/v2\/posts"}],"about":[{"href":"https:\/\/www.milosnicylasu.olsztyn.pl\/index.php?rest_route=\/wp\/v2\/types\/post"}],"author":[{"embeddable":true,"href":"https:\/\/www.milosnicylasu.olsztyn.pl\/index.php?rest_route=\/wp\/v2\/users\/2"}],"replies":[{"embeddable":true,"href":"https:\/\/www.milosnicylasu.olsztyn.pl\/index.php?rest_route=%2Fwp%2Fv2%2Fcomments&post=6573"}],"version-history":[{"count":4,"href":"https:\/\/www.milosnicylasu.olsztyn.pl\/index.php?rest_route=\/wp\/v2\/posts\/6573\/revisions"}],"predecessor-version":[{"id":6580,"href":"https:\/\/www.milosnicylasu.olsztyn.pl\/index.php?rest_route=\/wp\/v2\/posts\/6573\/revisions\/6580"}],"wp:attachment":[{"href":"https:\/\/www.milosnicylasu.olsztyn.pl\/index.php?rest_route=%2Fwp%2Fv2%2Fmedia&parent=6573"}],"wp:term":[{"taxonomy":"category","embeddable":true,"href":"https:\/\/www.milosnicylasu.olsztyn.pl\/index.php?rest_route=%2Fwp%2Fv2%2Fcategories&post=6573"},{"taxonomy":"post_tag","embeddable":true,"href":"https:\/\/www.milosnicylasu.olsztyn.pl\/index.php?rest_route=%2Fwp%2Fv2%2Ftags&post=6573"}],"curies":[{"name":"wp","href":"https:\/\/api.w.org\/{rel}","templated":true}]}}