{"id":658,"date":"2013-10-27T20:49:03","date_gmt":"2013-10-27T19:49:03","guid":{"rendered":"http:\/\/www.milosnicylasu.olsztyn.pl\/?p=658"},"modified":"2013-10-27T21:09:10","modified_gmt":"2013-10-27T20:09:10","slug":"drzewo","status":"publish","type":"post","link":"https:\/\/www.milosnicylasu.olsztyn.pl\/?p=658","title":{"rendered":"Drzewo"},"content":{"rendered":"<p><a href=\"http:\/\/www.milosnicylasu.olsztyn.pl\/wp-content\/uploads\/2013\/10\/PIC_0433-www.jpg\" data-rel=\"lightbox-image-0\" data-magnific_type=\"image\" data-rl_title=\"\" data-rl_caption=\"\" title=\"\"><img loading=\"lazy\" decoding=\"async\" class=\"alignleft size-medium wp-image-665\" alt=\"PIC_0433-www\" src=\"http:\/\/www.milosnicylasu.olsztyn.pl\/wp-content\/uploads\/2013\/10\/PIC_0433-www-225x300.jpg\" width=\"225\" height=\"300\" srcset=\"https:\/\/www.milosnicylasu.olsztyn.pl\/wp-content\/uploads\/2013\/10\/PIC_0433-www-225x300.jpg 225w, https:\/\/www.milosnicylasu.olsztyn.pl\/wp-content\/uploads\/2013\/10\/PIC_0433-www-768x1024.jpg 768w, https:\/\/www.milosnicylasu.olsztyn.pl\/wp-content\/uploads\/2013\/10\/PIC_0433-www.jpg 1024w\" sizes=\"auto, (max-width: 225px) 100vw, 225px\" \/><\/a>Drzewo to nie tylko kora,<\/p>\n<p>Ga\u0142\u0105\u017a, s\u0119ki i korona<\/p>\n<p>Drzewo, gdy przyjdzie pora<\/p>\n<p>Razem z latem cicho kona.<\/p>\n<p>Drzewa s\u0105 dumne i wieczne,<\/p>\n<p>Widz\u0105 historii dzieje.<\/p>\n<p>Drzewa s\u0105 ludziom konieczne,<\/p>\n<p>Ludzko\u015b\u0107 bez drzewa sczerznieje.<\/p>\n<p><em>Napisa\u0142a i przeczyta\u0142a na\u00a0spotkaniu Ko\u0142a z okazji &#8222;Dnia Drzewa&#8221;<\/em><\/p>\n<p><em>Ryszarda Wiejek<\/em><\/p>\n<p>&nbsp;<\/p>\n<p>&nbsp;<\/p>\n<p>&nbsp;<\/p>\n","protected":false},"excerpt":{"rendered":"<p>Drzewo to nie tylko kora, Ga\u0142\u0105\u017a, s\u0119ki i korona Drzewo, gdy przyjdzie pora Razem z latem cicho kona. Drzewa s\u0105 dumne i wieczne, Widz\u0105 historii dzieje. Drzewa s\u0105 ludziom konieczne, Ludzko\u015b\u0107 bez drzewa sczerznieje. Napisa\u0142a i przeczyta\u0142a na\u00a0spotkaniu Ko\u0142a z okazji &#8222;Dnia Drzewa&#8221; Ryszarda Wiejek &nbsp; &nbsp; &nbsp;<\/p>\n","protected":false},"author":1,"featured_media":0,"comment_status":"open","ping_status":"open","sticky":false,"template":"","format":"standard","meta":{"footnotes":""},"categories":[1,2,7],"tags":[],"class_list":["post-658","post","type-post","status-publish","format-standard","hentry","category-bez-kategorii","category-rajdy","category-wiersze"],"_links":{"self":[{"href":"https:\/\/www.milosnicylasu.olsztyn.pl\/index.php?rest_route=\/wp\/v2\/posts\/658","targetHints":{"allow":["GET"]}}],"collection":[{"href":"https:\/\/www.milosnicylasu.olsztyn.pl\/index.php?rest_route=\/wp\/v2\/posts"}],"about":[{"href":"https:\/\/www.milosnicylasu.olsztyn.pl\/index.php?rest_route=\/wp\/v2\/types\/post"}],"author":[{"embeddable":true,"href":"https:\/\/www.milosnicylasu.olsztyn.pl\/index.php?rest_route=\/wp\/v2\/users\/1"}],"replies":[{"embeddable":true,"href":"https:\/\/www.milosnicylasu.olsztyn.pl\/index.php?rest_route=%2Fwp%2Fv2%2Fcomments&post=658"}],"version-history":[{"count":7,"href":"https:\/\/www.milosnicylasu.olsztyn.pl\/index.php?rest_route=\/wp\/v2\/posts\/658\/revisions"}],"predecessor-version":[{"id":667,"href":"https:\/\/www.milosnicylasu.olsztyn.pl\/index.php?rest_route=\/wp\/v2\/posts\/658\/revisions\/667"}],"wp:attachment":[{"href":"https:\/\/www.milosnicylasu.olsztyn.pl\/index.php?rest_route=%2Fwp%2Fv2%2Fmedia&parent=658"}],"wp:term":[{"taxonomy":"category","embeddable":true,"href":"https:\/\/www.milosnicylasu.olsztyn.pl\/index.php?rest_route=%2Fwp%2Fv2%2Fcategories&post=658"},{"taxonomy":"post_tag","embeddable":true,"href":"https:\/\/www.milosnicylasu.olsztyn.pl\/index.php?rest_route=%2Fwp%2Fv2%2Ftags&post=658"}],"curies":[{"name":"wp","href":"https:\/\/api.w.org\/{rel}","templated":true}]}}