{"id":6587,"date":"2021-10-03T19:37:42","date_gmt":"2021-10-03T17:37:42","guid":{"rendered":"https:\/\/www.milosnicylasu.olsztyn.pl\/?p=6587"},"modified":"2021-10-03T19:41:07","modified_gmt":"2021-10-03T17:41:07","slug":"zebranie","status":"publish","type":"post","link":"https:\/\/www.milosnicylasu.olsztyn.pl\/?p=6587","title":{"rendered":"Zebranie"},"content":{"rendered":"<p><a href=\"https:\/\/www.milosnicylasu.olsztyn.pl\/wp-content\/uploads\/2020\/10\/PA190120-www.jpg\" data-rel=\"lightbox-image-0\" data-magnific_type=\"image\" data-rl_title=\"\" data-rl_caption=\"\" title=\"\"><img loading=\"lazy\" decoding=\"async\" class=\"size-medium wp-image-5671\" src=\"https:\/\/www.milosnicylasu.olsztyn.pl\/wp-content\/uploads\/2020\/10\/PA190120-www-300x169.jpg\" alt=\"\" width=\"300\" height=\"169\" srcset=\"https:\/\/www.milosnicylasu.olsztyn.pl\/wp-content\/uploads\/2020\/10\/PA190120-www-300x169.jpg 300w, https:\/\/www.milosnicylasu.olsztyn.pl\/wp-content\/uploads\/2020\/10\/PA190120-www-768x432.jpg 768w, https:\/\/www.milosnicylasu.olsztyn.pl\/wp-content\/uploads\/2020\/10\/PA190120-www-730x410.jpg 730w, https:\/\/www.milosnicylasu.olsztyn.pl\/wp-content\/uploads\/2020\/10\/PA190120-www.jpg 1024w\" sizes=\"auto, (max-width: 300px) 100vw, 300px\" \/><\/a><\/p>\n<p><strong>Przypominamy o zebraniu 7 pa\u017adziernika 2021 roku, kt\u00f3re odb\u0119dzie si\u0119 tradycyjnie w RDLP w Olsztynie, pocz\u0105tek godzina 15.00. W trakcie spotkania: ciekawy wyk\u0142ad o grzybach &#8211; konkurs z nagrodami, sprawy bie\u017c\u0105ce, w tym propozycje na pa\u017adziernik. Serdecznie zapraszamy.<\/strong><\/p>\n<p><strong>A w lesie coraz pi\u0119kniej&#8230;&#8230;&#8230;<\/strong><\/p>\n","protected":false},"excerpt":{"rendered":"<p>Przypominamy o zebraniu 7 pa\u017adziernika 2021 roku, kt\u00f3re odb\u0119dzie si\u0119 tradycyjnie w RDLP w Olsztynie, pocz\u0105tek godzina 15.00. W trakcie spotkania: ciekawy wyk\u0142ad o grzybach &#8211; konkurs z nagrodami, sprawy bie\u017c\u0105ce, w tym propozycje na pa\u017adziernik. Serdecznie zapraszamy. A w lesie coraz pi\u0119kniej&#8230;&#8230;&#8230;<\/p>\n","protected":false},"author":2,"featured_media":0,"comment_status":"open","ping_status":"open","sticky":false,"template":"","format":"standard","meta":{"footnotes":""},"categories":[1,3],"tags":[],"class_list":["post-6587","post","type-post","status-publish","format-standard","hentry","category-bez-kategorii","category-zebrania"],"_links":{"self":[{"href":"https:\/\/www.milosnicylasu.olsztyn.pl\/index.php?rest_route=\/wp\/v2\/posts\/6587","targetHints":{"allow":["GET"]}}],"collection":[{"href":"https:\/\/www.milosnicylasu.olsztyn.pl\/index.php?rest_route=\/wp\/v2\/posts"}],"about":[{"href":"https:\/\/www.milosnicylasu.olsztyn.pl\/index.php?rest_route=\/wp\/v2\/types\/post"}],"author":[{"embeddable":true,"href":"https:\/\/www.milosnicylasu.olsztyn.pl\/index.php?rest_route=\/wp\/v2\/users\/2"}],"replies":[{"embeddable":true,"href":"https:\/\/www.milosnicylasu.olsztyn.pl\/index.php?rest_route=%2Fwp%2Fv2%2Fcomments&post=6587"}],"version-history":[{"count":3,"href":"https:\/\/www.milosnicylasu.olsztyn.pl\/index.php?rest_route=\/wp\/v2\/posts\/6587\/revisions"}],"predecessor-version":[{"id":6590,"href":"https:\/\/www.milosnicylasu.olsztyn.pl\/index.php?rest_route=\/wp\/v2\/posts\/6587\/revisions\/6590"}],"wp:attachment":[{"href":"https:\/\/www.milosnicylasu.olsztyn.pl\/index.php?rest_route=%2Fwp%2Fv2%2Fmedia&parent=6587"}],"wp:term":[{"taxonomy":"category","embeddable":true,"href":"https:\/\/www.milosnicylasu.olsztyn.pl\/index.php?rest_route=%2Fwp%2Fv2%2Fcategories&post=6587"},{"taxonomy":"post_tag","embeddable":true,"href":"https:\/\/www.milosnicylasu.olsztyn.pl\/index.php?rest_route=%2Fwp%2Fv2%2Ftags&post=6587"}],"curies":[{"name":"wp","href":"https:\/\/api.w.org\/{rel}","templated":true}]}}