{"id":6605,"date":"2021-10-11T16:48:15","date_gmt":"2021-10-11T14:48:15","guid":{"rendered":"https:\/\/www.milosnicylasu.olsztyn.pl\/?p=6605"},"modified":"2021-10-11T16:49:12","modified_gmt":"2021-10-11T14:49:12","slug":"wrocilismy-do","status":"publish","type":"post","link":"https:\/\/www.milosnicylasu.olsztyn.pl\/?p=6605","title":{"rendered":"Wr\u00f3cili\u015bmy do&#8230;&#8230;&#8230;&#8230;.."},"content":{"rendered":"<p><a href=\"https:\/\/www.milosnicylasu.olsztyn.pl\/wp-content\/uploads\/2021\/10\/DSCN8362-www.jpg\" data-rel=\"lightbox-image-0\" data-magnific_type=\"image\" data-rl_title=\"\" data-rl_caption=\"\" title=\"\"><img loading=\"lazy\" decoding=\"async\" class=\"size-medium wp-image-6607 alignleft\" src=\"https:\/\/www.milosnicylasu.olsztyn.pl\/wp-content\/uploads\/2021\/10\/DSCN8362-www-300x225.jpg\" alt=\"\" width=\"300\" height=\"225\" srcset=\"https:\/\/www.milosnicylasu.olsztyn.pl\/wp-content\/uploads\/2021\/10\/DSCN8362-www-300x225.jpg 300w, https:\/\/www.milosnicylasu.olsztyn.pl\/wp-content\/uploads\/2021\/10\/DSCN8362-www-768x576.jpg 768w, https:\/\/www.milosnicylasu.olsztyn.pl\/wp-content\/uploads\/2021\/10\/DSCN8362-www.jpg 1024w\" sizes=\"auto, (max-width: 300px) 100vw, 300px\" \/><\/a><strong><a href=\"https:\/\/www.milosnicylasu.olsztyn.pl\/wp-content\/uploads\/2021\/10\/DSCN8383-www.jpg\" data-rel=\"lightbox-image-1\" data-magnific_type=\"image\" data-rl_title=\"\" data-rl_caption=\"\" title=\"\"><img loading=\"lazy\" decoding=\"async\" class=\"size-medium wp-image-6611 alignright\" src=\"https:\/\/www.milosnicylasu.olsztyn.pl\/wp-content\/uploads\/2021\/10\/DSCN8383-www-300x225.jpg\" alt=\"\" width=\"300\" height=\"225\" srcset=\"https:\/\/www.milosnicylasu.olsztyn.pl\/wp-content\/uploads\/2021\/10\/DSCN8383-www-300x225.jpg 300w, https:\/\/www.milosnicylasu.olsztyn.pl\/wp-content\/uploads\/2021\/10\/DSCN8383-www-768x576.jpg 768w, https:\/\/www.milosnicylasu.olsztyn.pl\/wp-content\/uploads\/2021\/10\/DSCN8383-www.jpg 1024w\" sizes=\"auto, (max-width: 300px) 100vw, 300px\" \/><\/a>Po d\u0142ugiej przerwie wr\u00f3cili\u015bmy do Le\u015bnictwa Stary Dw\u00f3r i przemi\u0142ego gospodarza tego terenu Pana Wojciecha D\u0105browskiego.<\/strong><\/p>\n<p><strong><a href=\"https:\/\/www.milosnicylasu.olsztyn.pl\/wp-content\/uploads\/2021\/10\/DSCN8370-www.jpg\" data-rel=\"lightbox-image-2\" data-magnific_type=\"image\" data-rl_title=\"\" data-rl_caption=\"\" title=\"\"><img loading=\"lazy\" decoding=\"async\" class=\"size-medium wp-image-6613 aligncenter\" src=\"https:\/\/www.milosnicylasu.olsztyn.pl\/wp-content\/uploads\/2021\/10\/DSCN8370-www-300x225.jpg\" alt=\"\" width=\"300\" height=\"225\" srcset=\"https:\/\/www.milosnicylasu.olsztyn.pl\/wp-content\/uploads\/2021\/10\/DSCN8370-www-300x225.jpg 300w, https:\/\/www.milosnicylasu.olsztyn.pl\/wp-content\/uploads\/2021\/10\/DSCN8370-www-768x576.jpg 768w, https:\/\/www.milosnicylasu.olsztyn.pl\/wp-content\/uploads\/2021\/10\/DSCN8370-www.jpg 1024w\" sizes=\"auto, (max-width: 300px) 100vw, 300px\" \/><\/a> D\u0142ugi spacer \/ podobno ok.5 km\/, w pi\u0119knej jesiennej scenerii, p\u00f3\u017aniej odpoczynek , konkurs o pszczo\u0142ach, przygotowany przez Anatola Leszczy\u0144skiego i powr\u00f3t lasem. A co do konkursu&#8230; to najwi\u0119ksz\u0105 wiedz\u0105 wykaza\u0142 si\u0119 J\u00f3zek Gazda.<\/strong><\/p>\n<p>&nbsp;<\/p>\n<p><strong><a href=\"https:\/\/www.milosnicylasu.olsztyn.pl\/wp-content\/uploads\/2021\/10\/DSCN8382-www.jpg\" data-rel=\"lightbox-image-3\" data-magnific_type=\"image\" data-rl_title=\"\" data-rl_caption=\"\" title=\"\"><img loading=\"lazy\" decoding=\"async\" class=\"size-medium wp-image-6608 alignright\" src=\"https:\/\/www.milosnicylasu.olsztyn.pl\/wp-content\/uploads\/2021\/10\/DSCN8382-www-300x225.jpg\" alt=\"\" width=\"300\" height=\"225\" srcset=\"https:\/\/www.milosnicylasu.olsztyn.pl\/wp-content\/uploads\/2021\/10\/DSCN8382-www-300x225.jpg 300w, https:\/\/www.milosnicylasu.olsztyn.pl\/wp-content\/uploads\/2021\/10\/DSCN8382-www-768x576.jpg 768w, https:\/\/www.milosnicylasu.olsztyn.pl\/wp-content\/uploads\/2021\/10\/DSCN8382-www.jpg 1024w\" sizes=\"auto, (max-width: 300px) 100vw, 300px\" \/><\/a>By\u0142o tak pi\u0119knie, \u017ce nikt nie czu\u0142 zm\u0119czenia. Ju\u017c mo\u017ce coraz ch\u0142odniej, szczeg\u00f3lnie noc\u0105, ale w dzie\u0144 jest cudnie.<a href=\"https:\/\/www.milosnicylasu.olsztyn.pl\/wp-content\/uploads\/2021\/10\/DSCN8364-www.jpg\" data-rel=\"lightbox-image-4\" data-magnific_type=\"image\" data-rl_title=\"\" data-rl_caption=\"\" title=\"\"><img loading=\"lazy\" decoding=\"async\" class=\"size-medium wp-image-6609 aligncenter\" src=\"https:\/\/www.milosnicylasu.olsztyn.pl\/wp-content\/uploads\/2021\/10\/DSCN8364-www-300x225.jpg\" alt=\"\" width=\"300\" height=\"225\" srcset=\"https:\/\/www.milosnicylasu.olsztyn.pl\/wp-content\/uploads\/2021\/10\/DSCN8364-www-300x225.jpg 300w, https:\/\/www.milosnicylasu.olsztyn.pl\/wp-content\/uploads\/2021\/10\/DSCN8364-www-768x576.jpg 768w, https:\/\/www.milosnicylasu.olsztyn.pl\/wp-content\/uploads\/2021\/10\/DSCN8364-www.jpg 1024w\" sizes=\"auto, (max-width: 300px) 100vw, 300px\" \/>\u00a0<\/a><\/strong><\/p>\n","protected":false},"excerpt":{"rendered":"<p>Po d\u0142ugiej przerwie wr\u00f3cili\u015bmy do Le\u015bnictwa Stary Dw\u00f3r i przemi\u0142ego gospodarza tego terenu Pana Wojciecha D\u0105browskiego. D\u0142ugi spacer \/ podobno ok.5 km\/, w pi\u0119knej jesiennej scenerii, p\u00f3\u017aniej odpoczynek , konkurs o pszczo\u0142ach, przygotowany przez Anatola Leszczy\u0144skiego i powr\u00f3t lasem. A co do konkursu&#8230; to najwi\u0119ksz\u0105 wiedz\u0105 wykaza\u0142 si\u0119 J\u00f3zek Gazda. &nbsp; By\u0142o tak pi\u0119knie, \u017ce [&hellip;]<\/p>\n","protected":false},"author":2,"featured_media":0,"comment_status":"open","ping_status":"open","sticky":false,"template":"","format":"standard","meta":{"footnotes":""},"categories":[1,9,15],"tags":[],"class_list":["post-6605","post","type-post","status-publish","format-standard","hentry","category-bez-kategorii","category-ciekawostki","category-komkurs"],"_links":{"self":[{"href":"https:\/\/www.milosnicylasu.olsztyn.pl\/index.php?rest_route=\/wp\/v2\/posts\/6605","targetHints":{"allow":["GET"]}}],"collection":[{"href":"https:\/\/www.milosnicylasu.olsztyn.pl\/index.php?rest_route=\/wp\/v2\/posts"}],"about":[{"href":"https:\/\/www.milosnicylasu.olsztyn.pl\/index.php?rest_route=\/wp\/v2\/types\/post"}],"author":[{"embeddable":true,"href":"https:\/\/www.milosnicylasu.olsztyn.pl\/index.php?rest_route=\/wp\/v2\/users\/2"}],"replies":[{"embeddable":true,"href":"https:\/\/www.milosnicylasu.olsztyn.pl\/index.php?rest_route=%2Fwp%2Fv2%2Fcomments&post=6605"}],"version-history":[{"count":3,"href":"https:\/\/www.milosnicylasu.olsztyn.pl\/index.php?rest_route=\/wp\/v2\/posts\/6605\/revisions"}],"predecessor-version":[{"id":6614,"href":"https:\/\/www.milosnicylasu.olsztyn.pl\/index.php?rest_route=\/wp\/v2\/posts\/6605\/revisions\/6614"}],"wp:attachment":[{"href":"https:\/\/www.milosnicylasu.olsztyn.pl\/index.php?rest_route=%2Fwp%2Fv2%2Fmedia&parent=6605"}],"wp:term":[{"taxonomy":"category","embeddable":true,"href":"https:\/\/www.milosnicylasu.olsztyn.pl\/index.php?rest_route=%2Fwp%2Fv2%2Fcategories&post=6605"},{"taxonomy":"post_tag","embeddable":true,"href":"https:\/\/www.milosnicylasu.olsztyn.pl\/index.php?rest_route=%2Fwp%2Fv2%2Ftags&post=6605"}],"curies":[{"name":"wp","href":"https:\/\/api.w.org\/{rel}","templated":true}]}}