{"id":6636,"date":"2021-10-28T18:35:52","date_gmt":"2021-10-28T16:35:52","guid":{"rendered":"https:\/\/www.milosnicylasu.olsztyn.pl\/?p=6636"},"modified":"2021-10-29T14:51:33","modified_gmt":"2021-10-29T12:51:33","slug":"103-rocznica-odzyskania-przez-polske-niepodleglosci","status":"publish","type":"post","link":"https:\/\/www.milosnicylasu.olsztyn.pl\/?p=6636","title":{"rendered":"103 rocznica odzyskania przez Polsk\u0119 niepodleg\u0142o\u015bci"},"content":{"rendered":"<p><strong>Uczcili\u015bmy 103 rocznic\u0119 odzyskania przez Polsk\u0119 niepodleg\u0142o\u015bci<\/strong><\/p>\n<p><strong>III edycja wsp\u00f3lnego \u015bpiewania pie\u015bni patriotycznych cz\u0142onk\u00f3w Ko\u0142a Mi\u0142o\u015bnik\u00f3w Lasu i Militari\u00f3w Ligi Obrony Kraju przy Akademii Trzeciego Wieku w Olsztynie z udzia\u0142em zaproszonych go\u015bci<a href=\"https:\/\/www.milosnicylasu.olsztyn.pl\/wp-content\/uploads\/2021\/10\/DSCN8495-www.jpg\" data-rel=\"lightbox-image-0\" data-magnific_type=\"image\" data-rl_title=\"\" data-rl_caption=\"\" title=\"\"><img loading=\"lazy\" decoding=\"async\" class=\"size-medium wp-image-6658 aligncenter\" src=\"https:\/\/www.milosnicylasu.olsztyn.pl\/wp-content\/uploads\/2021\/10\/DSCN8495-www-300x169.jpg\" alt=\"\" width=\"300\" height=\"169\" srcset=\"https:\/\/www.milosnicylasu.olsztyn.pl\/wp-content\/uploads\/2021\/10\/DSCN8495-www-300x169.jpg 300w, https:\/\/www.milosnicylasu.olsztyn.pl\/wp-content\/uploads\/2021\/10\/DSCN8495-www-768x432.jpg 768w, https:\/\/www.milosnicylasu.olsztyn.pl\/wp-content\/uploads\/2021\/10\/DSCN8495-www-730x410.jpg 730w, https:\/\/www.milosnicylasu.olsztyn.pl\/wp-content\/uploads\/2021\/10\/DSCN8495-www.jpg 1024w\" sizes=\"auto, (max-width: 300px) 100vw, 300px\" \/><\/a><\/strong><\/p>\n<p>&nbsp;<\/p>\n<p>28 pa\u017adziernika 2021 roku w Nadle\u015bnictwie Kudypy w Le\u015bnym Arboretum Warmii i Mazur im. Polskiego Towarzystwa Le\u015bnego odby\u0142a si\u0119 III edycja wsp\u00f3lnego \u015bpiewania pie\u015bni patriotycznych cz\u0142onk\u00f3w Ko\u0142a Mi\u0142o\u015bnik\u00f3w Lasu i Militari\u00f3w LOK przy Akademii Trzeciego Wieku w Olsztynie oraz zaproszonych go\u015bci. \u00a0Podczas spotkania Prezes Anatol Leszczy\u0144ski, \u00a0w imieniu Dyrektora Warmi\u0144sko \u2013 Mazurskiej Organizacji Wojew\u00f3dzkiej w Olsztynie Pana Andrzeja Zuby; wr\u0119czy\u0142 odznaczenia i medale dla wyr\u00f3\u017cnionych os\u00f3b wsp\u00f3\u0142pracuj\u0105cych z Ko\u0142em, wspieraj\u0105cych cz\u0142onk\u00f3w zakresie edukacji le\u015bnej, poznawania walor\u00f3w olszty\u0144skich las\u00f3w czy te\u017c propagowania ekologicznych trend\u00f3w.<\/p>\n<p><a href=\"https:\/\/www.milosnicylasu.olsztyn.pl\/wp-content\/uploads\/2021\/10\/20211028_114248-www.jpg\" data-rel=\"lightbox-image-1\" data-magnific_type=\"image\" data-rl_title=\"\" data-rl_caption=\"\" title=\"\"><img loading=\"lazy\" decoding=\"async\" class=\"size-medium wp-image-6641 alignleft\" src=\"https:\/\/www.milosnicylasu.olsztyn.pl\/wp-content\/uploads\/2021\/10\/20211028_114248-www-300x225.jpg\" alt=\"\" width=\"300\" height=\"225\" srcset=\"https:\/\/www.milosnicylasu.olsztyn.pl\/wp-content\/uploads\/2021\/10\/20211028_114248-www-300x225.jpg 300w, https:\/\/www.milosnicylasu.olsztyn.pl\/wp-content\/uploads\/2021\/10\/20211028_114248-www-768x576.jpg 768w, https:\/\/www.milosnicylasu.olsztyn.pl\/wp-content\/uploads\/2021\/10\/20211028_114248-www.jpg 1024w\" sizes=\"auto, (max-width: 300px) 100vw, 300px\" \/><\/a><strong>Z okazji 103 rocznicy Odzyskania Niepodleg\u0142o\u015bci, za dotychczasow\u0105 wsp\u00f3\u0142prac\u0119 i wspieranie dzia\u0142alno\u015bci statutowej Zarz\u0105d Ko\u0142a wyr\u00f3\u017cni\u0142 pami\u0105tkowym medalem osoby:<\/strong><\/p>\n<ol>\n<li><strong>Andrzej Abako,<\/strong><\/li>\n<li><strong>Adam Roczniak<\/strong><\/li>\n<li><strong>Andrzej Zuba<\/strong><\/li>\n<li><strong>Wojciech Matuszak,<\/strong><\/li>\n<li><strong>Paulina Rutkowska,<\/strong><\/li>\n<li><strong>Zbigniew Kadaj,<\/strong><\/li>\n<li><strong>Mariusz Orzechowski,<\/strong><\/li>\n<li><strong>Waldemar Ostrowski,<\/strong><\/li>\n<li><strong>Adam Czajkowski,<\/strong><\/li>\n<li><strong>Bogumi\u0142 Sobotka,<\/strong><\/li>\n<li><strong>Dariusz Szczawi\u0144ski,<\/strong><\/li>\n<li><strong>Adam Siemakowicz.<\/strong><\/li>\n<\/ol>\n<p><strong>Br\u0105zowym medalem \u201eZa Zas\u0142ugi Dla Ko\u0142a\u201d wyr\u00f3\u017cniono:<a href=\"https:\/\/www.milosnicylasu.olsztyn.pl\/wp-content\/uploads\/2021\/10\/20211028_121943-www.jpg\" data-rel=\"lightbox-image-2\" data-magnific_type=\"image\" data-rl_title=\"\" data-rl_caption=\"\" title=\"\"><img loading=\"lazy\" decoding=\"async\" class=\"size-medium wp-image-6645 alignleft\" src=\"https:\/\/www.milosnicylasu.olsztyn.pl\/wp-content\/uploads\/2021\/10\/20211028_121943-www-225x300.jpg\" alt=\"\" width=\"225\" height=\"300\" srcset=\"https:\/\/www.milosnicylasu.olsztyn.pl\/wp-content\/uploads\/2021\/10\/20211028_121943-www-225x300.jpg 225w, https:\/\/www.milosnicylasu.olsztyn.pl\/wp-content\/uploads\/2021\/10\/20211028_121943-www.jpg 768w\" sizes=\"auto, (max-width: 225px) 100vw, 225px\" \/><\/a><\/strong><\/p>\n<ol>\n<li><strong>Piotr Laska<\/strong><\/li>\n<\/ol>\n<p><strong>Prezydium Zarz\u0105du Wojew\u00f3dzkiego Ligi Obrony Kraju w Olsztynie nada\u0142o srebrn\u0105 odznak\u0119 \u201eZas\u0142u\u017cony Dzia\u0142acz LOK\u201d nast\u0119puj\u0105cym osobom:<a href=\"https:\/\/www.milosnicylasu.olsztyn.pl\/wp-content\/uploads\/2021\/10\/20211028_114610-www.jpg\" data-rel=\"lightbox-image-3\" data-magnific_type=\"image\" data-rl_title=\"\" data-rl_caption=\"\" title=\"\"><img loading=\"lazy\" decoding=\"async\" class=\"size-medium wp-image-6644 alignright\" src=\"https:\/\/www.milosnicylasu.olsztyn.pl\/wp-content\/uploads\/2021\/10\/20211028_114610-www-300x225.jpg\" alt=\"\" width=\"300\" height=\"225\" srcset=\"https:\/\/www.milosnicylasu.olsztyn.pl\/wp-content\/uploads\/2021\/10\/20211028_114610-www-300x225.jpg 300w, https:\/\/www.milosnicylasu.olsztyn.pl\/wp-content\/uploads\/2021\/10\/20211028_114610-www-768x576.jpg 768w, https:\/\/www.milosnicylasu.olsztyn.pl\/wp-content\/uploads\/2021\/10\/20211028_114610-www.jpg 1024w\" sizes=\"auto, (max-width: 300px) 100vw, 300px\" \/><\/a><\/strong><\/p>\n<ol>\n<li><strong>Daniela Tyl,<\/strong><\/li>\n<li><strong>Justyna Ha\u0142adaj,<\/strong><\/li>\n<li><strong>Artur Kuczy\u0144ski,<\/strong><\/li>\n<li><strong>Miros\u0142aw Borsuk,<\/strong><\/li>\n<li><strong>Kamil Dubczyk,<\/strong><\/li>\n<li><strong>Piotr Juszczyk,<\/strong><\/li>\n<li><strong>Dariusz Sobotka,<\/strong><\/li>\n<li><strong>Dawid Pa\u0144kowski,<\/strong><\/li>\n<li><strong>Benedykt Kucki<\/strong><\/li>\n<\/ol>\n<p><strong>Rada Krajowa Ligii Obrony Kraju nada\u0142a br\u0105zowy medal \u201eZa Zas\u0142ugi Dla Ligi Obrony Kraju\u201d osobom:<a href=\"https:\/\/www.milosnicylasu.olsztyn.pl\/wp-content\/uploads\/2021\/10\/20211028_114811-www.jpg\" data-rel=\"lightbox-image-4\" data-magnific_type=\"image\" data-rl_title=\"\" data-rl_caption=\"\" title=\"\"><img loading=\"lazy\" decoding=\"async\" class=\"size-medium wp-image-6649 alignleft\" src=\"https:\/\/www.milosnicylasu.olsztyn.pl\/wp-content\/uploads\/2021\/10\/20211028_114811-www-300x225.jpg\" alt=\"\" width=\"300\" height=\"225\" srcset=\"https:\/\/www.milosnicylasu.olsztyn.pl\/wp-content\/uploads\/2021\/10\/20211028_114811-www-300x225.jpg 300w, https:\/\/www.milosnicylasu.olsztyn.pl\/wp-content\/uploads\/2021\/10\/20211028_114811-www-768x576.jpg 768w, https:\/\/www.milosnicylasu.olsztyn.pl\/wp-content\/uploads\/2021\/10\/20211028_114811-www.jpg 1024w\" sizes=\"auto, (max-width: 300px) 100vw, 300px\" \/><\/a><\/strong><\/p>\n<ol>\n<li><strong>Waldemar Ostrowski,<\/strong><\/li>\n<li><strong>Adam Czajkowski<\/strong><\/li>\n<li><strong>Dariusz Szczawi\u0144ski,<\/strong><\/li>\n<li><strong>Bogumi\u0142 Sobotka.<\/strong><\/li>\n<\/ol>\n<p><strong>Prezes Ligii Obrony Kraju nada\u0142 z\u0142oty krzy\u017c zas\u0142ugi \u201eZa Zas\u0142ugi Dla K\u00f3\u0142 \u017bo\u0142nierzy Rezerwy Ligi Obrony Kraju\u201d dla:<a href=\"https:\/\/www.milosnicylasu.olsztyn.pl\/wp-content\/uploads\/2021\/10\/20211028_115012-www.jpg\" data-rel=\"lightbox-image-5\" data-magnific_type=\"image\" data-rl_title=\"\" data-rl_caption=\"\" title=\"\"><img loading=\"lazy\" decoding=\"async\" class=\"size-medium wp-image-6650 alignright\" src=\"https:\/\/www.milosnicylasu.olsztyn.pl\/wp-content\/uploads\/2021\/10\/20211028_115012-www-300x225.jpg\" alt=\"\" width=\"300\" height=\"225\" srcset=\"https:\/\/www.milosnicylasu.olsztyn.pl\/wp-content\/uploads\/2021\/10\/20211028_115012-www-300x225.jpg 300w, https:\/\/www.milosnicylasu.olsztyn.pl\/wp-content\/uploads\/2021\/10\/20211028_115012-www-768x576.jpg 768w, https:\/\/www.milosnicylasu.olsztyn.pl\/wp-content\/uploads\/2021\/10\/20211028_115012-www.jpg 1024w\" sizes=\"auto, (max-width: 300px) 100vw, 300px\" \/><\/a><\/strong><\/p>\n<ol>\n<li><strong>Adama Roczniaka,<\/strong><\/li>\n<li><strong>Wojciecha Matuszaka,<\/strong><\/li>\n<li><strong>Tomasza Dzietowieckiego<\/strong><\/li>\n<\/ol>\n<p><strong>W imieniu wszystkich odznaczonych le\u015bnik\u00f3w podzi\u0119kowa\u0142 Dyrektor Regionalnej Dyrekcji Las\u00f3w Pa\u0144stwowych w Olsztynie Pan Adam Roczniak.<\/strong><\/p>\n<p><strong>Podkre\u015bli\u0142, \u017ce cieszy fakt docenienia wielu \u00a0le\u015bnik\u00f3w, kt\u00f3rzy \u00a0po\u015bwi\u0119caj\u0105 \u00a0sw\u00f3j wolny czas na dzia\u0142alno\u015b\u0107 spo\u0142eczn\u0105 w LOK-u.<\/strong><\/p>\n<p><strong>Pan Anatol Leszczy\u0144ski jeszcze raz\u00a0 pogratulowa\u0142 odznaczonym, jednocze\u015bnie dzi\u0119kuj\u0105c\u00a0 za pomoc okazywan\u0105 na rzecz Ko\u0142a.<\/strong><\/p>\n<p>&nbsp;<\/p>\n<p><strong>.Dalsza cz\u0119\u015b\u0107 spotkania odby\u0142a si\u0119 w pi\u0119knej jesiennej scenerii, w piknikowej atmosferze \u015bpiew\u00f3w pie\u015bni patriotycznych, gdzie akompaniowa\u0142 oczywi\u015bcie le\u015bnik, Pan Piotr Laska z Nadle\u015bnictwa Strza\u0142owo. Organizacj\u0105 wydarzenia\u00a0 zaj\u0105\u0142 si\u0119 prezes Ko\u0142a Anatol Leszczy\u0144ski, przy pomocy cz\u0142onk\u00f3w Ko\u0142a i pracownik\u00f3w Nadle\u015bnictwa Kudypy. <a href=\"https:\/\/www.milosnicylasu.olsztyn.pl\/wp-content\/uploads\/2021\/10\/DSCN8490-www.jpg\" data-rel=\"lightbox-image-6\" data-magnific_type=\"image\" data-rl_title=\"\" data-rl_caption=\"\" title=\"\"><img loading=\"lazy\" decoding=\"async\" class=\"size-medium wp-image-6655 alignleft\" src=\"https:\/\/www.milosnicylasu.olsztyn.pl\/wp-content\/uploads\/2021\/10\/DSCN8490-www-300x169.jpg\" alt=\"\" width=\"300\" height=\"169\" srcset=\"https:\/\/www.milosnicylasu.olsztyn.pl\/wp-content\/uploads\/2021\/10\/DSCN8490-www-300x169.jpg 300w, https:\/\/www.milosnicylasu.olsztyn.pl\/wp-content\/uploads\/2021\/10\/DSCN8490-www-768x432.jpg 768w, https:\/\/www.milosnicylasu.olsztyn.pl\/wp-content\/uploads\/2021\/10\/DSCN8490-www-730x410.jpg 730w, https:\/\/www.milosnicylasu.olsztyn.pl\/wp-content\/uploads\/2021\/10\/DSCN8490-www.jpg 1024w\" sizes=\"auto, (max-width: 300px) 100vw, 300px\" \/><\/a><\/strong><\/p>\n<p>&nbsp;<\/p>\n<p><strong>Szczeg\u00f3lnie dzi\u0119kujemy Nadle\u015bniczemu Panu Mariuszowi Orzechowskiemu, Pani Paulinie Rutkowskiej i innym pracownikom zaanga\u017cowanym w realizacj\u0119 patriotycznej imprezy. Dzi\u0119kujemy Rysi i Micha\u0142owi K\u0142\u0119bukowskim za \u015bpiewniki, za doprowadzenie uczestnik\u00f3w na miejsce spotkania, za poprowadzenie wsp\u00f3lnego \u015bpiewania.\u00a0 <a href=\"https:\/\/www.milosnicylasu.olsztyn.pl\/wp-content\/uploads\/2021\/10\/20211028_115123-www.jpg\" data-rel=\"lightbox-image-7\" data-magnific_type=\"image\" data-rl_title=\"\" data-rl_caption=\"\" title=\"\"><img loading=\"lazy\" decoding=\"async\" class=\"size-medium wp-image-6640 alignleft\" src=\"https:\/\/www.milosnicylasu.olsztyn.pl\/wp-content\/uploads\/2021\/10\/20211028_115123-www-300x225.jpg\" alt=\"\" width=\"300\" height=\"225\" srcset=\"https:\/\/www.milosnicylasu.olsztyn.pl\/wp-content\/uploads\/2021\/10\/20211028_115123-www-300x225.jpg 300w, https:\/\/www.milosnicylasu.olsztyn.pl\/wp-content\/uploads\/2021\/10\/20211028_115123-www-768x576.jpg 768w, https:\/\/www.milosnicylasu.olsztyn.pl\/wp-content\/uploads\/2021\/10\/20211028_115123-www.jpg 1024w\" sizes=\"auto, (max-width: 300px) 100vw, 300px\" \/><\/a><br \/>\n<\/strong><\/p>\n<p><strong><a href=\"https:\/\/www.milosnicylasu.olsztyn.pl\/wp-content\/uploads\/2021\/10\/20211028_120941-www.jpg\" data-rel=\"lightbox-image-8\" data-magnific_type=\"image\" data-rl_title=\"\" data-rl_caption=\"\" title=\"\"><img loading=\"lazy\" decoding=\"async\" class=\"size-medium wp-image-6652 alignleft\" src=\"https:\/\/www.milosnicylasu.olsztyn.pl\/wp-content\/uploads\/2021\/10\/20211028_120941-www-300x225.jpg\" alt=\"\" width=\"300\" height=\"225\" srcset=\"https:\/\/www.milosnicylasu.olsztyn.pl\/wp-content\/uploads\/2021\/10\/20211028_120941-www-300x225.jpg 300w, https:\/\/www.milosnicylasu.olsztyn.pl\/wp-content\/uploads\/2021\/10\/20211028_120941-www-768x576.jpg 768w, https:\/\/www.milosnicylasu.olsztyn.pl\/wp-content\/uploads\/2021\/10\/20211028_120941-www.jpg 1024w\" sizes=\"auto, (max-width: 300px) 100vw, 300px\" \/><\/a><\/strong><\/p>\n<p>&nbsp;<\/p>\n<p><a href=\"https:\/\/www.milosnicylasu.olsztyn.pl\/wp-content\/uploads\/2021\/10\/DSCN8472-www.jpg\" data-rel=\"lightbox-image-9\" data-magnific_type=\"image\" data-rl_title=\"\" data-rl_caption=\"\" title=\"\"><img loading=\"lazy\" decoding=\"async\" class=\"alignnone size-medium wp-image-6654\" src=\"https:\/\/www.milosnicylasu.olsztyn.pl\/wp-content\/uploads\/2021\/10\/DSCN8472-www-300x169.jpg\" alt=\"\" width=\"300\" height=\"169\" srcset=\"https:\/\/www.milosnicylasu.olsztyn.pl\/wp-content\/uploads\/2021\/10\/DSCN8472-www-300x169.jpg 300w, https:\/\/www.milosnicylasu.olsztyn.pl\/wp-content\/uploads\/2021\/10\/DSCN8472-www-768x432.jpg 768w, https:\/\/www.milosnicylasu.olsztyn.pl\/wp-content\/uploads\/2021\/10\/DSCN8472-www-730x410.jpg 730w, https:\/\/www.milosnicylasu.olsztyn.pl\/wp-content\/uploads\/2021\/10\/DSCN8472-www.jpg 1024w\" sizes=\"auto, (max-width: 300px) 100vw, 300px\" \/><\/a><\/p>\n<p>&nbsp;<\/p>\n<p>&nbsp;<\/p>\n<p>&nbsp;<\/p>\n<p>&nbsp;<\/p>\n<p>&nbsp;<\/p>\n<p>&nbsp;<\/p>\n<p>&nbsp;<\/p>\n<p>&nbsp;<\/p>\n<p>&nbsp;<\/p>\n<p><strong>Zdj\u0119cia i teks: Adam Siemakowicz<\/strong><\/p>\n<p>&nbsp;<\/p>\n","protected":false},"excerpt":{"rendered":"<p>Uczcili\u015bmy 103 rocznic\u0119 odzyskania przez Polsk\u0119 niepodleg\u0142o\u015bci III edycja wsp\u00f3lnego \u015bpiewania pie\u015bni patriotycznych cz\u0142onk\u00f3w Ko\u0142a Mi\u0142o\u015bnik\u00f3w Lasu i Militari\u00f3w Ligi Obrony Kraju przy Akademii Trzeciego Wieku w Olsztynie z udzia\u0142em zaproszonych go\u015bci &nbsp; 28 pa\u017adziernika 2021 roku w Nadle\u015bnictwie Kudypy w Le\u015bnym Arboretum Warmii i Mazur im. Polskiego Towarzystwa Le\u015bnego odby\u0142a si\u0119 III edycja wsp\u00f3lnego [&hellip;]<\/p>\n","protected":false},"author":2,"featured_media":0,"comment_status":"open","ping_status":"open","sticky":false,"template":"","format":"standard","meta":{"footnotes":""},"categories":[1,17,6,2,11],"tags":[],"class_list":["post-6636","post","type-post","status-publish","format-standard","hentry","category-bez-kategorii","category-edukacja-w-terenie","category-odznaczenia","category-rajdy","category-spotkania-artystyczne"],"_links":{"self":[{"href":"https:\/\/www.milosnicylasu.olsztyn.pl\/index.php?rest_route=\/wp\/v2\/posts\/6636","targetHints":{"allow":["GET"]}}],"collection":[{"href":"https:\/\/www.milosnicylasu.olsztyn.pl\/index.php?rest_route=\/wp\/v2\/posts"}],"about":[{"href":"https:\/\/www.milosnicylasu.olsztyn.pl\/index.php?rest_route=\/wp\/v2\/types\/post"}],"author":[{"embeddable":true,"href":"https:\/\/www.milosnicylasu.olsztyn.pl\/index.php?rest_route=\/wp\/v2\/users\/2"}],"replies":[{"embeddable":true,"href":"https:\/\/www.milosnicylasu.olsztyn.pl\/index.php?rest_route=%2Fwp%2Fv2%2Fcomments&post=6636"}],"version-history":[{"count":12,"href":"https:\/\/www.milosnicylasu.olsztyn.pl\/index.php?rest_route=\/wp\/v2\/posts\/6636\/revisions"}],"predecessor-version":[{"id":6660,"href":"https:\/\/www.milosnicylasu.olsztyn.pl\/index.php?rest_route=\/wp\/v2\/posts\/6636\/revisions\/6660"}],"wp:attachment":[{"href":"https:\/\/www.milosnicylasu.olsztyn.pl\/index.php?rest_route=%2Fwp%2Fv2%2Fmedia&parent=6636"}],"wp:term":[{"taxonomy":"category","embeddable":true,"href":"https:\/\/www.milosnicylasu.olsztyn.pl\/index.php?rest_route=%2Fwp%2Fv2%2Fcategories&post=6636"},{"taxonomy":"post_tag","embeddable":true,"href":"https:\/\/www.milosnicylasu.olsztyn.pl\/index.php?rest_route=%2Fwp%2Fv2%2Ftags&post=6636"}],"curies":[{"name":"wp","href":"https:\/\/api.w.org\/{rel}","templated":true}]}}