{"id":6666,"date":"2021-11-05T09:22:20","date_gmt":"2021-11-05T08:22:20","guid":{"rendered":"https:\/\/www.milosnicylasu.olsztyn.pl\/?p=6666"},"modified":"2021-11-05T09:46:19","modified_gmt":"2021-11-05T08:46:19","slug":"lesnymi-sciezkami-swietych-panskich","status":"publish","type":"post","link":"https:\/\/www.milosnicylasu.olsztyn.pl\/?p=6666","title":{"rendered":"&#8222;Le\u015bnymi \u015bcie\u017ckami \u015bwi\u0119tych pa\u0144skich&#8221;"},"content":{"rendered":"<p><a href=\"https:\/\/www.milosnicylasu.olsztyn.pl\/wp-content\/uploads\/2021\/11\/DSCN8528-www.jpg\" data-rel=\"lightbox-image-0\" data-magnific_type=\"image\" data-rl_title=\"\" data-rl_caption=\"\" title=\"\"><img loading=\"lazy\" decoding=\"async\" class=\"size-medium wp-image-6667 alignleft\" src=\"https:\/\/www.milosnicylasu.olsztyn.pl\/wp-content\/uploads\/2021\/11\/DSCN8528-www-300x225.jpg\" alt=\"\" width=\"300\" height=\"225\" srcset=\"https:\/\/www.milosnicylasu.olsztyn.pl\/wp-content\/uploads\/2021\/11\/DSCN8528-www-300x225.jpg 300w, https:\/\/www.milosnicylasu.olsztyn.pl\/wp-content\/uploads\/2021\/11\/DSCN8528-www-768x576.jpg 768w, https:\/\/www.milosnicylasu.olsztyn.pl\/wp-content\/uploads\/2021\/11\/DSCN8528-www.jpg 1024w\" sizes=\"auto, (max-width: 300px) 100vw, 300px\" \/><\/a><strong>&#8222;Le\u015bnymi \u015bcie\u017ckami \u015bwi\u0119tych pa\u0144skich&#8221; to tytu\u0142 bardzo ciekawej prelekcji Pani Justyny Ha\u0142adaj z RDLP w Olsztynie. Nietypowy temat jak na nasz\u0105 ju\u017c ponad 10-letni\u0105 edukacj\u0119 w go\u015bcinnych progach olszty\u0144skiej dyrekcji &#8211; mo\u017ce dlatego bardzo interesuj\u0105cy. Centrum Informacyjne Las\u00f3w Pa\u0144stwowych wyda\u0142o ostatnio ksi\u0105\u017ck\u0119 Pana Edwarda Marsza\u0142ka pod tym w\u0142a\u015bnie tytu\u0142em i Pani Justyna zainspirowana t\u0105 pozycj\u0105 wydawnicz\u0105 przedstawi\u0142a wiele fakt\u00f3w z \u017cycia \u015bwi\u0119tych, kt\u00f3rzy powi\u0105zani s\u0105 z lasem, z przyrod\u0105. Na zako\u0144czenie wyk\u0142adu odby\u0142 si\u0119 konkurs w kt\u00f3rym uczestnicy spotkania mogli wygra\u0107 nagrod\u0119 &#8211; by\u0142a to ksi\u0105\u017cka pana Marsza\u0142ka. Wielu z nas b\u0119dzie mog\u0142o poszerzy\u0107, utrwali\u0107 wiedz\u0119 o tych \u015bwi\u0119tych w domu. \u00a0 A w ksi\u0105\u017cce jest opisanych 53 &#8222;le\u015bnych \u015bwi\u0119tych&#8221;. Pani Justyno &#8211; dzi\u0119kujemy. Cieszymy si\u0119, \u017ce mogli\u015bmy pozna\u0107 tak\u0105 fajn\u0105 le\u015bniczk\u0119. Czekamy na spotkanie w grudniu.<br \/>\n<\/strong><\/p>\n<p><a href=\"https:\/\/www.milosnicylasu.olsztyn.pl\/wp-content\/uploads\/2021\/11\/DSCN8526-www.jpg\" data-rel=\"lightbox-image-1\" data-magnific_type=\"image\" data-rl_title=\"\" data-rl_caption=\"\" title=\"\"><img loading=\"lazy\" decoding=\"async\" class=\"size-medium wp-image-6669 alignleft\" src=\"https:\/\/www.milosnicylasu.olsztyn.pl\/wp-content\/uploads\/2021\/11\/DSCN8526-www-300x225.jpg\" alt=\"\" width=\"300\" height=\"225\" srcset=\"https:\/\/www.milosnicylasu.olsztyn.pl\/wp-content\/uploads\/2021\/11\/DSCN8526-www-300x225.jpg 300w, https:\/\/www.milosnicylasu.olsztyn.pl\/wp-content\/uploads\/2021\/11\/DSCN8526-www-768x576.jpg 768w, https:\/\/www.milosnicylasu.olsztyn.pl\/wp-content\/uploads\/2021\/11\/DSCN8526-www.jpg 1024w\" sizes=\"auto, (max-width: 300px) 100vw, 300px\" \/><\/a><strong>W czasie zebrania kole\u017canki z k\u00f3\u0142ka r\u0119kodzielniczego Wiesia Filipek, Jasia Kluczek i Bo\u017cenka B\u0142aszczuk przygotowa\u0142y wystaw\u0119, kt\u00f3ra przypomnia\u0142a nam,\u017ce \u015bwi\u0119ta zbli\u017caj\u0105 si\u0119 wielkimi krokami. By\u0142y anio\u0142ki, bombki, poczt\u00f3wki&#8230;..a w<\/strong><strong>i\u0119c Bo\u017ce Narodzenie tu\u017c tu\u017c<\/strong> &#8230; <strong>Pi\u0119kne, kolorowe i bardzo urozmaicone cude\u0144ka.<\/strong><\/p>\n<p><a href=\"https:\/\/www.milosnicylasu.olsztyn.pl\/wp-content\/uploads\/2021\/11\/DSCN8525-www.jpg\" data-rel=\"lightbox-image-2\" data-magnific_type=\"image\" data-rl_title=\"\" data-rl_caption=\"\" title=\"\"><img loading=\"lazy\" decoding=\"async\" class=\"size-medium wp-image-6670 alignright\" src=\"https:\/\/www.milosnicylasu.olsztyn.pl\/wp-content\/uploads\/2021\/11\/DSCN8525-www-300x225.jpg\" alt=\"\" width=\"300\" height=\"225\" srcset=\"https:\/\/www.milosnicylasu.olsztyn.pl\/wp-content\/uploads\/2021\/11\/DSCN8525-www-300x225.jpg 300w, https:\/\/www.milosnicylasu.olsztyn.pl\/wp-content\/uploads\/2021\/11\/DSCN8525-www-768x576.jpg 768w, https:\/\/www.milosnicylasu.olsztyn.pl\/wp-content\/uploads\/2021\/11\/DSCN8525-www.jpg 1024w\" sizes=\"auto, (max-width: 300px) 100vw, 300px\" \/><\/a><a href=\"https:\/\/www.milosnicylasu.olsztyn.pl\/wp-content\/uploads\/2021\/11\/DSCN8524-www.jpg\" data-rel=\"lightbox-image-3\" data-magnific_type=\"image\" data-rl_title=\"\" data-rl_caption=\"\" title=\"\"><img loading=\"lazy\" decoding=\"async\" class=\"size-medium wp-image-6668 alignright\" src=\"https:\/\/www.milosnicylasu.olsztyn.pl\/wp-content\/uploads\/2021\/11\/DSCN8524-www-300x225.jpg\" alt=\"\" width=\"300\" height=\"225\" srcset=\"https:\/\/www.milosnicylasu.olsztyn.pl\/wp-content\/uploads\/2021\/11\/DSCN8524-www-300x225.jpg 300w, https:\/\/www.milosnicylasu.olsztyn.pl\/wp-content\/uploads\/2021\/11\/DSCN8524-www-768x576.jpg 768w, https:\/\/www.milosnicylasu.olsztyn.pl\/wp-content\/uploads\/2021\/11\/DSCN8524-www.jpg 1024w\" sizes=\"auto, (max-width: 300px) 100vw, 300px\" \/><\/a><\/p>\n<p>&nbsp;<\/p>\n<p>&nbsp;<\/p>\n<p>&nbsp;<\/p>\n<p>&nbsp;<\/p>\n<p>&nbsp;<\/p>\n<p><strong><a href=\"https:\/\/www.milosnicylasu.olsztyn.pl\/wp-content\/uploads\/2021\/11\/DSCN8541-www.jpg\" data-rel=\"lightbox-image-4\" data-magnific_type=\"image\" data-rl_title=\"\" data-rl_caption=\"\" title=\"\"><img loading=\"lazy\" decoding=\"async\" class=\"size-medium wp-image-6675 alignleft\" src=\"https:\/\/www.milosnicylasu.olsztyn.pl\/wp-content\/uploads\/2021\/11\/DSCN8541-www-300x225.jpg\" alt=\"\" width=\"300\" height=\"225\" srcset=\"https:\/\/www.milosnicylasu.olsztyn.pl\/wp-content\/uploads\/2021\/11\/DSCN8541-www-300x225.jpg 300w, https:\/\/www.milosnicylasu.olsztyn.pl\/wp-content\/uploads\/2021\/11\/DSCN8541-www-768x576.jpg 768w, https:\/\/www.milosnicylasu.olsztyn.pl\/wp-content\/uploads\/2021\/11\/DSCN8541-www.jpg 1024w\" sizes=\"auto, (max-width: 300px) 100vw, 300px\" \/><\/a>Mi\u0142ym akcentem czwartkowego spotkania by\u0142o wr\u0119czenie zaleg\u0142ych odznacze\u0144, medali i nagr\u00f3d osobom zas\u0142u\u017conym dla Ko\u0142a i<a href=\"https:\/\/www.milosnicylasu.olsztyn.pl\/wp-content\/uploads\/2021\/11\/DSCN8543-www.jpg\" data-rel=\"lightbox-image-5\" data-magnific_type=\"image\" data-rl_title=\"\" data-rl_caption=\"\" title=\"\"><img loading=\"lazy\" decoding=\"async\" class=\"size-medium wp-image-6676 alignright\" src=\"https:\/\/www.milosnicylasu.olsztyn.pl\/wp-content\/uploads\/2021\/11\/DSCN8543-www-300x225.jpg\" alt=\"\" width=\"300\" height=\"225\" srcset=\"https:\/\/www.milosnicylasu.olsztyn.pl\/wp-content\/uploads\/2021\/11\/DSCN8543-www-300x225.jpg 300w, https:\/\/www.milosnicylasu.olsztyn.pl\/wp-content\/uploads\/2021\/11\/DSCN8543-www-768x576.jpg 768w, https:\/\/www.milosnicylasu.olsztyn.pl\/wp-content\/uploads\/2021\/11\/DSCN8543-www.jpg 1024w\" sizes=\"auto, (max-width: 300px) 100vw, 300px\" \/><\/a> laureatom konkurs\u00f3w przeprowadzonych w pa\u017adzierniku 2021 roku. Jeszcze raz gratulujemy wyr\u00f3\u017cnie\u0144!<\/strong><a href=\"https:\/\/www.milosnicylasu.olsztyn.pl\/wp-content\/uploads\/2021\/11\/DSCN8534-www.jpg\" data-rel=\"lightbox-image-6\" data-magnific_type=\"image\" data-rl_title=\"\" data-rl_caption=\"\" title=\"\"><img loading=\"lazy\" decoding=\"async\" class=\"size-medium wp-image-6674 alignleft\" src=\"https:\/\/www.milosnicylasu.olsztyn.pl\/wp-content\/uploads\/2021\/11\/DSCN8534-www-300x225.jpg\" alt=\"\" width=\"300\" height=\"225\" srcset=\"https:\/\/www.milosnicylasu.olsztyn.pl\/wp-content\/uploads\/2021\/11\/DSCN8534-www-300x225.jpg 300w, https:\/\/www.milosnicylasu.olsztyn.pl\/wp-content\/uploads\/2021\/11\/DSCN8534-www-768x576.jpg 768w, https:\/\/www.milosnicylasu.olsztyn.pl\/wp-content\/uploads\/2021\/11\/DSCN8534-www.jpg 1024w\" sizes=\"auto, (max-width: 300px) 100vw, 300px\" \/><\/a><\/p>\n","protected":false},"excerpt":{"rendered":"<p>&#8222;Le\u015bnymi \u015bcie\u017ckami \u015bwi\u0119tych pa\u0144skich&#8221; to tytu\u0142 bardzo ciekawej prelekcji Pani Justyny Ha\u0142adaj z RDLP w Olsztynie. Nietypowy temat jak na nasz\u0105 ju\u017c ponad 10-letni\u0105 edukacj\u0119 w go\u015bcinnych progach olszty\u0144skiej dyrekcji &#8211; mo\u017ce dlatego bardzo interesuj\u0105cy. Centrum Informacyjne Las\u00f3w Pa\u0144stwowych wyda\u0142o ostatnio ksi\u0105\u017ck\u0119 Pana Edwarda Marsza\u0142ka pod tym w\u0142a\u015bnie tytu\u0142em i Pani Justyna zainspirowana t\u0105 pozycj\u0105 [&hellip;]<\/p>\n","protected":false},"author":2,"featured_media":0,"comment_status":"open","ping_status":"open","sticky":false,"template":"","format":"standard","meta":{"footnotes":""},"categories":[1,9,17,15,6,3],"tags":[],"class_list":["post-6666","post","type-post","status-publish","format-standard","hentry","category-bez-kategorii","category-ciekawostki","category-edukacja-w-terenie","category-komkurs","category-odznaczenia","category-zebrania"],"_links":{"self":[{"href":"https:\/\/www.milosnicylasu.olsztyn.pl\/index.php?rest_route=\/wp\/v2\/posts\/6666","targetHints":{"allow":["GET"]}}],"collection":[{"href":"https:\/\/www.milosnicylasu.olsztyn.pl\/index.php?rest_route=\/wp\/v2\/posts"}],"about":[{"href":"https:\/\/www.milosnicylasu.olsztyn.pl\/index.php?rest_route=\/wp\/v2\/types\/post"}],"author":[{"embeddable":true,"href":"https:\/\/www.milosnicylasu.olsztyn.pl\/index.php?rest_route=\/wp\/v2\/users\/2"}],"replies":[{"embeddable":true,"href":"https:\/\/www.milosnicylasu.olsztyn.pl\/index.php?rest_route=%2Fwp%2Fv2%2Fcomments&post=6666"}],"version-history":[{"count":6,"href":"https:\/\/www.milosnicylasu.olsztyn.pl\/index.php?rest_route=\/wp\/v2\/posts\/6666\/revisions"}],"predecessor-version":[{"id":6679,"href":"https:\/\/www.milosnicylasu.olsztyn.pl\/index.php?rest_route=\/wp\/v2\/posts\/6666\/revisions\/6679"}],"wp:attachment":[{"href":"https:\/\/www.milosnicylasu.olsztyn.pl\/index.php?rest_route=%2Fwp%2Fv2%2Fmedia&parent=6666"}],"wp:term":[{"taxonomy":"category","embeddable":true,"href":"https:\/\/www.milosnicylasu.olsztyn.pl\/index.php?rest_route=%2Fwp%2Fv2%2Fcategories&post=6666"},{"taxonomy":"post_tag","embeddable":true,"href":"https:\/\/www.milosnicylasu.olsztyn.pl\/index.php?rest_route=%2Fwp%2Fv2%2Ftags&post=6666"}],"curies":[{"name":"wp","href":"https:\/\/api.w.org\/{rel}","templated":true}]}}