{"id":6681,"date":"2021-11-05T18:19:46","date_gmt":"2021-11-05T17:19:46","guid":{"rendered":"https:\/\/www.milosnicylasu.olsztyn.pl\/?p=6681"},"modified":"2021-11-05T18:24:31","modified_gmt":"2021-11-05T17:24:31","slug":"lesnymi-sciezkami-swietych-panskich-cz-ii-dekalog-sw-franciszka","status":"publish","type":"post","link":"https:\/\/www.milosnicylasu.olsztyn.pl\/?p=6681","title":{"rendered":"&#8222;Le\u015bnymi \u015bcie\u017ckami \u015bwi\u0119tych pa\u0144skich&#8221; cz.II Dekalog \u015bw. Franciszka"},"content":{"rendered":"<p><img decoding=\"async\" class=\"img-fluid\" src=\"https:\/\/www.niedziela.pl\/gifs\/portaln\/624x400\/1506363582.jpg\" alt=\"\u015aw. Franciszek z Asy\u017cu\" \/><\/p>\n<p class=\"text-right color-gray2 small\">\n<p class=\"text-right color-gray2 border-solid-top\">\n<p>\u015a<strong>wi\u0119ty Franciszek z Asy\u017cu \/1182-1226\/sw\u0105 postaw\u0105 moraln\u0105 i filozofi\u0105 \u017cyciow\u0105 wybiega\u0142 daleko w przysz\u0142o\u015b\u0107, sposobem my\u015blenia wyprzedzaj\u0105c wsp\u00f3\u0142czesn\u0105 mu epok\u0119 o wiele lat.\u00a0 Zasady, kt\u00f3re dzi\u015b dla ochrony przyrody formu\u0142uj\u0105 naukowcy, Franciszek wyartyku\u0142owa\u0142 ju\u017c osiem wiek\u00f3w temu. Papie\u017c Jan Pawe\u0142 II og\u0142osi\u0142 w 1979 roku \u015bwi\u0119tego Franciszka patronem ekolog\u00f3w<\/strong><\/p>\n<p><strong>Ekologiczny dekalog \u015bw. Franciszka z Asy\u017cu oparty na jego pismach i wczesnych \u017ar\u00f3d\u0142ach franciszka\u0144skich.<\/strong><\/p>\n<ol>\n<li><strong>B\u0105d\u017a cz\u0142owiekiem w\u015br\u00f3d stworze\u0144, bratem mi\u0119dzy bra\u0107mi.<\/strong><\/li>\n<li><strong>Traktuj wszystkie rzeczy stworzone z mi\u0142o\u015bci\u0105 i czci\u0105.<\/strong><\/li>\n<li><strong>Tobie zosta\u0142a powierzona Ziemia jak ogr\u00f3d; rz\u0105d\u017a ni\u0105 z m\u0105dro\u015bci\u0105.<\/strong><\/li>\n<li><strong>Troszcz si\u0119 o cz\u0142owieka, o zwierz\u0119, o zio\u0142o, o wod\u0119 i powietrze, aby Ziemia nie zosta\u0142a ich zupe\u0142nie pozbawiona.<\/strong><\/li>\n<li><strong>U\u017cywaj rzeczy z umiarem, gdy\u017c rozrzutno\u015b\u0107 nie ma przysz\u0142o\u015bci.<\/strong><\/li>\n<li><strong>Tobie jest zadana misja odkrycia misterium posi\u0142ku: aby \u017cycie nape\u0142nia\u0142o si\u0119 \u017cyciem.<\/strong><\/li>\n<li><strong>Przerwij w\u0119ze\u0142 przemocy, aby zrozumie\u0107, jakie s\u0105 prawa istnienia.<\/strong><\/li>\n<li><strong>Pami\u0119taj, \u017ce \u015bwiat nie jest jedynie odbiciem twego obrazu, lecz nosi w sobie wyobra\u017cenie Boga Najwy\u017cszego.<\/strong><\/li>\n<li><strong>Kiedy \u015bcinasz drzewo zostaw cho\u0107 jeden p\u0119d, aby jego \u017cycie nie zosta\u0142o przerwane.<\/strong><\/li>\n<li><strong>St\u0105paj z szacunkiem po kamieniach, gdy\u017c ka\u017cda rzecz posiada swoja warto\u015b\u0107.<\/strong><\/li>\n<\/ol>\n","protected":false},"excerpt":{"rendered":"<p>\u015awi\u0119ty Franciszek z Asy\u017cu \/1182-1226\/sw\u0105 postaw\u0105 moraln\u0105 i filozofi\u0105 \u017cyciow\u0105 wybiega\u0142 daleko w przysz\u0142o\u015b\u0107, sposobem my\u015blenia wyprzedzaj\u0105c wsp\u00f3\u0142czesn\u0105 mu epok\u0119 o wiele lat.\u00a0 Zasady, kt\u00f3re dzi\u015b dla ochrony przyrody formu\u0142uj\u0105 naukowcy, Franciszek wyartyku\u0142owa\u0142 ju\u017c osiem wiek\u00f3w temu. Papie\u017c Jan Pawe\u0142 II og\u0142osi\u0142 w 1979 roku \u015bwi\u0119tego Franciszka patronem ekolog\u00f3w Ekologiczny dekalog \u015bw. Franciszka z Asy\u017cu [&hellip;]<\/p>\n","protected":false},"author":2,"featured_media":0,"comment_status":"open","ping_status":"open","sticky":false,"template":"","format":"standard","meta":{"footnotes":""},"categories":[1,9,3],"tags":[],"class_list":["post-6681","post","type-post","status-publish","format-standard","hentry","category-bez-kategorii","category-ciekawostki","category-zebrania"],"_links":{"self":[{"href":"https:\/\/www.milosnicylasu.olsztyn.pl\/index.php?rest_route=\/wp\/v2\/posts\/6681","targetHints":{"allow":["GET"]}}],"collection":[{"href":"https:\/\/www.milosnicylasu.olsztyn.pl\/index.php?rest_route=\/wp\/v2\/posts"}],"about":[{"href":"https:\/\/www.milosnicylasu.olsztyn.pl\/index.php?rest_route=\/wp\/v2\/types\/post"}],"author":[{"embeddable":true,"href":"https:\/\/www.milosnicylasu.olsztyn.pl\/index.php?rest_route=\/wp\/v2\/users\/2"}],"replies":[{"embeddable":true,"href":"https:\/\/www.milosnicylasu.olsztyn.pl\/index.php?rest_route=%2Fwp%2Fv2%2Fcomments&post=6681"}],"version-history":[{"count":2,"href":"https:\/\/www.milosnicylasu.olsztyn.pl\/index.php?rest_route=\/wp\/v2\/posts\/6681\/revisions"}],"predecessor-version":[{"id":6683,"href":"https:\/\/www.milosnicylasu.olsztyn.pl\/index.php?rest_route=\/wp\/v2\/posts\/6681\/revisions\/6683"}],"wp:attachment":[{"href":"https:\/\/www.milosnicylasu.olsztyn.pl\/index.php?rest_route=%2Fwp%2Fv2%2Fmedia&parent=6681"}],"wp:term":[{"taxonomy":"category","embeddable":true,"href":"https:\/\/www.milosnicylasu.olsztyn.pl\/index.php?rest_route=%2Fwp%2Fv2%2Fcategories&post=6681"},{"taxonomy":"post_tag","embeddable":true,"href":"https:\/\/www.milosnicylasu.olsztyn.pl\/index.php?rest_route=%2Fwp%2Fv2%2Ftags&post=6681"}],"curies":[{"name":"wp","href":"https:\/\/api.w.org\/{rel}","templated":true}]}}