{"id":6685,"date":"2021-11-07T07:41:49","date_gmt":"2021-11-07T06:41:49","guid":{"rendered":"https:\/\/www.milosnicylasu.olsztyn.pl\/?p=6685"},"modified":"2021-11-07T07:53:24","modified_gmt":"2021-11-07T06:53:24","slug":"troszke-lata-pozna-jesienia","status":"publish","type":"post","link":"https:\/\/www.milosnicylasu.olsztyn.pl\/?p=6685","title":{"rendered":"P\u00f3\u017an\u0105 jesieni\u0105 &#8211; troszk\u0119 lata"},"content":{"rendered":"<p><a href=\"https:\/\/www.milosnicylasu.olsztyn.pl\/wp-content\/uploads\/2021\/03\/PICT4008-www.jpg\" data-rel=\"lightbox-image-0\" data-magnific_type=\"image\" data-rl_title=\"\" data-rl_caption=\"\" title=\"\"><img loading=\"lazy\" decoding=\"async\" class=\"size-medium wp-image-6071 alignleft\" src=\"https:\/\/www.milosnicylasu.olsztyn.pl\/wp-content\/uploads\/2021\/03\/PICT4008-www-300x225.jpg\" alt=\"\" width=\"300\" height=\"225\" srcset=\"https:\/\/www.milosnicylasu.olsztyn.pl\/wp-content\/uploads\/2021\/03\/PICT4008-www-300x225.jpg 300w, https:\/\/www.milosnicylasu.olsztyn.pl\/wp-content\/uploads\/2021\/03\/PICT4008-www-768x576.jpg 768w, https:\/\/www.milosnicylasu.olsztyn.pl\/wp-content\/uploads\/2021\/03\/PICT4008-www.jpg 1024w\" sizes=\"auto, (max-width: 300px) 100vw, 300px\" \/><\/a><\/p>\n<p><strong>Zdj\u0119cie goryczki zrobi\u0142 Tolek Leszczy\u0144ski podczas sierpniowego wyjazdu w Bieszczady. Zauroczy\u0142a.\u00a0 Pr\u00f3bowali\u015bmy uprawy na dzia\u0142ce, niestety z kiepskim skutkiem. Pomy\u015bla\u0142am, \u017ce nie lubi naszych nizinnych teren\u00f3w. Do czasu&#8230;.. Jednak czasem si\u0119 udaje. Zobaczyli\u015bmy j\u0105 na dzia\u0142ce Jasi i Grzesia Kluczk\u00f3w. My\u015bl\u0119, \u017ce jeszcze spr\u00f3buj\u0119, mo\u017ce\u00a0 tym razem doczekamy pi\u0119knych szafirowych dzwonk\u00f3w. Podobno s\u0105 odmiany r\u00f3\u017cowe i bia\u0142e &#8211; ciekawe&#8230;&#8230;&#8230;..<\/strong><\/p>\n<p><strong><a href=\"https:\/\/www.milosnicylasu.olsztyn.pl\/wp-content\/uploads\/2021\/03\/PICT3736-www.jpg\" data-rel=\"lightbox-image-1\" data-magnific_type=\"image\" data-rl_title=\"\" data-rl_caption=\"\" title=\"\"><img loading=\"lazy\" decoding=\"async\" class=\"size-medium wp-image-6072 alignright\" src=\"https:\/\/www.milosnicylasu.olsztyn.pl\/wp-content\/uploads\/2021\/03\/PICT3736-www-300x225.jpg\" alt=\"\" width=\"300\" height=\"225\" srcset=\"https:\/\/www.milosnicylasu.olsztyn.pl\/wp-content\/uploads\/2021\/03\/PICT3736-www-300x225.jpg 300w, https:\/\/www.milosnicylasu.olsztyn.pl\/wp-content\/uploads\/2021\/03\/PICT3736-www-768x576.jpg 768w, https:\/\/www.milosnicylasu.olsztyn.pl\/wp-content\/uploads\/2021\/03\/PICT3736-www.jpg 1024w\" sizes=\"auto, (max-width: 300px) 100vw, 300px\" \/><\/a><\/strong><\/p>\n<p><strong>A co o goryczkach w internecie?<\/strong><\/p>\n<p><strong>Goryczka troje\u015bciowa\u00a0 -jeden z najwi\u0119kszych gatunk\u00f3w krajowych goryczek. Ro\u015bnie w g\u00f3rach po\u0142udniowej i \u015brodkowej Europy, oraz na Kaukazie. W Polsce jest pospolity w ca\u0142ym pa\u015bmie Karpat oraz w Karkonoszach. Spotka\u0107 go te\u017c mo\u017cna w G\u00f3rach \u015awi\u0119tokrzyskich i w okolicach Ojcowa, ale jest tam znacznie rzadsza.<\/strong><\/p>\n<p><strong><a href=\"https:\/\/www.milosnicylasu.olsztyn.pl\/wp-content\/uploads\/2021\/11\/PICT3740-www.jpg\" data-rel=\"lightbox-image-2\" data-magnific_type=\"image\" data-rl_title=\"\" data-rl_caption=\"\" title=\"\"><img loading=\"lazy\" decoding=\"async\" class=\"size-medium wp-image-6689 alignleft\" src=\"https:\/\/www.milosnicylasu.olsztyn.pl\/wp-content\/uploads\/2021\/11\/PICT3740-www-300x225.jpg\" alt=\"\" width=\"300\" height=\"225\" srcset=\"https:\/\/www.milosnicylasu.olsztyn.pl\/wp-content\/uploads\/2021\/11\/PICT3740-www-300x225.jpg 300w, https:\/\/www.milosnicylasu.olsztyn.pl\/wp-content\/uploads\/2021\/11\/PICT3740-www-768x576.jpg 768w, https:\/\/www.milosnicylasu.olsztyn.pl\/wp-content\/uploads\/2021\/11\/PICT3740-www.jpg 1024w\" sizes=\"auto, (max-width: 300px) 100vw, 300px\" \/><\/a><\/strong><\/p>\n<p><strong>Kwitnie od lipca do wrze\u015bnia. Kwiaty zapylane s\u0105 g\u0142\u00f3wnie przez trzmiele. Siedlisko Ro\u015blina g\u00f3rska. Ro\u015bnie na obrze\u017cach las\u00f3w, na polanach \u015br\u00f3dle\u015bnych, halach g\u00f3rskich, na piargach, brzegach potok\u00f3w, w kos\u00f3wce, pomi\u0119dzy ska\u0142ami. Jest niewymagaj\u0105ca \u2013 ro\u015bnie na r\u00f3\u017cnych typach pod\u0142o\u017ca, zar\u00f3wno na wapieniu, jak i na pod\u0142o\u017cu niewapiennym. W Tatrach dochodzi do wysoko\u015bci 1900 m n.p.m. Najwy\u017csze jej stanowisko znajduje si\u0119 na Miedzianym. Zwykle tworzy populacje licz\u0105ce po kilkaset osobnik\u00f3w, rzadziej kilka tysi\u0119cy. Cechy fitochemiczne Ro\u015blina truj\u0105ca. Ziele zawiera truj\u0105c\u0105 gencjopikryn\u0119, korzenie truj\u0105ce alkaloidy \u2013 gencjanin\u0119 i gencjanidyn\u0119. U ludzi powoduj\u0105 one przekrwienie b\u0142ony \u015bluzowej i wzmo\u017cenie kurczliwo\u015bci \u017co\u0142\u0105dka, nudno\u015bci i wymioty. Zwierz\u0119ta nie jedz\u0105 tej ro\u015bliny, ze wzgl\u0119du na jej gorzki smak.<\/strong><\/p>\n","protected":false},"excerpt":{"rendered":"<p>Zdj\u0119cie goryczki zrobi\u0142 Tolek Leszczy\u0144ski podczas sierpniowego wyjazdu w Bieszczady. Zauroczy\u0142a.\u00a0 Pr\u00f3bowali\u015bmy uprawy na dzia\u0142ce, niestety z kiepskim skutkiem. Pomy\u015bla\u0142am, \u017ce nie lubi naszych nizinnych teren\u00f3w. Do czasu&#8230;.. Jednak czasem si\u0119 udaje. Zobaczyli\u015bmy j\u0105 na dzia\u0142ce Jasi i Grzesia Kluczk\u00f3w. My\u015bl\u0119, \u017ce jeszcze spr\u00f3buj\u0119, mo\u017ce\u00a0 tym razem doczekamy pi\u0119knych szafirowych dzwonk\u00f3w. Podobno s\u0105 odmiany r\u00f3\u017cowe [&hellip;]<\/p>\n","protected":false},"author":2,"featured_media":0,"comment_status":"open","ping_status":"open","sticky":false,"template":"","format":"standard","meta":{"footnotes":""},"categories":[9,17],"tags":[],"class_list":["post-6685","post","type-post","status-publish","format-standard","hentry","category-ciekawostki","category-edukacja-w-terenie"],"_links":{"self":[{"href":"https:\/\/www.milosnicylasu.olsztyn.pl\/index.php?rest_route=\/wp\/v2\/posts\/6685","targetHints":{"allow":["GET"]}}],"collection":[{"href":"https:\/\/www.milosnicylasu.olsztyn.pl\/index.php?rest_route=\/wp\/v2\/posts"}],"about":[{"href":"https:\/\/www.milosnicylasu.olsztyn.pl\/index.php?rest_route=\/wp\/v2\/types\/post"}],"author":[{"embeddable":true,"href":"https:\/\/www.milosnicylasu.olsztyn.pl\/index.php?rest_route=\/wp\/v2\/users\/2"}],"replies":[{"embeddable":true,"href":"https:\/\/www.milosnicylasu.olsztyn.pl\/index.php?rest_route=%2Fwp%2Fv2%2Fcomments&post=6685"}],"version-history":[{"count":7,"href":"https:\/\/www.milosnicylasu.olsztyn.pl\/index.php?rest_route=\/wp\/v2\/posts\/6685\/revisions"}],"predecessor-version":[{"id":6693,"href":"https:\/\/www.milosnicylasu.olsztyn.pl\/index.php?rest_route=\/wp\/v2\/posts\/6685\/revisions\/6693"}],"wp:attachment":[{"href":"https:\/\/www.milosnicylasu.olsztyn.pl\/index.php?rest_route=%2Fwp%2Fv2%2Fmedia&parent=6685"}],"wp:term":[{"taxonomy":"category","embeddable":true,"href":"https:\/\/www.milosnicylasu.olsztyn.pl\/index.php?rest_route=%2Fwp%2Fv2%2Fcategories&post=6685"},{"taxonomy":"post_tag","embeddable":true,"href":"https:\/\/www.milosnicylasu.olsztyn.pl\/index.php?rest_route=%2Fwp%2Fv2%2Ftags&post=6685"}],"curies":[{"name":"wp","href":"https:\/\/api.w.org\/{rel}","templated":true}]}}