{"id":669,"date":"2013-11-05T22:39:40","date_gmt":"2013-11-05T21:39:40","guid":{"rendered":"http:\/\/www.milosnicylasu.olsztyn.pl\/?p=669"},"modified":"2013-11-05T22:39:40","modified_gmt":"2013-11-05T21:39:40","slug":"zapraszamy-na-zebranie","status":"publish","type":"post","link":"https:\/\/www.milosnicylasu.olsztyn.pl\/?p=669","title":{"rendered":"Zapraszamy na zebranie"},"content":{"rendered":"<p>W ramach comiesi\u0119cznych czwartk\u00f3w ekologicznych &#8211; 7 listopada odb\u0119dzie si\u0119 w Regionalnej Dyrekcji Las\u00f3w Pa\u0144stwowych w Olsztynie zebranie Ko\u0142a, w czasie kt\u00f3rego wyk\u0142ad wyg\u0142osi Pani Maja Jakubiuk z Regionalnej Dyrekcji Ochrony \u015arodowiska.<\/p>\n<p>Serdecznie zapraszamy<\/p>\n","protected":false},"excerpt":{"rendered":"<p>W ramach comiesi\u0119cznych czwartk\u00f3w ekologicznych &#8211; 7 listopada odb\u0119dzie si\u0119 w Regionalnej Dyrekcji Las\u00f3w Pa\u0144stwowych w Olsztynie zebranie Ko\u0142a, w czasie kt\u00f3rego wyk\u0142ad wyg\u0142osi Pani Maja Jakubiuk z Regionalnej Dyrekcji Ochrony \u015arodowiska. Serdecznie zapraszamy<\/p>\n","protected":false},"author":1,"featured_media":0,"comment_status":"open","ping_status":"open","sticky":false,"template":"","format":"standard","meta":{"footnotes":""},"categories":[3],"tags":[],"class_list":["post-669","post","type-post","status-publish","format-standard","hentry","category-zebrania"],"_links":{"self":[{"href":"https:\/\/www.milosnicylasu.olsztyn.pl\/index.php?rest_route=\/wp\/v2\/posts\/669","targetHints":{"allow":["GET"]}}],"collection":[{"href":"https:\/\/www.milosnicylasu.olsztyn.pl\/index.php?rest_route=\/wp\/v2\/posts"}],"about":[{"href":"https:\/\/www.milosnicylasu.olsztyn.pl\/index.php?rest_route=\/wp\/v2\/types\/post"}],"author":[{"embeddable":true,"href":"https:\/\/www.milosnicylasu.olsztyn.pl\/index.php?rest_route=\/wp\/v2\/users\/1"}],"replies":[{"embeddable":true,"href":"https:\/\/www.milosnicylasu.olsztyn.pl\/index.php?rest_route=%2Fwp%2Fv2%2Fcomments&post=669"}],"version-history":[{"count":2,"href":"https:\/\/www.milosnicylasu.olsztyn.pl\/index.php?rest_route=\/wp\/v2\/posts\/669\/revisions"}],"predecessor-version":[{"id":671,"href":"https:\/\/www.milosnicylasu.olsztyn.pl\/index.php?rest_route=\/wp\/v2\/posts\/669\/revisions\/671"}],"wp:attachment":[{"href":"https:\/\/www.milosnicylasu.olsztyn.pl\/index.php?rest_route=%2Fwp%2Fv2%2Fmedia&parent=669"}],"wp:term":[{"taxonomy":"category","embeddable":true,"href":"https:\/\/www.milosnicylasu.olsztyn.pl\/index.php?rest_route=%2Fwp%2Fv2%2Fcategories&post=669"},{"taxonomy":"post_tag","embeddable":true,"href":"https:\/\/www.milosnicylasu.olsztyn.pl\/index.php?rest_route=%2Fwp%2Fv2%2Ftags&post=669"}],"curies":[{"name":"wp","href":"https:\/\/api.w.org\/{rel}","templated":true}]}}