{"id":6703,"date":"2021-11-11T07:39:14","date_gmt":"2021-11-11T06:39:14","guid":{"rendered":"https:\/\/www.milosnicylasu.olsztyn.pl\/?p=6703"},"modified":"2021-11-11T07:39:26","modified_gmt":"2021-11-11T06:39:26","slug":"narodowe-swieto-niepodleglosci","status":"publish","type":"post","link":"https:\/\/www.milosnicylasu.olsztyn.pl\/?p=6703","title":{"rendered":"Narodowe \u015awi\u0119to Niepodleg\u0142o\u015bci"},"content":{"rendered":"<p><a href=\"https:\/\/www.milosnicylasu.olsztyn.pl\/wp-content\/uploads\/2020\/05\/2017-07-30-15-09-36-alfa.jpg\" data-rel=\"lightbox-image-0\" data-magnific_type=\"image\" data-rl_title=\"\" data-rl_caption=\"\" title=\"\"><img loading=\"lazy\" decoding=\"async\" class=\"size-medium wp-image-5470 alignleft\" src=\"https:\/\/www.milosnicylasu.olsztyn.pl\/wp-content\/uploads\/2020\/05\/2017-07-30-15-09-36-alfa-300x86.jpg\" alt=\"\" width=\"300\" height=\"86\" srcset=\"https:\/\/www.milosnicylasu.olsztyn.pl\/wp-content\/uploads\/2020\/05\/2017-07-30-15-09-36-alfa-300x86.jpg 300w, https:\/\/www.milosnicylasu.olsztyn.pl\/wp-content\/uploads\/2020\/05\/2017-07-30-15-09-36-alfa-1024x293.jpg 1024w, https:\/\/www.milosnicylasu.olsztyn.pl\/wp-content\/uploads\/2020\/05\/2017-07-30-15-09-36-alfa-768x220.jpg 768w, https:\/\/www.milosnicylasu.olsztyn.pl\/wp-content\/uploads\/2020\/05\/2017-07-30-15-09-36-alfa-1536x440.jpg 1536w, https:\/\/www.milosnicylasu.olsztyn.pl\/wp-content\/uploads\/2020\/05\/2017-07-30-15-09-36-alfa.jpg 1920w\" sizes=\"auto, (max-width: 300px) 100vw, 300px\" \/><\/a><\/p>\n<p><strong>Narodowe \u015awi\u0119to Niepodleg\u0142o\u015bci \u2013\u015bwi\u0119to pa\u0144stwowe w Polsce obchodzone corocznie 11 listopada dla upami\u0119tnienia odzyskania niepodleg\u0142o\u015bci w\u00a0 1918.\u00a0<span id=\"Znaczenie_daty\" class=\"mw-headline\"><\/span><\/strong><\/p>\n<p><strong>Odzyskiwanie przez Polsk\u0119 niepodleg\u0142o\u015bci by\u0142o procesem stopniowym. Wyb\u00f3r 11 listopada uzasadni\u0107 mo\u017cna zbiegiem wydarze\u0144 w Polsce z zako\u0144czeniem <a title=\"I wojna \u015bwiatowa\" href=\"https:\/\/pl.wikipedia.org\/wiki\/I_wojna_%C5%9Bwiatowa\">I wojny \u015bwiatowej<\/a> dzi\u0119ki zawarciu <a title=\"Rozejm w Compi\u00e8gne (1918)\" href=\"https:\/\/pl.wikipedia.org\/wiki\/Rozejm_w_Compi%C3%A8gne_(1918)\">rozejmu w Compi\u00e8gne<\/a> 11 listopada 1918, piecz\u0119tuj\u0105cego ostateczn\u0105 kl\u0119sk\u0119 Niemiec. Dzie\u0144 wcze\u015bniej przyby\u0142 do Warszawy <a title=\"J\u00f3zef Pi\u0142sudski\" href=\"https:\/\/pl.wikipedia.org\/wiki\/J%C3%B3zef_Pi%C5%82sudski\">J\u00f3zef Pi\u0142sudski<\/a>. W tych dw\u00f3ch dniach, 10 i 11 listopada 1918, nar\u00f3d polski u\u015bwiadomi\u0142 sobie w pe\u0142ni odzyskanie niepodleg\u0142o\u015bci, a nastr\u00f3j g\u0142\u0119bokiego wzruszenia i entuzjazmu ogarn\u0105\u0142 kraj. <a title=\"J\u0119drzej Moraczewski\" href=\"https:\/\/pl.wikipedia.org\/wiki\/J%C4%99drzej_Moraczewski\">J\u0119drzej Moraczewski<\/a> opisa\u0142 to s\u0142owami<sup id=\"cite_ref-4\" class=\"reference\"><\/sup>:<\/strong><\/p>\n<div class=\"cytat\">\n<blockquote><p><strong>Niepodobna odda\u0107 tego upojenia, tego sza\u0142u rado\u015bci, jaki ludno\u015b\u0107 polsk\u0105 w tym momencie ogarn\u0105\u0142. Po 120 latach prys\u0142y kordony. Nie ma \u201eich\u201d. Wolno\u015b\u0107! Niepodleg\u0142o\u015b\u0107! Zjednoczenie! W\u0142asne pa\u0144stwo! Na zawsze! Chaos? To nic. B\u0119dzie dobrze. Wszystko b\u0119dzie, bo jeste\u015bmy wolni od pijawek, z\u0142odziei, rabusi\u00f3w, od czapki z b\u0105czkiem, b\u0119dziemy sami sob\u0105 rz\u0105dzili. (&#8230;) Cztery pokolenia nadaremno na t\u0119 chwil\u0119 czeka\u0142y, pi\u0105te doczeka\u0142o. (&#8230;)<\/strong><\/p><\/blockquote>\n<\/div>\n","protected":false},"excerpt":{"rendered":"<p>Narodowe \u015awi\u0119to Niepodleg\u0142o\u015bci \u2013\u015bwi\u0119to pa\u0144stwowe w Polsce obchodzone corocznie 11 listopada dla upami\u0119tnienia odzyskania niepodleg\u0142o\u015bci w\u00a0 1918.\u00a0 Odzyskiwanie przez Polsk\u0119 niepodleg\u0142o\u015bci by\u0142o procesem stopniowym. Wyb\u00f3r 11 listopada uzasadni\u0107 mo\u017cna zbiegiem wydarze\u0144 w Polsce z zako\u0144czeniem I wojny \u015bwiatowej dzi\u0119ki zawarciu rozejmu w Compi\u00e8gne 11 listopada 1918, piecz\u0119tuj\u0105cego ostateczn\u0105 kl\u0119sk\u0119 Niemiec. Dzie\u0144 wcze\u015bniej przyby\u0142 do Warszawy [&hellip;]<\/p>\n","protected":false},"author":2,"featured_media":0,"comment_status":"open","ping_status":"open","sticky":false,"template":"","format":"standard","meta":{"footnotes":""},"categories":[9],"tags":[],"class_list":["post-6703","post","type-post","status-publish","format-standard","hentry","category-ciekawostki"],"_links":{"self":[{"href":"https:\/\/www.milosnicylasu.olsztyn.pl\/index.php?rest_route=\/wp\/v2\/posts\/6703","targetHints":{"allow":["GET"]}}],"collection":[{"href":"https:\/\/www.milosnicylasu.olsztyn.pl\/index.php?rest_route=\/wp\/v2\/posts"}],"about":[{"href":"https:\/\/www.milosnicylasu.olsztyn.pl\/index.php?rest_route=\/wp\/v2\/types\/post"}],"author":[{"embeddable":true,"href":"https:\/\/www.milosnicylasu.olsztyn.pl\/index.php?rest_route=\/wp\/v2\/users\/2"}],"replies":[{"embeddable":true,"href":"https:\/\/www.milosnicylasu.olsztyn.pl\/index.php?rest_route=%2Fwp%2Fv2%2Fcomments&post=6703"}],"version-history":[{"count":2,"href":"https:\/\/www.milosnicylasu.olsztyn.pl\/index.php?rest_route=\/wp\/v2\/posts\/6703\/revisions"}],"predecessor-version":[{"id":6705,"href":"https:\/\/www.milosnicylasu.olsztyn.pl\/index.php?rest_route=\/wp\/v2\/posts\/6703\/revisions\/6705"}],"wp:attachment":[{"href":"https:\/\/www.milosnicylasu.olsztyn.pl\/index.php?rest_route=%2Fwp%2Fv2%2Fmedia&parent=6703"}],"wp:term":[{"taxonomy":"category","embeddable":true,"href":"https:\/\/www.milosnicylasu.olsztyn.pl\/index.php?rest_route=%2Fwp%2Fv2%2Fcategories&post=6703"},{"taxonomy":"post_tag","embeddable":true,"href":"https:\/\/www.milosnicylasu.olsztyn.pl\/index.php?rest_route=%2Fwp%2Fv2%2Ftags&post=6703"}],"curies":[{"name":"wp","href":"https:\/\/api.w.org\/{rel}","templated":true}]}}