{"id":6709,"date":"2021-11-20T08:37:18","date_gmt":"2021-11-20T07:37:18","guid":{"rendered":"https:\/\/www.milosnicylasu.olsztyn.pl\/?p=6709"},"modified":"2021-11-21T05:35:26","modified_gmt":"2021-11-21T04:35:26","slug":"lasy-pelne-zycia","status":"publish","type":"post","link":"https:\/\/www.milosnicylasu.olsztyn.pl\/?p=6709","title":{"rendered":"Lasy pe\u0142ne \u017cycia"},"content":{"rendered":"<p><strong>\u00a0\u00a0 W czasie spotka\u0144 listopadowych Ko\u0142a Mi\u0142o\u015bnik\u00f3w Lasu i Militari\u00f3w LOK\u00a0 przy ATW w Olsztynie odbywa\u0142y si\u0119 konkursy o tematyce patriotycznej I przyrodniczej.<\/strong><\/p>\n<p><a href=\"https:\/\/www.milosnicylasu.olsztyn.pl\/wp-content\/uploads\/2021\/11\/PICT0274-www.jpg\" data-rel=\"lightbox-image-0\" data-magnific_type=\"image\" data-rl_title=\"\" data-rl_caption=\"\" title=\"\"><img loading=\"lazy\" decoding=\"async\" class=\"size-medium wp-image-6722 alignleft\" src=\"https:\/\/www.milosnicylasu.olsztyn.pl\/wp-content\/uploads\/2021\/11\/PICT0274-www-300x225.jpg\" alt=\"\" width=\"300\" height=\"225\" srcset=\"https:\/\/www.milosnicylasu.olsztyn.pl\/wp-content\/uploads\/2021\/11\/PICT0274-www-300x225.jpg 300w, https:\/\/www.milosnicylasu.olsztyn.pl\/wp-content\/uploads\/2021\/11\/PICT0274-www-768x576.jpg 768w, https:\/\/www.milosnicylasu.olsztyn.pl\/wp-content\/uploads\/2021\/11\/PICT0274-www.jpg 1024w\" sizes=\"auto, (max-width: 300px) 100vw, 300px\" \/><\/a><\/p>\n<p><strong>13.11.2021r. podczas sobotniego rajdu odby\u0142 si\u0119 konkurs \u201eLasy pe\u0142ne \u017cycia\u201d, a wi\u0119c trzeba by\u0142o wykaza\u0107 si\u0119 wiedz\u0105 na temat\u00a0 populacji wybranych gatunk\u00f3w zwierz\u0105t \u017cyj\u0105cych w Polsce. Mo\u017ce zaskoczeniem jest, \u017ce mamy :<\/strong><\/p>\n<p><strong>nied\u017awiedzi &#8211; 380 szt. wilk\u00f3w-3530 szt. \u017cubr\u00f3w- 2300 szt.\/dane z 2000 roku\/<\/strong><\/p>\n<p><strong>jeleni \u2013 270500 szt., \u0142osi \u2013 26178 szt.\/dane z 2019 roku\/<\/strong><\/p>\n<p><strong>By\u0142y te\u017c inne pytania dotycz\u0105ce las\u00f3w polskich w liczbach.<\/strong><\/p>\n<p><strong>Uczestnicy rajdu ch\u0119tnie odpowiadali na zadawane pytania. Najlepszymi z tej dziedziny okazali si\u0119:<\/strong><\/p>\n<ol>\n<li><strong>Marianna Bonis\u0142awska<\/strong><\/li>\n<li><strong>Basia Bruzgo<\/strong><\/li>\n<li><strong>Basia Janowska<\/strong><\/li>\n<\/ol>\n<p><strong>Gratulujemy zwyci\u0119zcom,\u00a0 wr\u0119czenie upomink\u00f3w \u00a0odb\u0119dzie si\u0119 na zebraniu Ko\u0142a w dniu 2 grudnia 2021r.\/czwartek\/.<\/strong><\/p>\n<p><strong>Konkurs przygotowa\u0142 Anatol Leszczy\u0144ski na podstawie informacji z danych \u201eDla lasu, dla ludzi\u201d<\/strong><\/p>\n<p><strong>\u00a0<\/strong><\/p>\n","protected":false},"excerpt":{"rendered":"<p>\u00a0\u00a0 W czasie spotka\u0144 listopadowych Ko\u0142a Mi\u0142o\u015bnik\u00f3w Lasu i Militari\u00f3w LOK\u00a0 przy ATW w Olsztynie odbywa\u0142y si\u0119 konkursy o tematyce patriotycznej I przyrodniczej. 13.11.2021r. podczas sobotniego rajdu odby\u0142 si\u0119 konkurs \u201eLasy pe\u0142ne \u017cycia\u201d, a wi\u0119c trzeba by\u0142o wykaza\u0107 si\u0119 wiedz\u0105 na temat\u00a0 populacji wybranych gatunk\u00f3w zwierz\u0105t \u017cyj\u0105cych w Polsce. Mo\u017ce zaskoczeniem jest, \u017ce mamy : [&hellip;]<\/p>\n","protected":false},"author":2,"featured_media":0,"comment_status":"open","ping_status":"open","sticky":false,"template":"","format":"standard","meta":{"footnotes":""},"categories":[9,17,15,2],"tags":[],"class_list":["post-6709","post","type-post","status-publish","format-standard","hentry","category-ciekawostki","category-edukacja-w-terenie","category-komkurs","category-rajdy"],"_links":{"self":[{"href":"https:\/\/www.milosnicylasu.olsztyn.pl\/index.php?rest_route=\/wp\/v2\/posts\/6709","targetHints":{"allow":["GET"]}}],"collection":[{"href":"https:\/\/www.milosnicylasu.olsztyn.pl\/index.php?rest_route=\/wp\/v2\/posts"}],"about":[{"href":"https:\/\/www.milosnicylasu.olsztyn.pl\/index.php?rest_route=\/wp\/v2\/types\/post"}],"author":[{"embeddable":true,"href":"https:\/\/www.milosnicylasu.olsztyn.pl\/index.php?rest_route=\/wp\/v2\/users\/2"}],"replies":[{"embeddable":true,"href":"https:\/\/www.milosnicylasu.olsztyn.pl\/index.php?rest_route=%2Fwp%2Fv2%2Fcomments&post=6709"}],"version-history":[{"count":4,"href":"https:\/\/www.milosnicylasu.olsztyn.pl\/index.php?rest_route=\/wp\/v2\/posts\/6709\/revisions"}],"predecessor-version":[{"id":6725,"href":"https:\/\/www.milosnicylasu.olsztyn.pl\/index.php?rest_route=\/wp\/v2\/posts\/6709\/revisions\/6725"}],"wp:attachment":[{"href":"https:\/\/www.milosnicylasu.olsztyn.pl\/index.php?rest_route=%2Fwp%2Fv2%2Fmedia&parent=6709"}],"wp:term":[{"taxonomy":"category","embeddable":true,"href":"https:\/\/www.milosnicylasu.olsztyn.pl\/index.php?rest_route=%2Fwp%2Fv2%2Fcategories&post=6709"},{"taxonomy":"post_tag","embeddable":true,"href":"https:\/\/www.milosnicylasu.olsztyn.pl\/index.php?rest_route=%2Fwp%2Fv2%2Ftags&post=6709"}],"curies":[{"name":"wp","href":"https:\/\/api.w.org\/{rel}","templated":true}]}}