{"id":6712,"date":"2021-11-20T08:42:52","date_gmt":"2021-11-20T07:42:52","guid":{"rendered":"https:\/\/www.milosnicylasu.olsztyn.pl\/?p=6712"},"modified":"2021-11-20T09:37:51","modified_gmt":"2021-11-20T08:37:51","slug":"lesniczy-zawod-z-powolaniem","status":"publish","type":"post","link":"https:\/\/www.milosnicylasu.olsztyn.pl\/?p=6712","title":{"rendered":"Le\u015bniczy &#8211; zaw\u00f3d z powo\u0142aniem"},"content":{"rendered":"<p><strong><a href=\"https:\/\/www.milosnicylasu.olsztyn.pl\/wp-content\/uploads\/2021\/11\/DSCN8567-www.jpg\" data-rel=\"lightbox-image-0\" data-magnific_type=\"image\" data-rl_title=\"\" data-rl_caption=\"\" title=\"\"><img loading=\"lazy\" decoding=\"async\" class=\"size-medium wp-image-6713 alignleft\" src=\"https:\/\/www.milosnicylasu.olsztyn.pl\/wp-content\/uploads\/2021\/11\/DSCN8567-www-300x225.jpg\" alt=\"\" width=\"300\" height=\"225\" srcset=\"https:\/\/www.milosnicylasu.olsztyn.pl\/wp-content\/uploads\/2021\/11\/DSCN8567-www-300x225.jpg 300w, https:\/\/www.milosnicylasu.olsztyn.pl\/wp-content\/uploads\/2021\/11\/DSCN8567-www-768x576.jpg 768w, https:\/\/www.milosnicylasu.olsztyn.pl\/wp-content\/uploads\/2021\/11\/DSCN8567-www.jpg 1024w\" sizes=\"auto, (max-width: 300px) 100vw, 300px\" \/><\/a><\/strong><\/p>\n<p>&nbsp;<\/p>\n<p><strong>Cz\u0119\u015b\u0107 ludzi my\u015bli, \u017ce zaw\u00f3d le\u015bniczego jest bardzo prosty, \u0142atwy i przyjemny. W ko\u0144cu mieszka si\u0119 daleko od miejskiego zgie\u0142ku i codziennie, ze spokojem przechadza si\u0119 po lesie. Nic bardziej mylnego. <\/strong><\/p>\n<p><strong>18 listopada 2021 roku spotkali\u015bmy si\u0119 z naszym ulubionym le\u015bniczym \u2013 gospodarzem Le\u015bnictwa Stary Dw\u00f3r, Panem Wojtkiem D\u0105browskim. Znamy si\u0119 od wielu lat. To w\u0142a\u015bnie najcz\u0119\u015bciej po terenie tego Nadle\u015bnictwa w\u0119drujemy w ka\u017cd\u0105 sobot\u0119 od wielu lat. Tym razem Pan Wojtek opowiada\u0142 o swojej jak\u017ce odpowiedzialnej pracy. <\/strong><\/p>\n<p><strong>Le\u015bniczy pokr\u00f3tce jest opiekunem, zarz\u0105dc\u0105 i nadzorc\u0105 lasu.. Ma on dba\u0107 o przestrzeganie prawa w obr\u0119bie lasu oraz aktywnie zwalcza\u0107 przest\u0119pstwa i wykroczenia. Jednocze\u015bnie zajmuje si\u0119 optymalizacj\u0105 produkcji le\u015bnej od zalesiania pustych obszar\u00f3w, przez prowadzenie szk\u00f3\u0142ek, a sko\u0144czywszy na decyzjach o wycince drzew. W zakres jego obowi\u0105zk\u00f3w wchodzi r\u00f3wnie\u017c ochrona przeciwpo\u017carowa, nasiennictwo, kontrola nad u\u017cytkowaniem lasu przez osoby trzecie, wszelkiego rodzaju pomiary i inwentaryzacja, a tak\u017ce r\u00f3\u017cne prace administracyjno-ekonomiczne.<a href=\"https:\/\/www.milosnicylasu.olsztyn.pl\/wp-content\/uploads\/2021\/11\/DSCN8565-www.jpg\" data-rel=\"lightbox-image-1\" data-magnific_type=\"image\" data-rl_title=\"\" data-rl_caption=\"\" title=\"\"><img loading=\"lazy\" decoding=\"async\" class=\"size-medium wp-image-6714 alignright\" src=\"https:\/\/www.milosnicylasu.olsztyn.pl\/wp-content\/uploads\/2021\/11\/DSCN8565-www-300x225.jpg\" alt=\"\" width=\"300\" height=\"225\" srcset=\"https:\/\/www.milosnicylasu.olsztyn.pl\/wp-content\/uploads\/2021\/11\/DSCN8565-www-300x225.jpg 300w, https:\/\/www.milosnicylasu.olsztyn.pl\/wp-content\/uploads\/2021\/11\/DSCN8565-www-768x576.jpg 768w, https:\/\/www.milosnicylasu.olsztyn.pl\/wp-content\/uploads\/2021\/11\/DSCN8565-www.jpg 1024w\" sizes=\"auto, (max-width: 300px) 100vw, 300px\" \/><\/a><\/strong><\/p>\n<p><strong>Jest tego sporo ? I jak to pogodzi\u0107 ? Mo\u017cna, dlatego, \u017ce Pan Wojtek jest osob\u0105\u00a0\u00a0 z powo\u0142aniem . Lubi swoj\u0105 prac\u0119.<\/strong><strong> Warto jednak zaznaczy\u0107, \u017ce wype\u0142nianie obowi\u0105zk\u00f3w le\u015bniczego nie ogranicza si\u0119 tylko do 40 godzin tygodniowo. Bardzo cz\u0119sto pracuje si\u0119 w nocy oraz \u015bwi\u0119ta.<\/strong><\/p>\n<p><strong>Dzi\u0119kujemy za spotkanie, za wiedz\u0119, za go\u015bcinno\u015b\u0107. Pan Wojtek obieca\u0142, \u017ce spotka si\u0119 z nami w ramach czwartk\u00f3w ekologicznych w RDLP w Olsztynie i opowie o swojej pasji, tym razem nie zwi\u0105zanej z swoj\u0105 praca zawodow\u0105.\u00a0 Czekamy ! <a href=\"https:\/\/www.milosnicylasu.olsztyn.pl\/wp-content\/uploads\/2021\/11\/DSCN8572-www.jpg\" data-rel=\"lightbox-image-2\" data-magnific_type=\"image\" data-rl_title=\"\" data-rl_caption=\"\" title=\"\"><img loading=\"lazy\" decoding=\"async\" class=\"size-medium wp-image-6715 alignleft\" src=\"https:\/\/www.milosnicylasu.olsztyn.pl\/wp-content\/uploads\/2021\/11\/DSCN8572-www-300x225.jpg\" alt=\"\" width=\"300\" height=\"225\" srcset=\"https:\/\/www.milosnicylasu.olsztyn.pl\/wp-content\/uploads\/2021\/11\/DSCN8572-www-300x225.jpg 300w, https:\/\/www.milosnicylasu.olsztyn.pl\/wp-content\/uploads\/2021\/11\/DSCN8572-www-768x576.jpg 768w, https:\/\/www.milosnicylasu.olsztyn.pl\/wp-content\/uploads\/2021\/11\/DSCN8572-www.jpg 1024w\" sizes=\"auto, (max-width: 300px) 100vw, 300px\" \/><\/a><\/strong><\/p>\n<p>D<strong>zi\u0119kujemy Jasi i Grzesiowi Kluczkom, kt\u00f3rzy zadbali o zaopatrzenie. Dzi\u0119ki Nim\u00a0 upiekli\u015bmy pyszne kie\u0142baski w ognisku, kt\u00f3re rozpalili J\u00f3zek Gazda, Antoni Jarczyk i Aleksander G\u0119bicki. Dzi\u0119kujemy r\u00f3wnie\u017c Panu Wojtkowi D\u0105browskiemu za drzewo do ogniska. <\/strong><\/p>\n<p><strong>W ramach zaopatrzenia by\u0142a tez niespodzianka &#8211; co\u015b s\u0142odkiego &#8211; batoniki Pawe\u0142ek &#8211; pyszne!<\/strong><\/p>\n<p>&nbsp;<\/p>\n","protected":false},"excerpt":{"rendered":"<p>&nbsp; Cz\u0119\u015b\u0107 ludzi my\u015bli, \u017ce zaw\u00f3d le\u015bniczego jest bardzo prosty, \u0142atwy i przyjemny. W ko\u0144cu mieszka si\u0119 daleko od miejskiego zgie\u0142ku i codziennie, ze spokojem przechadza si\u0119 po lesie. Nic bardziej mylnego. 18 listopada 2021 roku spotkali\u015bmy si\u0119 z naszym ulubionym le\u015bniczym \u2013 gospodarzem Le\u015bnictwa Stary Dw\u00f3r, Panem Wojtkiem D\u0105browskim. Znamy si\u0119 od wielu lat. [&hellip;]<\/p>\n","protected":false},"author":2,"featured_media":0,"comment_status":"open","ping_status":"open","sticky":false,"template":"","format":"standard","meta":{"footnotes":""},"categories":[1,9,17,2],"tags":[],"class_list":["post-6712","post","type-post","status-publish","format-standard","hentry","category-bez-kategorii","category-ciekawostki","category-edukacja-w-terenie","category-rajdy"],"_links":{"self":[{"href":"https:\/\/www.milosnicylasu.olsztyn.pl\/index.php?rest_route=\/wp\/v2\/posts\/6712","targetHints":{"allow":["GET"]}}],"collection":[{"href":"https:\/\/www.milosnicylasu.olsztyn.pl\/index.php?rest_route=\/wp\/v2\/posts"}],"about":[{"href":"https:\/\/www.milosnicylasu.olsztyn.pl\/index.php?rest_route=\/wp\/v2\/types\/post"}],"author":[{"embeddable":true,"href":"https:\/\/www.milosnicylasu.olsztyn.pl\/index.php?rest_route=\/wp\/v2\/users\/2"}],"replies":[{"embeddable":true,"href":"https:\/\/www.milosnicylasu.olsztyn.pl\/index.php?rest_route=%2Fwp%2Fv2%2Fcomments&post=6712"}],"version-history":[{"count":6,"href":"https:\/\/www.milosnicylasu.olsztyn.pl\/index.php?rest_route=\/wp\/v2\/posts\/6712\/revisions"}],"predecessor-version":[{"id":6721,"href":"https:\/\/www.milosnicylasu.olsztyn.pl\/index.php?rest_route=\/wp\/v2\/posts\/6712\/revisions\/6721"}],"wp:attachment":[{"href":"https:\/\/www.milosnicylasu.olsztyn.pl\/index.php?rest_route=%2Fwp%2Fv2%2Fmedia&parent=6712"}],"wp:term":[{"taxonomy":"category","embeddable":true,"href":"https:\/\/www.milosnicylasu.olsztyn.pl\/index.php?rest_route=%2Fwp%2Fv2%2Fcategories&post=6712"},{"taxonomy":"post_tag","embeddable":true,"href":"https:\/\/www.milosnicylasu.olsztyn.pl\/index.php?rest_route=%2Fwp%2Fv2%2Ftags&post=6712"}],"curies":[{"name":"wp","href":"https:\/\/api.w.org\/{rel}","templated":true}]}}