{"id":6726,"date":"2021-11-22T07:05:50","date_gmt":"2021-11-22T06:05:50","guid":{"rendered":"https:\/\/www.milosnicylasu.olsztyn.pl\/?p=6726"},"modified":"2021-11-22T09:07:16","modified_gmt":"2021-11-22T08:07:16","slug":"secesja-w-olsztynie","status":"publish","type":"post","link":"https:\/\/www.milosnicylasu.olsztyn.pl\/?p=6726","title":{"rendered":"Secesja w Olsztynie"},"content":{"rendered":"<h3><a href=\"https:\/\/www.milosnicylasu.olsztyn.pl\/wp-content\/uploads\/2021\/11\/DSCN1735-www.jpg\" data-rel=\"lightbox-image-0\" data-magnific_type=\"image\" data-rl_title=\"\" data-rl_caption=\"\" title=\"\"><img loading=\"lazy\" decoding=\"async\" class=\"size-medium wp-image-6730 alignleft\" src=\"https:\/\/www.milosnicylasu.olsztyn.pl\/wp-content\/uploads\/2021\/11\/DSCN1735-www-300x225.jpg\" alt=\"\" width=\"300\" height=\"225\" srcset=\"https:\/\/www.milosnicylasu.olsztyn.pl\/wp-content\/uploads\/2021\/11\/DSCN1735-www-300x225.jpg 300w, https:\/\/www.milosnicylasu.olsztyn.pl\/wp-content\/uploads\/2021\/11\/DSCN1735-www-768x576.jpg 768w, https:\/\/www.milosnicylasu.olsztyn.pl\/wp-content\/uploads\/2021\/11\/DSCN1735-www.jpg 1024w\" sizes=\"auto, (max-width: 300px) 100vw, 300px\" \/><\/a>W Galerii Stary Ratusz Wojew\u00f3dzkiej Biblioteki Publicznej w Olsztynie otwarto w pi\u0105tek (19.11) wystaw\u0119 fotografii \u201eOlszty\u0144ska secesja\u201d Ko\u0142a Mi\u0142o\u015bnik\u00f3w Fotografii Akademii Trzeciego Wieku przy Miejskim O\u015brodku Kultury w Olsztynie.<\/h3>\n<p><strong>Na wystawie prezentowane s\u0105 23 tablice przedstawiaj\u0105ce wille i kamienice secesyjne, kt\u00f3rych pozosta\u0142o w Olsztynie oko\u0142o 50. Pracowali nad ni\u0105 mi\u0119dzy innymi cz\u0142onkowie Ko\u0142a Mi\u0142o\u015bnik\u00f3w Lasu i Militari\u00f3w LOK przy ATW w Olsztynie Wies\u0142awa Filipek, Jan Filipek, Zofia Karzel. Gratulujemy wszystkim wystawiaj\u0105cym ciekawego tematu, podziwiamy umiej\u0119tno\u015bci fotograficzne, szczeg\u00f3lnie gor\u0105co kibicujemy naszym kole\u017cankom i koledze.<\/strong><\/p>\n<p><strong>Wystawa b\u0119dzie czynna do 2 grudnia 2021 roku, a wi\u0119c ruszamy do ratusza! T\u0119 wystaw\u0119 trzeba koniecznie zobaczy\u0107.<\/strong><\/p>\n<p>Zdj\u0119cie kamienicy Jasiu Filipek<\/p>\n","protected":false},"excerpt":{"rendered":"<p>W Galerii Stary Ratusz Wojew\u00f3dzkiej Biblioteki Publicznej w Olsztynie otwarto w pi\u0105tek (19.11) wystaw\u0119 fotografii \u201eOlszty\u0144ska secesja\u201d Ko\u0142a Mi\u0142o\u015bnik\u00f3w Fotografii Akademii Trzeciego Wieku przy Miejskim O\u015brodku Kultury w Olsztynie. Na wystawie prezentowane s\u0105 23 tablice przedstawiaj\u0105ce wille i kamienice secesyjne, kt\u00f3rych pozosta\u0142o w Olsztynie oko\u0142o 50. Pracowali nad ni\u0105 mi\u0119dzy innymi cz\u0142onkowie Ko\u0142a Mi\u0142o\u015bnik\u00f3w Lasu [&hellip;]<\/p>\n","protected":false},"author":2,"featured_media":0,"comment_status":"open","ping_status":"open","sticky":false,"template":"","format":"standard","meta":{"footnotes":""},"categories":[1,9,17,4],"tags":[],"class_list":["post-6726","post","type-post","status-publish","format-standard","hentry","category-bez-kategorii","category-ciekawostki","category-edukacja-w-terenie","category-wystawy"],"_links":{"self":[{"href":"https:\/\/www.milosnicylasu.olsztyn.pl\/index.php?rest_route=\/wp\/v2\/posts\/6726","targetHints":{"allow":["GET"]}}],"collection":[{"href":"https:\/\/www.milosnicylasu.olsztyn.pl\/index.php?rest_route=\/wp\/v2\/posts"}],"about":[{"href":"https:\/\/www.milosnicylasu.olsztyn.pl\/index.php?rest_route=\/wp\/v2\/types\/post"}],"author":[{"embeddable":true,"href":"https:\/\/www.milosnicylasu.olsztyn.pl\/index.php?rest_route=\/wp\/v2\/users\/2"}],"replies":[{"embeddable":true,"href":"https:\/\/www.milosnicylasu.olsztyn.pl\/index.php?rest_route=%2Fwp%2Fv2%2Fcomments&post=6726"}],"version-history":[{"count":4,"href":"https:\/\/www.milosnicylasu.olsztyn.pl\/index.php?rest_route=\/wp\/v2\/posts\/6726\/revisions"}],"predecessor-version":[{"id":6731,"href":"https:\/\/www.milosnicylasu.olsztyn.pl\/index.php?rest_route=\/wp\/v2\/posts\/6726\/revisions\/6731"}],"wp:attachment":[{"href":"https:\/\/www.milosnicylasu.olsztyn.pl\/index.php?rest_route=%2Fwp%2Fv2%2Fmedia&parent=6726"}],"wp:term":[{"taxonomy":"category","embeddable":true,"href":"https:\/\/www.milosnicylasu.olsztyn.pl\/index.php?rest_route=%2Fwp%2Fv2%2Fcategories&post=6726"},{"taxonomy":"post_tag","embeddable":true,"href":"https:\/\/www.milosnicylasu.olsztyn.pl\/index.php?rest_route=%2Fwp%2Fv2%2Ftags&post=6726"}],"curies":[{"name":"wp","href":"https:\/\/api.w.org\/{rel}","templated":true}]}}