{"id":6752,"date":"2021-12-09T18:46:19","date_gmt":"2021-12-09T17:46:19","guid":{"rendered":"https:\/\/www.milosnicylasu.olsztyn.pl\/?p=6752"},"modified":"2021-12-09T18:54:58","modified_gmt":"2021-12-09T17:54:58","slug":"zyczenia-4","status":"publish","type":"post","link":"https:\/\/www.milosnicylasu.olsztyn.pl\/?p=6752","title":{"rendered":"\u017byczenia"},"content":{"rendered":"<p><a href=\"https:\/\/www.milosnicylasu.olsztyn.pl\/wp-content\/uploads\/2021\/12\/PC060034-www.jpg\" data-rel=\"lightbox-image-0\" data-magnific_type=\"image\" data-rl_title=\"\" data-rl_caption=\"\" title=\"\"><img loading=\"lazy\" decoding=\"async\" class=\"size-medium wp-image-6753 alignleft\" src=\"https:\/\/www.milosnicylasu.olsztyn.pl\/wp-content\/uploads\/2021\/12\/PC060034-www-300x225.jpg\" alt=\"\" width=\"300\" height=\"225\" srcset=\"https:\/\/www.milosnicylasu.olsztyn.pl\/wp-content\/uploads\/2021\/12\/PC060034-www-300x225.jpg 300w, https:\/\/www.milosnicylasu.olsztyn.pl\/wp-content\/uploads\/2021\/12\/PC060034-www-768x576.jpg 768w, https:\/\/www.milosnicylasu.olsztyn.pl\/wp-content\/uploads\/2021\/12\/PC060034-www.jpg 1024w\" sizes=\"auto, (max-width: 300px) 100vw, 300px\" \/><\/a><\/p>\n<p><strong>Niech te \u015awi\u0119ta, tak wspania\u0142e,<\/strong><br \/>\n<strong>b\u0119d\u0105 ca\u0142e jakby z bajek,<\/strong><br \/>\n<strong>niechaj gwiazdka z nieba leci.<\/strong><br \/>\n<strong>niech Miko\u0142aj tuli dzieci,<\/strong><br \/>\n<strong>bia\u0142y puch niech z g\u00f3ry spada,<\/strong><br \/>\n<strong>niechaj piesek w nocy gada.<\/strong><br \/>\n<strong>niech choinka pachnie pi\u0119knie,<\/strong><br \/>\n<strong>no i rado\u015b\u0107 b\u0119dzie wsz\u0119dzie!<\/strong><\/p>\n<p><strong>Takich weso\u0142ych \u015awi\u0105t \u017cyczymy wszystkim cz\u0142onkom i sympatykom Ko\u0142a Mi\u0142o\u015bnik\u00f3w Lasu i Militari\u00f3w LOK przy ATW w Olsztynie. Prosimy r\u00f3wnie\u017c o przekazanie \u017cycze\u0144 cz\u0142onkom swoich rodzin.\u00a0 <\/strong><\/p>\n<p><strong>Poczt\u00f3wki na zdj\u0119ciu to ma\u0142a cz\u0119\u015b\u0107 tego co przekaza\u0142, osobi\u015bcie b\u0105d\u017a za po\u015brednictwem poczty,\u00a0 prezes Ko\u0142a Anatol Leszczy\u0144ski osobom i instytucjom z nami wsp\u00f3\u0142pracuj\u0105cym. DZI\u0118KUJEMY !<\/strong><\/p>\n<p><a href=\"https:\/\/www.milosnicylasu.olsztyn.pl\/wp-content\/uploads\/2021\/12\/DSCN8639-www.jpg\" data-rel=\"lightbox-image-1\" data-magnific_type=\"image\" data-rl_title=\"\" data-rl_caption=\"\" title=\"\"><img loading=\"lazy\" decoding=\"async\" class=\"size-medium wp-image-6754 alignleft\" src=\"https:\/\/www.milosnicylasu.olsztyn.pl\/wp-content\/uploads\/2021\/12\/DSCN8639-www-300x225.jpg\" alt=\"\" width=\"300\" height=\"225\" srcset=\"https:\/\/www.milosnicylasu.olsztyn.pl\/wp-content\/uploads\/2021\/12\/DSCN8639-www-300x225.jpg 300w, https:\/\/www.milosnicylasu.olsztyn.pl\/wp-content\/uploads\/2021\/12\/DSCN8639-www-768x576.jpg 768w, https:\/\/www.milosnicylasu.olsztyn.pl\/wp-content\/uploads\/2021\/12\/DSCN8639-www.jpg 1024w\" sizes=\"auto, (max-width: 300px) 100vw, 300px\" \/><\/a><strong>Na zdj\u0119ciu osoby, kt\u00f3rym zawdzi\u0119czamy wiele, ale s\u0105 jakby niewidoczne&#8230;..Dlatego dzi\u015b zdj\u0119cia Miko\u0142aja z\u00a0 Panem Tomaszem Ha\u0142adajem z RDLP w Olsztynie &#8211;\u00a0 informatykiem, oraz Pani\u0105\u00a0 Bo\u017cen\u0105 Parzych z LOK -u \u00a0 w Olsztynie<\/strong><\/p>\n<p><a href=\"https:\/\/www.milosnicylasu.olsztyn.pl\/wp-content\/uploads\/2021\/12\/DSCN8642-www.jpg\" data-rel=\"lightbox-image-2\" data-magnific_type=\"image\" data-rl_title=\"\" data-rl_caption=\"\" title=\"\"><img loading=\"lazy\" decoding=\"async\" class=\"size-medium wp-image-6755 alignright\" src=\"https:\/\/www.milosnicylasu.olsztyn.pl\/wp-content\/uploads\/2021\/12\/DSCN8642-www-300x225.jpg\" alt=\"\" width=\"300\" height=\"225\" srcset=\"https:\/\/www.milosnicylasu.olsztyn.pl\/wp-content\/uploads\/2021\/12\/DSCN8642-www-300x225.jpg 300w, https:\/\/www.milosnicylasu.olsztyn.pl\/wp-content\/uploads\/2021\/12\/DSCN8642-www-768x576.jpg 768w, https:\/\/www.milosnicylasu.olsztyn.pl\/wp-content\/uploads\/2021\/12\/DSCN8642-www.jpg 1024w\" sizes=\"auto, (max-width: 300px) 100vw, 300px\" \/><\/a><\/p>\n","protected":false},"excerpt":{"rendered":"<p>Niech te \u015awi\u0119ta, tak wspania\u0142e, b\u0119d\u0105 ca\u0142e jakby z bajek, niechaj gwiazdka z nieba leci. niech Miko\u0142aj tuli dzieci, bia\u0142y puch niech z g\u00f3ry spada, niechaj piesek w nocy gada. niech choinka pachnie pi\u0119knie, no i rado\u015b\u0107 b\u0119dzie wsz\u0119dzie! Takich weso\u0142ych \u015awi\u0105t \u017cyczymy wszystkim cz\u0142onkom i sympatykom Ko\u0142a Mi\u0142o\u015bnik\u00f3w Lasu i Militari\u00f3w LOK przy ATW [&hellip;]<\/p>\n","protected":false},"author":2,"featured_media":0,"comment_status":"open","ping_status":"open","sticky":false,"template":"","format":"standard","meta":{"footnotes":""},"categories":[1,9],"tags":[],"class_list":["post-6752","post","type-post","status-publish","format-standard","hentry","category-bez-kategorii","category-ciekawostki"],"_links":{"self":[{"href":"https:\/\/www.milosnicylasu.olsztyn.pl\/index.php?rest_route=\/wp\/v2\/posts\/6752","targetHints":{"allow":["GET"]}}],"collection":[{"href":"https:\/\/www.milosnicylasu.olsztyn.pl\/index.php?rest_route=\/wp\/v2\/posts"}],"about":[{"href":"https:\/\/www.milosnicylasu.olsztyn.pl\/index.php?rest_route=\/wp\/v2\/types\/post"}],"author":[{"embeddable":true,"href":"https:\/\/www.milosnicylasu.olsztyn.pl\/index.php?rest_route=\/wp\/v2\/users\/2"}],"replies":[{"embeddable":true,"href":"https:\/\/www.milosnicylasu.olsztyn.pl\/index.php?rest_route=%2Fwp%2Fv2%2Fcomments&post=6752"}],"version-history":[{"count":6,"href":"https:\/\/www.milosnicylasu.olsztyn.pl\/index.php?rest_route=\/wp\/v2\/posts\/6752\/revisions"}],"predecessor-version":[{"id":6761,"href":"https:\/\/www.milosnicylasu.olsztyn.pl\/index.php?rest_route=\/wp\/v2\/posts\/6752\/revisions\/6761"}],"wp:attachment":[{"href":"https:\/\/www.milosnicylasu.olsztyn.pl\/index.php?rest_route=%2Fwp%2Fv2%2Fmedia&parent=6752"}],"wp:term":[{"taxonomy":"category","embeddable":true,"href":"https:\/\/www.milosnicylasu.olsztyn.pl\/index.php?rest_route=%2Fwp%2Fv2%2Fcategories&post=6752"},{"taxonomy":"post_tag","embeddable":true,"href":"https:\/\/www.milosnicylasu.olsztyn.pl\/index.php?rest_route=%2Fwp%2Fv2%2Ftags&post=6752"}],"curies":[{"name":"wp","href":"https:\/\/api.w.org\/{rel}","templated":true}]}}