{"id":678,"date":"2013-11-11T07:58:20","date_gmt":"2013-11-11T06:58:20","guid":{"rendered":"http:\/\/www.milosnicylasu.olsztyn.pl\/?p=678"},"modified":"2013-11-11T08:02:14","modified_gmt":"2013-11-11T07:02:14","slug":"678","status":"publish","type":"post","link":"https:\/\/www.milosnicylasu.olsztyn.pl\/?p=678","title":{"rendered":"Listopadowy czwartek ekologiczny"},"content":{"rendered":"<p><a href=\"http:\/\/www.milosnicylasu.olsztyn.pl\/wp-content\/uploads\/2013\/11\/PB070013-www.jpg\" data-rel=\"lightbox-image-0\" data-magnific_type=\"image\" data-rl_title=\"\" data-rl_caption=\"\" title=\"\"><img loading=\"lazy\" decoding=\"async\" class=\"alignleft size-medium wp-image-679\" alt=\"PB070013-www\" src=\"http:\/\/www.milosnicylasu.olsztyn.pl\/wp-content\/uploads\/2013\/11\/PB070013-www-300x225.jpg\" width=\"300\" height=\"225\" srcset=\"https:\/\/www.milosnicylasu.olsztyn.pl\/wp-content\/uploads\/2013\/11\/PB070013-www-300x225.jpg 300w, https:\/\/www.milosnicylasu.olsztyn.pl\/wp-content\/uploads\/2013\/11\/PB070013-www-400x300.jpg 400w, https:\/\/www.milosnicylasu.olsztyn.pl\/wp-content\/uploads\/2013\/11\/PB070013-www.jpg 1024w\" sizes=\"auto, (max-width: 300px) 100vw, 300px\" \/><\/a><\/p>\n<p>Na kolejnym czwartku ekologicznym \u2013 7 listopada, w Regionalnej Dyrekcji Las\u00f3w Pa\u0144stwowych w Olsztynie, cz\u0142onkowie Ko\u0142a Mi\u0142o\u015bnik\u00f3w Lasu i Militari\u00f3w wys\u0142uchali bardzo ciekawego wyk\u0142adu Pani Marii Jakubiuk z Regionalnej Dyrekcji Ochrony \u015arodowiska w Olsztynie. <a href=\"http:\/\/www.milosnicylasu.olsztyn.pl\/wp-content\/uploads\/2013\/11\/PB070002-www.jpg\" data-rel=\"lightbox-image-1\" data-magnific_type=\"image\" data-rl_title=\"\" data-rl_caption=\"\" title=\"\"><img loading=\"lazy\" decoding=\"async\" class=\"size-medium wp-image-680 alignright\" alt=\"PB070002-www\" src=\"http:\/\/www.milosnicylasu.olsztyn.pl\/wp-content\/uploads\/2013\/11\/PB070002-www-300x225.jpg\" width=\"300\" height=\"225\" srcset=\"https:\/\/www.milosnicylasu.olsztyn.pl\/wp-content\/uploads\/2013\/11\/PB070002-www-300x225.jpg 300w, https:\/\/www.milosnicylasu.olsztyn.pl\/wp-content\/uploads\/2013\/11\/PB070002-www-400x300.jpg 400w, https:\/\/www.milosnicylasu.olsztyn.pl\/wp-content\/uploads\/2013\/11\/PB070002-www.jpg 1024w\" sizes=\"auto, (max-width: 300px) 100vw, 300px\" \/><\/a><\/p>\n<p>&nbsp;<\/p>\n<p>Tematem wyk\u0142adu, zilustrowanego wieloma zdj\u0119ciami,\u00a0 by\u0142a \u201e Ochrona gatunkowa, wybrane regulacje prawne obowi\u0105zuj\u0105ce w kraju\u201d.<\/p>\n<p><b>Dowiedzieli\u015bmy si\u0119, \u017ce ochrona gatunkowa<\/b> jest jedn\u0105 z form ochrony przyrody, kt\u00f3ra\u00a0 ma zapewni\u0107 przetrwanie dziko wyst\u0119puj\u0105cych ro\u015blin, grzyb\u00f3w i zwierz\u0105t oraz ich siedlisk, a tak\u017ce zachowanie r\u00f3\u017cnorodno\u015bci gatunkowej i genetycznej. Ochrona ta dotyczy gatunk\u00f3w rzadko wyst\u0119puj\u0105cych,\u00a0 podatnych na zagro\u017cenia i zagro\u017conych wygini\u0119ciem oraz obj\u0119tych ochron\u0105 na podstawie um\u00f3w mi\u0119dzynarodowych.<\/p>\n<p>Podstawy prawne ochrony gatunkowej ustala ustawa o ochronie przyrody, a szczeg\u00f3\u0142owe jej zasady oraz wykazy gatunk\u00f3w chronionych okre\u015bla minister w\u0142a\u015bciwy do spraw \u015brodowiska \u00a0w drodze rozporz\u0105dzenia publikowanego w Dzienniku Ustaw (dodatkowe gatunki mog\u0105 by\u0107 obj\u0119te ochron\u0105 w danym wojew\u00f3dztwie przez regionalnego dyrektora ochrony \u015brodowiska).<\/p>\n<p>W stosunku do gatunk\u00f3w obj\u0119tych ochron\u0105 gatunkow\u0105 obowi\u0105zuj\u0105 okre\u015blone zakazy (zabijania, zbierania, przetrzymywania, niszczenia ich siedlisk, handlowania, wywo\u017cenia za granic\u0119, p\u0142oszenia itp.). Na odst\u0119pstwa od zakaz\u00f3w zezwolenie wydaje Generalny Dyrektor Ochrony \u015arodowiska lub regionalny dyrektor ochrony \u015brodowiska.<\/p>\n<p>W Polsce pod ochron\u0105 gatunkow\u0105 znajduje si\u0119 oko\u0142o 400 gatunk\u00f3w zwierz\u0105t, 213 gatunk\u00f3w ro\u015blin oraz 265 gatunk\u00f3w grzyb\u00f3w i porost\u00f3w.<\/p>\n<p>Podczas zebrania, wr\u0119czone zosta\u0142y legitymacje kolejnym nowym cz\u0142onkom naszego Ko\u0142a. Serdecznie witamy.<a href=\"http:\/\/www.milosnicylasu.olsztyn.pl\/wp-content\/uploads\/2013\/11\/PB070015-www.jpg\" data-rel=\"lightbox-image-2\" data-magnific_type=\"image\" data-rl_title=\"\" data-rl_caption=\"\" title=\"\"><img loading=\"lazy\" decoding=\"async\" class=\"alignleft size-medium wp-image-681\" alt=\"PB070015-www\" src=\"http:\/\/www.milosnicylasu.olsztyn.pl\/wp-content\/uploads\/2013\/11\/PB070015-www-300x225.jpg\" width=\"300\" height=\"225\" srcset=\"https:\/\/www.milosnicylasu.olsztyn.pl\/wp-content\/uploads\/2013\/11\/PB070015-www-300x225.jpg 300w, https:\/\/www.milosnicylasu.olsztyn.pl\/wp-content\/uploads\/2013\/11\/PB070015-www-400x300.jpg 400w, https:\/\/www.milosnicylasu.olsztyn.pl\/wp-content\/uploads\/2013\/11\/PB070015-www.jpg 1024w\" sizes=\"auto, (max-width: 300px) 100vw, 300px\" \/><\/a><\/p>\n<p>&nbsp;<\/p>\n","protected":false},"excerpt":{"rendered":"<p>Na kolejnym czwartku ekologicznym \u2013 7 listopada, w Regionalnej Dyrekcji Las\u00f3w Pa\u0144stwowych w Olsztynie, cz\u0142onkowie Ko\u0142a Mi\u0142o\u015bnik\u00f3w Lasu i Militari\u00f3w wys\u0142uchali bardzo ciekawego wyk\u0142adu Pani Marii Jakubiuk z Regionalnej Dyrekcji Ochrony \u015arodowiska w Olsztynie. &nbsp; Tematem wyk\u0142adu, zilustrowanego wieloma zdj\u0119ciami,\u00a0 by\u0142a \u201e Ochrona gatunkowa, wybrane regulacje prawne obowi\u0105zuj\u0105ce w kraju\u201d. Dowiedzieli\u015bmy si\u0119, \u017ce ochrona gatunkowa [&hellip;]<\/p>\n","protected":false},"author":1,"featured_media":0,"comment_status":"open","ping_status":"open","sticky":false,"template":"","format":"standard","meta":{"footnotes":""},"categories":[1,9,3],"tags":[],"class_list":["post-678","post","type-post","status-publish","format-standard","hentry","category-bez-kategorii","category-ciekawostki","category-zebrania"],"_links":{"self":[{"href":"https:\/\/www.milosnicylasu.olsztyn.pl\/index.php?rest_route=\/wp\/v2\/posts\/678","targetHints":{"allow":["GET"]}}],"collection":[{"href":"https:\/\/www.milosnicylasu.olsztyn.pl\/index.php?rest_route=\/wp\/v2\/posts"}],"about":[{"href":"https:\/\/www.milosnicylasu.olsztyn.pl\/index.php?rest_route=\/wp\/v2\/types\/post"}],"author":[{"embeddable":true,"href":"https:\/\/www.milosnicylasu.olsztyn.pl\/index.php?rest_route=\/wp\/v2\/users\/1"}],"replies":[{"embeddable":true,"href":"https:\/\/www.milosnicylasu.olsztyn.pl\/index.php?rest_route=%2Fwp%2Fv2%2Fcomments&post=678"}],"version-history":[{"count":6,"href":"https:\/\/www.milosnicylasu.olsztyn.pl\/index.php?rest_route=\/wp\/v2\/posts\/678\/revisions"}],"predecessor-version":[{"id":686,"href":"https:\/\/www.milosnicylasu.olsztyn.pl\/index.php?rest_route=\/wp\/v2\/posts\/678\/revisions\/686"}],"wp:attachment":[{"href":"https:\/\/www.milosnicylasu.olsztyn.pl\/index.php?rest_route=%2Fwp%2Fv2%2Fmedia&parent=678"}],"wp:term":[{"taxonomy":"category","embeddable":true,"href":"https:\/\/www.milosnicylasu.olsztyn.pl\/index.php?rest_route=%2Fwp%2Fv2%2Fcategories&post=678"},{"taxonomy":"post_tag","embeddable":true,"href":"https:\/\/www.milosnicylasu.olsztyn.pl\/index.php?rest_route=%2Fwp%2Fv2%2Ftags&post=678"}],"curies":[{"name":"wp","href":"https:\/\/api.w.org\/{rel}","templated":true}]}}