{"id":6786,"date":"2022-01-14T21:00:46","date_gmt":"2022-01-14T20:00:46","guid":{"rendered":"https:\/\/www.milosnicylasu.olsztyn.pl\/?p=6786"},"modified":"2022-01-22T18:27:25","modified_gmt":"2022-01-22T17:27:25","slug":"zaproszenie-4","status":"publish","type":"post","link":"https:\/\/www.milosnicylasu.olsztyn.pl\/?p=6786","title":{"rendered":"Zaproszenie"},"content":{"rendered":"<p><strong>Zapraszamy do\u00a0 zap<\/strong>r<strong>ezentowania Waszych choinek. Wiemy, \u017ce pi\u0119knie udekorowane choinki zdobi\u0142y a mo\u017ce jeszcze zdobi\u0105 Wasze mieszkania. Na pewno ka\u017cda jest inna, a wszystkie s\u0105 urocze. Poka\u017ccie je innym cz\u0142onkom Ko\u0142a !<\/strong><\/p>\n<p><strong>Fotografie prosimy o przes\u0142anie na\u00a0 krystyna@kappa.pl . Mamy nadziej\u0119, \u017ce zdj\u0119\u0107 b\u0119dzie du\u017co&#8230;&#8230;b\u0119dziemy je systematycznie umieszcza\u0107 na stronie Ko\u0142a.<\/strong><\/p>\n<p><strong><a href=\"https:\/\/www.milosnicylasu.olsztyn.pl\/wp-content\/uploads\/2022\/01\/DSCN2341-www.jpg\" data-rel=\"lightbox-image-0\" data-magnific_type=\"image\" data-rl_title=\"\" data-rl_caption=\"\" title=\"\"><img loading=\"lazy\" decoding=\"async\" class=\"size-medium wp-image-6789 alignleft\" src=\"https:\/\/www.milosnicylasu.olsztyn.pl\/wp-content\/uploads\/2022\/01\/DSCN2341-www-225x300.jpg\" alt=\"\" width=\"225\" height=\"300\" srcset=\"https:\/\/www.milosnicylasu.olsztyn.pl\/wp-content\/uploads\/2022\/01\/DSCN2341-www-225x300.jpg 225w, https:\/\/www.milosnicylasu.olsztyn.pl\/wp-content\/uploads\/2022\/01\/DSCN2341-www.jpg 768w\" sizes=\"auto, (max-width: 225px) 100vw, 225px\" \/><\/a><\/strong><\/p>\n<p>&nbsp;<\/p>\n<p><strong>No i mamy pocz\u0105tek &#8211; zdj\u0119cie choinki Wiesi i Jasia Filipk\u00f3w. Jest cudna, z mn\u00f3stwem ciekawych ozd\u00f3b, zapewne zbieranych przez wiele lat.<\/strong><\/p>\n<p>&nbsp;<\/p>\n<p><strong><a href=\"https:\/\/www.milosnicylasu.olsztyn.pl\/wp-content\/uploads\/2022\/01\/signal-2021-12-24-12-43-35-908-5-www.jpg\" data-rel=\"lightbox-image-1\" data-magnific_type=\"image\" data-rl_title=\"\" data-rl_caption=\"\" title=\"\"><img loading=\"lazy\" decoding=\"async\" class=\"size-medium wp-image-6791 alignright\" src=\"https:\/\/www.milosnicylasu.olsztyn.pl\/wp-content\/uploads\/2022\/01\/signal-2021-12-24-12-43-35-908-5-www-139x300.jpg\" alt=\"\" width=\"139\" height=\"300\" srcset=\"https:\/\/www.milosnicylasu.olsztyn.pl\/wp-content\/uploads\/2022\/01\/signal-2021-12-24-12-43-35-908-5-www-139x300.jpg 139w, https:\/\/www.milosnicylasu.olsztyn.pl\/wp-content\/uploads\/2022\/01\/signal-2021-12-24-12-43-35-908-5-www.jpg 473w\" sizes=\"auto, (max-width: 139px) 100vw, 139px\" \/><\/a>Kaziu Mi\u0142owski przys\u0142a\u0142 nam pi\u0119kn\u0105 choink\u0119 &#8211; ze wzruszeniem zobaczy\u0142am \u0142a\u0144cuch, kt\u00f3ry te\u017c robi\u0142am jak by\u0142am o wiele m\u0142odsza&#8230;&#8230;&#8230;&#8230;kolorowe paseczki papieru skleja\u0142o si\u0119 ze sob\u0105&#8230;&#8230;&#8230;&#8230;&#8230;<\/strong><\/p>\n<p><strong><a href=\"https:\/\/www.milosnicylasu.olsztyn.pl\/wp-content\/uploads\/2022\/01\/2022.-01.15-SAM_4905-choinka2022-www.jpg\" data-rel=\"lightbox-image-2\" data-magnific_type=\"image\" data-rl_title=\"\" data-rl_caption=\"\" title=\"\"><img loading=\"lazy\" decoding=\"async\" class=\"size-medium wp-image-6793 alignleft\" src=\"https:\/\/www.milosnicylasu.olsztyn.pl\/wp-content\/uploads\/2022\/01\/2022.-01.15-SAM_4905-choinka2022-www-225x300.jpg\" alt=\"\" width=\"225\" height=\"300\" srcset=\"https:\/\/www.milosnicylasu.olsztyn.pl\/wp-content\/uploads\/2022\/01\/2022.-01.15-SAM_4905-choinka2022-www-225x300.jpg 225w, https:\/\/www.milosnicylasu.olsztyn.pl\/wp-content\/uploads\/2022\/01\/2022.-01.15-SAM_4905-choinka2022-www.jpg 768w\" sizes=\"auto, (max-width: 225px) 100vw, 225px\" \/><\/a><\/strong><\/p>\n<p>&nbsp;<\/p>\n<p>&nbsp;<\/p>\n<p>&nbsp;<\/p>\n<p>&nbsp;<\/p>\n<p>&nbsp;<\/p>\n<p>&nbsp;<\/p>\n<p><strong>Na bogato!\u00a0 Antoniego i Stefani Jarczyk\u00f3w choinka ubrana w pi\u0119kne delikatne ozdoby, ale pod choink\u0105 Miko\u0142aj zostawi\u0142 mn\u00f3stwo prezent\u00f3w. Czy\u017cby to by\u0142a rekompensata za grzeczno\u015b\u0107 przez ca\u0142y rok ?<\/strong><\/p>\n<p><a href=\"https:\/\/www.milosnicylasu.olsztyn.pl\/wp-content\/uploads\/2022\/01\/20211223_215738-www.jpg\" data-rel=\"lightbox-image-3\" data-magnific_type=\"image\" data-rl_title=\"\" data-rl_caption=\"\" title=\"\"><img loading=\"lazy\" decoding=\"async\" class=\"size-medium wp-image-6796 alignleft\" src=\"https:\/\/www.milosnicylasu.olsztyn.pl\/wp-content\/uploads\/2022\/01\/20211223_215738-www-225x300.jpg\" alt=\"\" width=\"225\" height=\"300\" srcset=\"https:\/\/www.milosnicylasu.olsztyn.pl\/wp-content\/uploads\/2022\/01\/20211223_215738-www-225x300.jpg 225w, https:\/\/www.milosnicylasu.olsztyn.pl\/wp-content\/uploads\/2022\/01\/20211223_215738-www.jpg 768w\" sizes=\"auto, (max-width: 225px) 100vw, 225px\" \/><\/a><strong>I jeszcze urocze zdj\u0119cia, jakie przes\u0142a\u0142a sympatyczka naszego Ko\u0142a z Bia\u0142egostoku Gra\u017cynka \u0141api\u0144ska.<\/strong><\/p>\n<p><strong>Jej synek Mi\u0142osz by\u0142 ju\u017c na tyle du\u017cy, \u017ce dzielnie pomaga\u0142 przy strojeniu drzewka, a p\u00f3\u017aniej\u00a0 ze swoj\u0105 siostrzyczk\u0105 Magd\u0105 \u015bpiewali kol\u0119dy i rozdawali prezenty zostawione przez \u015aw. Miko\u0142aja&#8230;&#8230;<a href=\"https:\/\/www.milosnicylasu.olsztyn.pl\/wp-content\/uploads\/2022\/01\/20211224_165445-www-scaled.jpg\" data-rel=\"lightbox-image-4\" data-magnific_type=\"image\" data-rl_title=\"\" data-rl_caption=\"\" title=\"\"><img loading=\"lazy\" decoding=\"async\" class=\"size-medium wp-image-6797 alignright\" src=\"https:\/\/www.milosnicylasu.olsztyn.pl\/wp-content\/uploads\/2022\/01\/20211224_165445-www-225x300.jpg\" alt=\"\" width=\"225\" height=\"300\" srcset=\"https:\/\/www.milosnicylasu.olsztyn.pl\/wp-content\/uploads\/2022\/01\/20211224_165445-www-225x300.jpg 225w, https:\/\/www.milosnicylasu.olsztyn.pl\/wp-content\/uploads\/2022\/01\/20211224_165445-www-768x1024.jpg 768w, https:\/\/www.milosnicylasu.olsztyn.pl\/wp-content\/uploads\/2022\/01\/20211224_165445-www-1152x1536.jpg 1152w, https:\/\/www.milosnicylasu.olsztyn.pl\/wp-content\/uploads\/2022\/01\/20211224_165445-www-1536x2048.jpg 1536w, https:\/\/www.milosnicylasu.olsztyn.pl\/wp-content\/uploads\/2022\/01\/20211224_165445-www-scaled.jpg 1920w\" sizes=\"auto, (max-width: 225px) 100vw, 225px\" \/><\/a><\/strong><\/p>\n<p>&nbsp;<\/p>\n<p>&nbsp;<\/p>\n<p>&nbsp;<\/p>\n<p>&nbsp;<\/p>\n<p>&nbsp;<\/p>\n<p>&nbsp;<\/p>\n<p><strong>I choinka Adama ze S\u0142up<a href=\"https:\/\/www.milosnicylasu.olsztyn.pl\/wp-content\/uploads\/2022\/01\/IMG-20211224-WA0005-www.jpg\" data-rel=\"lightbox-image-5\" data-magnific_type=\"image\" data-rl_title=\"\" data-rl_caption=\"\" title=\"\"><img loading=\"lazy\" decoding=\"async\" class=\"size-medium wp-image-6801 alignleft\" src=\"https:\/\/www.milosnicylasu.olsztyn.pl\/wp-content\/uploads\/2022\/01\/IMG-20211224-WA0005-www-225x300.jpg\" alt=\"\" width=\"225\" height=\"300\" srcset=\"https:\/\/www.milosnicylasu.olsztyn.pl\/wp-content\/uploads\/2022\/01\/IMG-20211224-WA0005-www-225x300.jpg 225w, https:\/\/www.milosnicylasu.olsztyn.pl\/wp-content\/uploads\/2022\/01\/IMG-20211224-WA0005-www.jpg 768w\" sizes=\"auto, (max-width: 225px) 100vw, 225px\" \/><\/a><\/strong><\/p>\n<p>&nbsp;<\/p>\n<p>&nbsp;<\/p>\n<p><strong>Jeszcze jedna choinka &#8211; Jasi Dzierzbi\u0144skiej,\u00a0 ma\u0142a ale jaka urocza!<\/strong><\/p>\n<p><strong><a href=\"https:\/\/www.milosnicylasu.olsztyn.pl\/wp-content\/uploads\/2022\/01\/IMG_20211224_163935-www.jpg\" data-rel=\"lightbox-image-6\" data-magnific_type=\"image\" data-rl_title=\"\" data-rl_caption=\"\" title=\"\"><img loading=\"lazy\" decoding=\"async\" class=\"size-medium wp-image-6804 alignright\" src=\"https:\/\/www.milosnicylasu.olsztyn.pl\/wp-content\/uploads\/2022\/01\/IMG_20211224_163935-www-225x300.jpg\" alt=\"\" width=\"225\" height=\"300\" srcset=\"https:\/\/www.milosnicylasu.olsztyn.pl\/wp-content\/uploads\/2022\/01\/IMG_20211224_163935-www-225x300.jpg 225w, https:\/\/www.milosnicylasu.olsztyn.pl\/wp-content\/uploads\/2022\/01\/IMG_20211224_163935-www.jpg 768w\" sizes=\"auto, (max-width: 225px) 100vw, 225px\" \/><\/a><\/strong><\/p>\n<p>&nbsp;<\/p>\n<p>&nbsp;<\/p>\n<p>&nbsp;<\/p>\n<p>&nbsp;<\/p>\n<p><strong>I zdj\u0119cie przes\u0142ane przez Wiktorka i Arkadiusza Mrozowskich.Choinka pi\u0119kna, super wigilijny nastr\u00f3j, tyle smaczno\u015bci, a\u017c \u015blinka cieknie&#8230;&#8230;&#8230;. <a href=\"https:\/\/www.milosnicylasu.olsztyn.pl\/wp-content\/uploads\/2022\/01\/IMG-20211224-WA0010-www.jpg\" data-rel=\"lightbox-image-7\" data-magnific_type=\"image\" data-rl_title=\"\" data-rl_caption=\"\" title=\"\"><img loading=\"lazy\" decoding=\"async\" class=\"size-medium wp-image-6807 aligncenter\" src=\"https:\/\/www.milosnicylasu.olsztyn.pl\/wp-content\/uploads\/2022\/01\/IMG-20211224-WA0010-www-225x300.jpg\" alt=\"\" width=\"225\" height=\"300\" srcset=\"https:\/\/www.milosnicylasu.olsztyn.pl\/wp-content\/uploads\/2022\/01\/IMG-20211224-WA0010-www-225x300.jpg 225w, https:\/\/www.milosnicylasu.olsztyn.pl\/wp-content\/uploads\/2022\/01\/IMG-20211224-WA0010-www.jpg 768w\" sizes=\"auto, (max-width: 225px) 100vw, 225px\" \/><\/a><\/strong><\/p>\n<p><a href=\"https:\/\/www.milosnicylasu.olsztyn.pl\/wp-content\/uploads\/2022\/01\/PC220004-www.jpg\" data-rel=\"lightbox-image-8\" data-magnific_type=\"image\" data-rl_title=\"\" data-rl_caption=\"\" title=\"\"><img loading=\"lazy\" decoding=\"async\" class=\"size-medium wp-image-6810\" src=\"https:\/\/www.milosnicylasu.olsztyn.pl\/wp-content\/uploads\/2022\/01\/PC220004-www-300x225.jpg\" alt=\"\" width=\"300\" height=\"225\" srcset=\"https:\/\/www.milosnicylasu.olsztyn.pl\/wp-content\/uploads\/2022\/01\/PC220004-www-300x225.jpg 300w, https:\/\/www.milosnicylasu.olsztyn.pl\/wp-content\/uploads\/2022\/01\/PC220004-www.jpg 768w\" sizes=\"auto, (max-width: 300px) 100vw, 300px\" \/><\/a><\/p>\n<p><strong>Czekamy na &#8222;sp\u00f3\u017anione&#8221; choinki. Namawiamy gor\u0105co do nadsy\u0142ania&#8230;&#8230;.a na razie choinka Krystyny i Anatola Leszczy\u0144skich &#8211; prezes sam j\u0105 ubiera\u0142 !\u00a0<\/strong><\/p>\n<p>&nbsp;<\/p>\n<p><strong> Mn\u00f3stwo ptaszk\u00f3w na choince Alicji, jak przysta\u0142o na mi\u0142o\u015bnika lasu<a href=\"https:\/\/www.milosnicylasu.olsztyn.pl\/wp-content\/uploads\/2022\/01\/IMG-20211223-www.jpg\" data-rel=\"lightbox-image-9\" data-magnific_type=\"image\" data-rl_title=\"\" data-rl_caption=\"\" title=\"\"><img loading=\"lazy\" decoding=\"async\" class=\"size-medium wp-image-6814 alignright\" src=\"https:\/\/www.milosnicylasu.olsztyn.pl\/wp-content\/uploads\/2022\/01\/IMG-20211223-www-225x300.jpg\" alt=\"\" width=\"225\" height=\"300\" srcset=\"https:\/\/www.milosnicylasu.olsztyn.pl\/wp-content\/uploads\/2022\/01\/IMG-20211223-www-225x300.jpg 225w, https:\/\/www.milosnicylasu.olsztyn.pl\/wp-content\/uploads\/2022\/01\/IMG-20211223-www.jpg 768w\" sizes=\"auto, (max-width: 225px) 100vw, 225px\" \/><\/a><br \/>\n<\/strong><\/p>\n<p>&nbsp;<\/p>\n<p>&nbsp;<\/p>\n","protected":false},"excerpt":{"rendered":"<p>Zapraszamy do\u00a0 zaprezentowania Waszych choinek. Wiemy, \u017ce pi\u0119knie udekorowane choinki zdobi\u0142y a mo\u017ce jeszcze zdobi\u0105 Wasze mieszkania. Na pewno ka\u017cda jest inna, a wszystkie s\u0105 urocze. Poka\u017ccie je innym cz\u0142onkom Ko\u0142a ! Fotografie prosimy o przes\u0142anie na\u00a0 krystyna@kappa.pl . Mamy nadziej\u0119, \u017ce zdj\u0119\u0107 b\u0119dzie du\u017co&#8230;&#8230;b\u0119dziemy je systematycznie umieszcza\u0107 na stronie Ko\u0142a. &nbsp; No i mamy [&hellip;]<\/p>\n","protected":false},"author":2,"featured_media":0,"comment_status":"open","ping_status":"open","sticky":false,"template":"","format":"standard","meta":{"footnotes":""},"categories":[1,9],"tags":[],"class_list":["post-6786","post","type-post","status-publish","format-standard","hentry","category-bez-kategorii","category-ciekawostki"],"_links":{"self":[{"href":"https:\/\/www.milosnicylasu.olsztyn.pl\/index.php?rest_route=\/wp\/v2\/posts\/6786","targetHints":{"allow":["GET"]}}],"collection":[{"href":"https:\/\/www.milosnicylasu.olsztyn.pl\/index.php?rest_route=\/wp\/v2\/posts"}],"about":[{"href":"https:\/\/www.milosnicylasu.olsztyn.pl\/index.php?rest_route=\/wp\/v2\/types\/post"}],"author":[{"embeddable":true,"href":"https:\/\/www.milosnicylasu.olsztyn.pl\/index.php?rest_route=\/wp\/v2\/users\/2"}],"replies":[{"embeddable":true,"href":"https:\/\/www.milosnicylasu.olsztyn.pl\/index.php?rest_route=%2Fwp%2Fv2%2Fcomments&post=6786"}],"version-history":[{"count":18,"href":"https:\/\/www.milosnicylasu.olsztyn.pl\/index.php?rest_route=\/wp\/v2\/posts\/6786\/revisions"}],"predecessor-version":[{"id":6815,"href":"https:\/\/www.milosnicylasu.olsztyn.pl\/index.php?rest_route=\/wp\/v2\/posts\/6786\/revisions\/6815"}],"wp:attachment":[{"href":"https:\/\/www.milosnicylasu.olsztyn.pl\/index.php?rest_route=%2Fwp%2Fv2%2Fmedia&parent=6786"}],"wp:term":[{"taxonomy":"category","embeddable":true,"href":"https:\/\/www.milosnicylasu.olsztyn.pl\/index.php?rest_route=%2Fwp%2Fv2%2Fcategories&post=6786"},{"taxonomy":"post_tag","embeddable":true,"href":"https:\/\/www.milosnicylasu.olsztyn.pl\/index.php?rest_route=%2Fwp%2Fv2%2Ftags&post=6786"}],"curies":[{"name":"wp","href":"https:\/\/api.w.org\/{rel}","templated":true}]}}