{"id":6836,"date":"2022-01-28T15:12:03","date_gmt":"2022-01-28T14:12:03","guid":{"rendered":"https:\/\/www.milosnicylasu.olsztyn.pl\/?p=6836"},"modified":"2022-01-29T18:06:55","modified_gmt":"2022-01-29T17:06:55","slug":"wazny-komunikat","status":"publish","type":"post","link":"https:\/\/www.milosnicylasu.olsztyn.pl\/?p=6836","title":{"rendered":"Wa\u017cny komunikat"},"content":{"rendered":"<p><strong>Uprzejmie informujemy, \u017ce planowane zebranie w dniu 3 lutego, jak r\u00f3wnie\u017c inne <\/strong><strong>lutowe <\/strong><strong>zaj\u0119cia, z uwagi na du\u017ce zagro\u017cenie zwi\u0105zane z szalej\u0105c\u0105 pandemi\u0105, nie odb\u0119dzie si\u0119. Mamy nadziej\u0119, \u017ce to ju\u017c ostatni taki &#8222;brzydki&#8221; komunikat i w marcu b\u0119dziemy mogli\u00a0 po\u015bpiewa\u0107 z okazji naszego babskiego \u015bwi\u0119ta, postrzela\u0107, pospacerowa\u0107 po lesie &#8230;&#8230;&#8230;Oby!\u00a0\u00a0\u00a0\u00a0\u00a0\u00a0\u00a0\u00a0\u00a0\u00a0\u00a0\u00a0\u00a0\u00a0\u00a0\u00a0\u00a0\u00a0\u00a0\u00a0\u00a0\u00a0\u00a0\u00a0\u00a0\u00a0\u00a0\u00a0\u00a0\u00a0\u00a0\u00a0\u00a0\u00a0\u00a0\u00a0\u00a0\u00a0\u00a0\u00a0\u00a0\u00a0\u00a0\u00a0\u00a0\u00a0\u00a0\u00a0\u00a0\u00a0\u00a0\u00a0\u00a0\u00a0 <\/strong><\/p>\n<p><strong>No i taki ma\u0142y konkurs : kaczki na Wad\u0105gu, ka\u017cdy widzi, \u017ce to kaczki, ale jak si\u0119 nazywaj\u0105 ? Tym razem nie b\u0119dzie nagrody&#8230;..ale za to jaka satysfakcja dla pierwszej <\/strong><strong>osoby, kt\u00f3ra przy\u015ble odpowied\u017a !\u00a0\u00a0\u00a0\u00a0\u00a0\u00a0\u00a0\u00a0\u00a0\u00a0\u00a0 <\/strong><\/p>\n<p><a href=\"https:\/\/www.milosnicylasu.olsztyn.pl\/wp-content\/uploads\/2019\/02\/P2240004-www.jpg\" data-rel=\"lightbox-image-0\" data-magnific_type=\"image\" data-rl_title=\"\" data-rl_caption=\"\" title=\"\"><img loading=\"lazy\" decoding=\"async\" class=\"size-medium wp-image-4609\" src=\"https:\/\/www.milosnicylasu.olsztyn.pl\/wp-content\/uploads\/2019\/02\/P2240004-www-300x225.jpg\" alt=\"\" width=\"300\" height=\"225\" srcset=\"https:\/\/www.milosnicylasu.olsztyn.pl\/wp-content\/uploads\/2019\/02\/P2240004-www-300x225.jpg 300w, https:\/\/www.milosnicylasu.olsztyn.pl\/wp-content\/uploads\/2019\/02\/P2240004-www-768x576.jpg 768w, https:\/\/www.milosnicylasu.olsztyn.pl\/wp-content\/uploads\/2019\/02\/P2240004-www.jpg 1024w, https:\/\/www.milosnicylasu.olsztyn.pl\/wp-content\/uploads\/2019\/02\/P2240004-www-400x300.jpg 400w\" sizes=\"auto, (max-width: 300px) 100vw, 300px\" \/><\/a><\/p>\n<p><strong>\u00a0Kto by\u0142 pierwszy ?<\/strong><\/p>\n<p><em><strong> S\u0105 to dwa samce nurog\u0119si. samica ma g\u0142ow\u0119 br\u0105zow\u0105. Ciekawostk\u0105 jest to, \u017ce s\u0105 rybo\u017cerne. <\/strong><\/em><br \/>\n<em><strong>Gniazduj\u0105 w dziuplach i r\u00f3\u017cnych otworach.<\/strong><\/em><br \/>\n<em><strong>Pozdrawiamy Jasia i Grzegorz Kluczek<\/strong><\/em><\/p>\n<p>____________________________________________<\/p>\n<p><strong>To jest bardzo dobra odpowied\u017a. &#8222;Nasze kaczki &#8221; , a w\u0142a\u015bciwie kaczory p\u0142ywa\u0142y na rzece Wad\u0105g.\u00a0 Wydawa\u0142y nam si\u0119 bardzo wyj\u0105tkowe, ale okaza\u0142o si\u0119, \u017ce jeszcze<\/strong><strong> w po\u0142owie XX w. nurog\u0119\u015b wyst\u0119powa\u0142a jedynie na Pomorzu i w p\u00f3\u0142nocnej cz\u0119\u015bci Wielkopolski. Obecnie rozszerza sw\u00f3j zasi\u0119g, st\u0105d coraz \u0142atwiej spotka\u0107 j\u0105 nad ciekami i zbiornikami wodnymi w niemal ca\u0142ej Polsce, a wi\u0119c i na naszej pi\u0119knej Warmii.<br \/>\n<\/strong><\/p>\n<p><strong>\u00a0<\/strong><\/p>\n","protected":false},"excerpt":{"rendered":"<p>Uprzejmie informujemy, \u017ce planowane zebranie w dniu 3 lutego, jak r\u00f3wnie\u017c inne lutowe zaj\u0119cia, z uwagi na du\u017ce zagro\u017cenie zwi\u0105zane z szalej\u0105c\u0105 pandemi\u0105, nie odb\u0119dzie si\u0119. Mamy nadziej\u0119, \u017ce to ju\u017c ostatni taki &#8222;brzydki&#8221; komunikat i w marcu b\u0119dziemy mogli\u00a0 po\u015bpiewa\u0107 z okazji naszego babskiego \u015bwi\u0119ta, postrzela\u0107, pospacerowa\u0107 po lesie &#8230;&#8230;&#8230;Oby!\u00a0\u00a0\u00a0\u00a0\u00a0\u00a0\u00a0\u00a0\u00a0\u00a0\u00a0\u00a0\u00a0\u00a0\u00a0\u00a0\u00a0\u00a0\u00a0\u00a0\u00a0\u00a0\u00a0\u00a0\u00a0\u00a0\u00a0\u00a0\u00a0\u00a0\u00a0\u00a0\u00a0\u00a0\u00a0\u00a0\u00a0\u00a0\u00a0\u00a0\u00a0\u00a0\u00a0\u00a0\u00a0\u00a0\u00a0\u00a0\u00a0\u00a0\u00a0\u00a0\u00a0\u00a0 No i taki ma\u0142y [&hellip;]<\/p>\n","protected":false},"author":2,"featured_media":0,"comment_status":"open","ping_status":"open","sticky":false,"template":"","format":"standard","meta":{"footnotes":""},"categories":[1,9,17],"tags":[],"class_list":["post-6836","post","type-post","status-publish","format-standard","hentry","category-bez-kategorii","category-ciekawostki","category-edukacja-w-terenie"],"_links":{"self":[{"href":"https:\/\/www.milosnicylasu.olsztyn.pl\/index.php?rest_route=\/wp\/v2\/posts\/6836","targetHints":{"allow":["GET"]}}],"collection":[{"href":"https:\/\/www.milosnicylasu.olsztyn.pl\/index.php?rest_route=\/wp\/v2\/posts"}],"about":[{"href":"https:\/\/www.milosnicylasu.olsztyn.pl\/index.php?rest_route=\/wp\/v2\/types\/post"}],"author":[{"embeddable":true,"href":"https:\/\/www.milosnicylasu.olsztyn.pl\/index.php?rest_route=\/wp\/v2\/users\/2"}],"replies":[{"embeddable":true,"href":"https:\/\/www.milosnicylasu.olsztyn.pl\/index.php?rest_route=%2Fwp%2Fv2%2Fcomments&post=6836"}],"version-history":[{"count":9,"href":"https:\/\/www.milosnicylasu.olsztyn.pl\/index.php?rest_route=\/wp\/v2\/posts\/6836\/revisions"}],"predecessor-version":[{"id":6845,"href":"https:\/\/www.milosnicylasu.olsztyn.pl\/index.php?rest_route=\/wp\/v2\/posts\/6836\/revisions\/6845"}],"wp:attachment":[{"href":"https:\/\/www.milosnicylasu.olsztyn.pl\/index.php?rest_route=%2Fwp%2Fv2%2Fmedia&parent=6836"}],"wp:term":[{"taxonomy":"category","embeddable":true,"href":"https:\/\/www.milosnicylasu.olsztyn.pl\/index.php?rest_route=%2Fwp%2Fv2%2Fcategories&post=6836"},{"taxonomy":"post_tag","embeddable":true,"href":"https:\/\/www.milosnicylasu.olsztyn.pl\/index.php?rest_route=%2Fwp%2Fv2%2Ftags&post=6836"}],"curies":[{"name":"wp","href":"https:\/\/api.w.org\/{rel}","templated":true}]}}