{"id":6854,"date":"2022-02-09T21:02:56","date_gmt":"2022-02-09T20:02:56","guid":{"rendered":"https:\/\/www.milosnicylasu.olsztyn.pl\/?p=6854"},"modified":"2022-02-10T06:27:39","modified_gmt":"2022-02-10T05:27:39","slug":"czyzby-to-juz-wiosna","status":"publish","type":"post","link":"https:\/\/www.milosnicylasu.olsztyn.pl\/?p=6854","title":{"rendered":"Czy\u017cby to ju\u017c wiosna?"},"content":{"rendered":"<p><strong>9 lutego 2022 roku, podczas wyjazdu na dzia\u0142k\u0119, w okolicy rzeki Wad\u0105g, spotka\u0142o nas mn\u00f3stwo niespodzianek. Je\u017adzimy tam dosy\u0107 cz\u0119sto, ale jak by\u0142o wszystko przykryte \u015bniegiem, to wydawa\u0142o si\u0119, \u017ce przyroda jeszcze \u015bpi, ale dzisiaj &#8230;&#8230;&#8230;.zobaczyli\u015bmy jak zwykle sikorki. Nie ma zimy ? Mo\u017ce nie powinni\u015bmy ju\u017c je dokarmia\u0107? \u017be sikorki to \u017cadna niespodzianka, ale zawsze mi\u0142o zobaczy\u0107 te urodziwe ptaszki. \u00a0 A na rzece du\u017co\u00a0 kaczek : pospolite krzy\u017c\u00f3wki i z daleka widoczne g\u0105go\u0142y, a\u00a0 nad rzek\u0105 3 lec\u0105ce czaple&#8230;&#8230;..Zaskoczeni byli\u015bmy kwiatkami &#8230;. to ju\u017c naprawd\u0119 wiosna, ale tak wcze\u015bnie? Teraz czekamy na Wasze zdj\u0119cia &#8211; dowody, \u017ce to ju\u017c przysz\u0142a najpi\u0119kniejsza, najbardziej wyczekiwana pora roku.<\/strong><\/p>\n<p><strong><a href=\"https:\/\/www.milosnicylasu.olsztyn.pl\/wp-content\/uploads\/2019\/02\/P2240018-www.jpg\" data-rel=\"lightbox-image-0\" data-magnific_type=\"image\" data-rl_title=\"\" data-rl_caption=\"\" title=\"\"><img loading=\"lazy\" decoding=\"async\" class=\"size-medium wp-image-4613\" src=\"https:\/\/www.milosnicylasu.olsztyn.pl\/wp-content\/uploads\/2019\/02\/P2240018-www-300x225.jpg\" alt=\"\" width=\"300\" height=\"225\" srcset=\"https:\/\/www.milosnicylasu.olsztyn.pl\/wp-content\/uploads\/2019\/02\/P2240018-www-300x225.jpg 300w, https:\/\/www.milosnicylasu.olsztyn.pl\/wp-content\/uploads\/2019\/02\/P2240018-www-768x576.jpg 768w, https:\/\/www.milosnicylasu.olsztyn.pl\/wp-content\/uploads\/2019\/02\/P2240018-www.jpg 1024w, https:\/\/www.milosnicylasu.olsztyn.pl\/wp-content\/uploads\/2019\/02\/P2240018-www-400x300.jpg 400w\" sizes=\"auto, (max-width: 300px) 100vw, 300px\" \/><\/a><\/strong><\/p>\n<p><strong>Na rzece nie ma lodu<a href=\"https:\/\/www.milosnicylasu.olsztyn.pl\/wp-content\/uploads\/2022\/02\/DSCN8790-www.jpg\" data-rel=\"lightbox-image-1\" data-magnific_type=\"image\" data-rl_title=\"\" data-rl_caption=\"\" title=\"\"><img loading=\"lazy\" decoding=\"async\" class=\"size-medium wp-image-6859 alignright\" src=\"https:\/\/www.milosnicylasu.olsztyn.pl\/wp-content\/uploads\/2022\/02\/DSCN8790-www-300x225.jpg\" alt=\"\" width=\"300\" height=\"225\" srcset=\"https:\/\/www.milosnicylasu.olsztyn.pl\/wp-content\/uploads\/2022\/02\/DSCN8790-www-300x225.jpg 300w, https:\/\/www.milosnicylasu.olsztyn.pl\/wp-content\/uploads\/2022\/02\/DSCN8790-www-768x576.jpg 768w, https:\/\/www.milosnicylasu.olsztyn.pl\/wp-content\/uploads\/2022\/02\/DSCN8790-www.jpg 1024w\" sizes=\"auto, (max-width: 300px) 100vw, 300px\" \/><\/a><\/strong><\/p>\n<p><strong><a href=\"https:\/\/www.milosnicylasu.olsztyn.pl\/wp-content\/uploads\/2019\/02\/P2240004-www.jpg\" data-rel=\"lightbox-image-2\" data-magnific_type=\"image\" data-rl_title=\"\" data-rl_caption=\"\" title=\"\"><img loading=\"lazy\" decoding=\"async\" class=\"size-medium wp-image-4609 aligncenter\" src=\"https:\/\/www.milosnicylasu.olsztyn.pl\/wp-content\/uploads\/2019\/02\/P2240004-www-300x225.jpg\" alt=\"\" width=\"300\" height=\"225\" srcset=\"https:\/\/www.milosnicylasu.olsztyn.pl\/wp-content\/uploads\/2019\/02\/P2240004-www-300x225.jpg 300w, https:\/\/www.milosnicylasu.olsztyn.pl\/wp-content\/uploads\/2019\/02\/P2240004-www-768x576.jpg 768w, https:\/\/www.milosnicylasu.olsztyn.pl\/wp-content\/uploads\/2019\/02\/P2240004-www.jpg 1024w, https:\/\/www.milosnicylasu.olsztyn.pl\/wp-content\/uploads\/2019\/02\/P2240004-www-400x300.jpg 400w\" sizes=\"auto, (max-width: 300px) 100vw, 300px\" \/>\u00a0\u00a0<\/a><\/strong><\/p>\n<p><strong><a href=\"https:\/\/www.milosnicylasu.olsztyn.pl\/wp-content\/uploads\/2020\/03\/DSCN5091-www.jpg\" data-rel=\"lightbox-image-3\" data-magnific_type=\"image\" data-rl_title=\"\" data-rl_caption=\"\" title=\"\"><img loading=\"lazy\" decoding=\"async\" class=\"size-medium wp-image-5319 alignright\" src=\"https:\/\/www.milosnicylasu.olsztyn.pl\/wp-content\/uploads\/2020\/03\/DSCN5091-www-300x225.jpg\" alt=\"\" width=\"300\" height=\"225\" srcset=\"https:\/\/www.milosnicylasu.olsztyn.pl\/wp-content\/uploads\/2020\/03\/DSCN5091-www-300x225.jpg 300w, https:\/\/www.milosnicylasu.olsztyn.pl\/wp-content\/uploads\/2020\/03\/DSCN5091-www-768x576.jpg 768w, https:\/\/www.milosnicylasu.olsztyn.pl\/wp-content\/uploads\/2020\/03\/DSCN5091-www.jpg 1024w\" sizes=\"auto, (max-width: 300px) 100vw, 300px\" \/><\/a>Listki hortensji pn\u0105cej rozwijaj\u0105 si\u0119 w szybkim tempie, a tradycyjnie pierwsze kwiaty wiosny nie\u015bmia\u0142o wychodz\u0105 z ziemi <a href=\"https:\/\/www.milosnicylasu.olsztyn.pl\/wp-content\/uploads\/2022\/02\/DSCN8788-www.jpg\" data-rel=\"lightbox-image-4\" data-magnific_type=\"image\" data-rl_title=\"\" data-rl_caption=\"\" title=\"\"><img loading=\"lazy\" decoding=\"async\" class=\"size-medium wp-image-6860 alignleft\" src=\"https:\/\/www.milosnicylasu.olsztyn.pl\/wp-content\/uploads\/2022\/02\/DSCN8788-www-300x225.jpg\" alt=\"\" width=\"300\" height=\"225\" srcset=\"https:\/\/www.milosnicylasu.olsztyn.pl\/wp-content\/uploads\/2022\/02\/DSCN8788-www-300x225.jpg 300w, https:\/\/www.milosnicylasu.olsztyn.pl\/wp-content\/uploads\/2022\/02\/DSCN8788-www-768x576.jpg 768w, https:\/\/www.milosnicylasu.olsztyn.pl\/wp-content\/uploads\/2022\/02\/DSCN8788-www.jpg 1024w\" sizes=\"auto, (max-width: 300px) 100vw, 300px\" \/><\/a><\/strong><\/p>\n<p><strong><a href=\"https:\/\/www.milosnicylasu.olsztyn.pl\/wp-content\/uploads\/2022\/02\/DSCN8785-www.jpg\" data-rel=\"lightbox-image-5\" data-magnific_type=\"image\" data-rl_title=\"\" data-rl_caption=\"\" title=\"\"><img loading=\"lazy\" decoding=\"async\" class=\"size-medium wp-image-6857 alignleft\" src=\"https:\/\/www.milosnicylasu.olsztyn.pl\/wp-content\/uploads\/2022\/02\/DSCN8785-www-300x225.jpg\" alt=\"\" width=\"300\" height=\"225\" srcset=\"https:\/\/www.milosnicylasu.olsztyn.pl\/wp-content\/uploads\/2022\/02\/DSCN8785-www-300x225.jpg 300w, https:\/\/www.milosnicylasu.olsztyn.pl\/wp-content\/uploads\/2022\/02\/DSCN8785-www-768x576.jpg 768w, https:\/\/www.milosnicylasu.olsztyn.pl\/wp-content\/uploads\/2022\/02\/DSCN8785-www.jpg 1024w\" sizes=\"auto, (max-width: 300px) 100vw, 300px\" \/><\/a><\/strong><\/p>\n<p><strong><a href=\"https:\/\/www.milosnicylasu.olsztyn.pl\/wp-content\/uploads\/2016\/03\/DSCN5841-www.jpg\" data-rel=\"lightbox-image-6\" data-magnific_type=\"image\" data-rl_title=\"\" data-rl_caption=\"\" title=\"\"><img loading=\"lazy\" decoding=\"async\" class=\"alignnone size-medium wp-image-2620\" src=\"https:\/\/www.milosnicylasu.olsztyn.pl\/wp-content\/uploads\/2016\/03\/DSCN5841-www-300x225.jpg\" alt=\"\" width=\"300\" height=\"225\" srcset=\"https:\/\/www.milosnicylasu.olsztyn.pl\/wp-content\/uploads\/2016\/03\/DSCN5841-www-300x225.jpg 300w, https:\/\/www.milosnicylasu.olsztyn.pl\/wp-content\/uploads\/2016\/03\/DSCN5841-www-768x576.jpg 768w, https:\/\/www.milosnicylasu.olsztyn.pl\/wp-content\/uploads\/2016\/03\/DSCN5841-www.jpg 1024w, https:\/\/www.milosnicylasu.olsztyn.pl\/wp-content\/uploads\/2016\/03\/DSCN5841-www-400x300.jpg 400w\" sizes=\"auto, (max-width: 300px) 100vw, 300px\" \/><\/a><\/strong><\/p>\n<p>&nbsp;<\/p>\n<p><strong><a href=\"https:\/\/www.milosnicylasu.olsztyn.pl\/wp-content\/uploads\/2016\/03\/DSCN5834-www.jpg\" data-rel=\"lightbox-image-7\" data-magnific_type=\"image\" data-rl_title=\"\" data-rl_caption=\"\" title=\"\"><img loading=\"lazy\" decoding=\"async\" class=\"size-medium wp-image-2619 aligncenter\" src=\"https:\/\/www.milosnicylasu.olsztyn.pl\/wp-content\/uploads\/2016\/03\/DSCN5834-www-300x225.jpg\" alt=\"\" width=\"300\" height=\"225\" srcset=\"https:\/\/www.milosnicylasu.olsztyn.pl\/wp-content\/uploads\/2016\/03\/DSCN5834-www-300x225.jpg 300w, https:\/\/www.milosnicylasu.olsztyn.pl\/wp-content\/uploads\/2016\/03\/DSCN5834-www-768x576.jpg 768w, https:\/\/www.milosnicylasu.olsztyn.pl\/wp-content\/uploads\/2016\/03\/DSCN5834-www.jpg 1024w, https:\/\/www.milosnicylasu.olsztyn.pl\/wp-content\/uploads\/2016\/03\/DSCN5834-www-400x300.jpg 400w\" sizes=\"auto, (max-width: 300px) 100vw, 300px\" \/><\/a><\/strong><\/p>\n","protected":false},"excerpt":{"rendered":"<p>9 lutego 2022 roku, podczas wyjazdu na dzia\u0142k\u0119, w okolicy rzeki Wad\u0105g, spotka\u0142o nas mn\u00f3stwo niespodzianek. Je\u017adzimy tam dosy\u0107 cz\u0119sto, ale jak by\u0142o wszystko przykryte \u015bniegiem, to wydawa\u0142o si\u0119, \u017ce przyroda jeszcze \u015bpi, ale dzisiaj &#8230;&#8230;&#8230;.zobaczyli\u015bmy jak zwykle sikorki. Nie ma zimy ? Mo\u017ce nie powinni\u015bmy ju\u017c je dokarmia\u0107? \u017be sikorki to \u017cadna niespodzianka, ale [&hellip;]<\/p>\n","protected":false},"author":2,"featured_media":0,"comment_status":"open","ping_status":"open","sticky":false,"template":"","format":"standard","meta":{"footnotes":""},"categories":[1,9,17],"tags":[],"class_list":["post-6854","post","type-post","status-publish","format-standard","hentry","category-bez-kategorii","category-ciekawostki","category-edukacja-w-terenie"],"_links":{"self":[{"href":"https:\/\/www.milosnicylasu.olsztyn.pl\/index.php?rest_route=\/wp\/v2\/posts\/6854","targetHints":{"allow":["GET"]}}],"collection":[{"href":"https:\/\/www.milosnicylasu.olsztyn.pl\/index.php?rest_route=\/wp\/v2\/posts"}],"about":[{"href":"https:\/\/www.milosnicylasu.olsztyn.pl\/index.php?rest_route=\/wp\/v2\/types\/post"}],"author":[{"embeddable":true,"href":"https:\/\/www.milosnicylasu.olsztyn.pl\/index.php?rest_route=\/wp\/v2\/users\/2"}],"replies":[{"embeddable":true,"href":"https:\/\/www.milosnicylasu.olsztyn.pl\/index.php?rest_route=%2Fwp%2Fv2%2Fcomments&post=6854"}],"version-history":[{"count":4,"href":"https:\/\/www.milosnicylasu.olsztyn.pl\/index.php?rest_route=\/wp\/v2\/posts\/6854\/revisions"}],"predecessor-version":[{"id":6862,"href":"https:\/\/www.milosnicylasu.olsztyn.pl\/index.php?rest_route=\/wp\/v2\/posts\/6854\/revisions\/6862"}],"wp:attachment":[{"href":"https:\/\/www.milosnicylasu.olsztyn.pl\/index.php?rest_route=%2Fwp%2Fv2%2Fmedia&parent=6854"}],"wp:term":[{"taxonomy":"category","embeddable":true,"href":"https:\/\/www.milosnicylasu.olsztyn.pl\/index.php?rest_route=%2Fwp%2Fv2%2Fcategories&post=6854"},{"taxonomy":"post_tag","embeddable":true,"href":"https:\/\/www.milosnicylasu.olsztyn.pl\/index.php?rest_route=%2Fwp%2Fv2%2Ftags&post=6854"}],"curies":[{"name":"wp","href":"https:\/\/api.w.org\/{rel}","templated":true}]}}