{"id":6867,"date":"2022-02-28T15:23:45","date_gmt":"2022-02-28T14:23:45","guid":{"rendered":"https:\/\/www.milosnicylasu.olsztyn.pl\/?p=6867"},"modified":"2022-02-28T15:23:57","modified_gmt":"2022-02-28T14:23:57","slug":"franek-i-jego-babcia","status":"publish","type":"post","link":"https:\/\/www.milosnicylasu.olsztyn.pl\/?p=6867","title":{"rendered":"Franek i jego babcia"},"content":{"rendered":"<p>6-letni Franek do swojej babci:<\/p>\n<p>&#8211; babciu, nie pami\u0119tasz, obieca\u0142a\u015b\u00a0 mi kupi\u0107 batonik&#8230;&#8230;.<\/p>\n<p>A babcia na to: no widzisz wnusiu zapomnia\u0142am..<\/p>\n<p>A Franek : zapomnia\u0142a\u015b ? A m\u00f3wi\u0142a\u015b, \u017ce przyj\u0119\u0142a\u015b dawk\u0119 przypominaj\u0105c\u0105&#8230;&#8230;&#8230;&#8230;&#8230;..<\/p>\n","protected":false},"excerpt":{"rendered":"<p>6-letni Franek do swojej babci: &#8211; babciu, nie pami\u0119tasz, obieca\u0142a\u015b\u00a0 mi kupi\u0107 batonik&#8230;&#8230;. A babcia na to: no widzisz wnusiu zapomnia\u0142am.. A Franek : zapomnia\u0142a\u015b ? A m\u00f3wi\u0142a\u015b, \u017ce przyj\u0119\u0142a\u015b dawk\u0119 przypominaj\u0105c\u0105&#8230;&#8230;&#8230;&#8230;&#8230;..<\/p>\n","protected":false},"author":2,"featured_media":0,"comment_status":"open","ping_status":"open","sticky":false,"template":"","format":"standard","meta":{"footnotes":""},"categories":[1,9],"tags":[],"class_list":["post-6867","post","type-post","status-publish","format-standard","hentry","category-bez-kategorii","category-ciekawostki"],"_links":{"self":[{"href":"https:\/\/www.milosnicylasu.olsztyn.pl\/index.php?rest_route=\/wp\/v2\/posts\/6867","targetHints":{"allow":["GET"]}}],"collection":[{"href":"https:\/\/www.milosnicylasu.olsztyn.pl\/index.php?rest_route=\/wp\/v2\/posts"}],"about":[{"href":"https:\/\/www.milosnicylasu.olsztyn.pl\/index.php?rest_route=\/wp\/v2\/types\/post"}],"author":[{"embeddable":true,"href":"https:\/\/www.milosnicylasu.olsztyn.pl\/index.php?rest_route=\/wp\/v2\/users\/2"}],"replies":[{"embeddable":true,"href":"https:\/\/www.milosnicylasu.olsztyn.pl\/index.php?rest_route=%2Fwp%2Fv2%2Fcomments&post=6867"}],"version-history":[{"count":1,"href":"https:\/\/www.milosnicylasu.olsztyn.pl\/index.php?rest_route=\/wp\/v2\/posts\/6867\/revisions"}],"predecessor-version":[{"id":6882,"href":"https:\/\/www.milosnicylasu.olsztyn.pl\/index.php?rest_route=\/wp\/v2\/posts\/6867\/revisions\/6882"}],"wp:attachment":[{"href":"https:\/\/www.milosnicylasu.olsztyn.pl\/index.php?rest_route=%2Fwp%2Fv2%2Fmedia&parent=6867"}],"wp:term":[{"taxonomy":"category","embeddable":true,"href":"https:\/\/www.milosnicylasu.olsztyn.pl\/index.php?rest_route=%2Fwp%2Fv2%2Fcategories&post=6867"},{"taxonomy":"post_tag","embeddable":true,"href":"https:\/\/www.milosnicylasu.olsztyn.pl\/index.php?rest_route=%2Fwp%2Fv2%2Ftags&post=6867"}],"curies":[{"name":"wp","href":"https:\/\/api.w.org\/{rel}","templated":true}]}}