{"id":6876,"date":"2022-02-28T08:33:07","date_gmt":"2022-02-28T07:33:07","guid":{"rendered":"https:\/\/www.milosnicylasu.olsztyn.pl\/?p=6876"},"modified":"2022-02-28T15:31:49","modified_gmt":"2022-02-28T14:31:49","slug":"czyzby-to-juz-wiosna-c-d","status":"publish","type":"post","link":"https:\/\/www.milosnicylasu.olsztyn.pl\/?p=6876","title":{"rendered":"Czy\u017cby to ju\u017c wiosna? c.d."},"content":{"rendered":"<p><strong>Wiosna tego roku rozpocznie si\u0119 20 marca i potrwa do 21 czerwca. Jako\u015b tak sobie zakodowa\u0142am, \u017ce wiosna zaczyna si\u0119 21 marca. Co\u015b mi nie pasowa\u0142o i poszuka\u0142am informacji w internecie :<\/strong><\/p>\n<h3><span id=\"Data_pocz\u0105tku_wiosny\" class=\"mw-headline\">&#8222;D<em>ata pocz\u0105tku wiosny<\/em><\/span><\/h3>\n<p><strong><em>Pierwszy dzie\u0144 wiosny obchodzony jest w dniu r\u00f3wnonocy wiosennej, kt\u00f3ry najcz\u0119\u015bciej przypada w dniu 21 marca, dnia poprzedniego lub nast\u0119pnego, w zale\u017cno\u015bci, gdzie jest obserwowany. W XX wieku wiosna w strefie czasowej Polski rozpoczyna\u0142a si\u0119 zwykle 21 marca, za\u015b w miar\u0119 przybli\u017cania si\u0119 ko\u0144ca stulecia coraz cz\u0119\u015bciej 20 marca. W 2011 roku pierwszy dzie\u0144 wiosny przypad\u0142 na 21 marca (godz. 00:21), za\u015b wszystkie kolejne do roku 2043 b\u0119d\u0105 przypada\u0107 wy\u0142\u0105cznie 20 marca, a od 2044 roku \u2013 19 albo 20 marca. Kolejny pocz\u0105tek wiosny w dniu 21 marca nast\u0105pi dopiero w roku 2102<sup id=\"cite_ref-1\" class=\"reference\"><a href=\"https:\/\/pl.wikipedia.org\/wiki\/Wiosna#cite_note-1\">[1]<\/a><\/sup>. Przyczyn\u0105 zjawiska jest r\u00f3\u017cnica czasu trwania roku kalendarzowego i zwrotnikowego, wyr\u00f3wnywana poprzez stosowanie kalendarza gregoria\u0144skiego. Rok 2000 by\u0142 rokiem przest\u0119pnym (w przeciwie\u0144stwie do lat 1700, 1800, 1900) i przez to data r\u00f3wnonocy wiosennej (jak i daty r\u00f3wnonocy jesiennej i przesile\u0144 ) przesun\u0119\u0142y si\u0119 w kierunku pocz\u0105tku roku (efekt &#8222;sp\u00f3\u017aniania si\u0119 kalendarza&#8221;). W roku 2100, w wyniku pomini\u0119cia jednego roku przest\u0119pnego, daty zn\u00f3w przesun\u0105 si\u0119 o 1 dzie\u0144 dalej, &#8222;powracaj\u0105c&#8221; na swoje miejsce.&#8221;<\/em><\/strong><\/p>\n<p><strong>Wynika z tego, \u017ce musimy si\u0119 przyzwyczai\u0107 do daty 20 marca.To jeszcze sporo czasu, ale w rzeczywisto\u015bci wiosna idzie &#8230;.. Poprosili\u015bmy o przysy\u0142anie zdj\u0119\u0107 \u015bwiadcz\u0105cych o wio\u015bnie. I przysz\u0142y pierwsze zdj\u0119cia<a href=\"https:\/\/www.milosnicylasu.olsztyn.pl\/wp-content\/uploads\/2022\/02\/20220226_122433-www.jpg\" data-rel=\"lightbox-image-0\" data-magnific_type=\"image\" data-rl_title=\"\" data-rl_caption=\"\" title=\"\"><img loading=\"lazy\" decoding=\"async\" class=\"size-medium wp-image-6877 alignleft\" src=\"https:\/\/www.milosnicylasu.olsztyn.pl\/wp-content\/uploads\/2022\/02\/20220226_122433-www-300x300.jpg\" alt=\"\" width=\"300\" height=\"300\" srcset=\"https:\/\/www.milosnicylasu.olsztyn.pl\/wp-content\/uploads\/2022\/02\/20220226_122433-www-300x300.jpg 300w, https:\/\/www.milosnicylasu.olsztyn.pl\/wp-content\/uploads\/2022\/02\/20220226_122433-www-150x150.jpg 150w, https:\/\/www.milosnicylasu.olsztyn.pl\/wp-content\/uploads\/2022\/02\/20220226_122433-www-768x768.jpg 768w, https:\/\/www.milosnicylasu.olsztyn.pl\/wp-content\/uploads\/2022\/02\/20220226_122433-www-60x60.jpg 60w, https:\/\/www.milosnicylasu.olsztyn.pl\/wp-content\/uploads\/2022\/02\/20220226_122433-www.jpg 1024w\" sizes=\"auto, (max-width: 300px) 100vw, 300px\" \/><\/a> &#8211; naszej nowej kole\u017canki Tereski i Adama Siemakowicza. Czekamy na nast\u0119pne &#8222;dowody&#8221;&#8230;&#8230;&#8230;&#8230;&#8230;.<\/strong><\/p>\n<p>&nbsp;<\/p>\n<p><a href=\"https:\/\/www.milosnicylasu.olsztyn.pl\/wp-content\/uploads\/2022\/02\/IMG-20220227-WA0003-www.jpg\" data-rel=\"lightbox-image-1\" data-magnific_type=\"image\" data-rl_title=\"\" data-rl_caption=\"\" title=\"\"><img loading=\"lazy\" decoding=\"async\" class=\"size-medium wp-image-6878 alignright\" src=\"https:\/\/www.milosnicylasu.olsztyn.pl\/wp-content\/uploads\/2022\/02\/IMG-20220227-WA0003-www-225x300.jpg\" alt=\"\" width=\"225\" height=\"300\" srcset=\"https:\/\/www.milosnicylasu.olsztyn.pl\/wp-content\/uploads\/2022\/02\/IMG-20220227-WA0003-www-225x300.jpg 225w, https:\/\/www.milosnicylasu.olsztyn.pl\/wp-content\/uploads\/2022\/02\/IMG-20220227-WA0003-www.jpg 768w\" sizes=\"auto, (max-width: 225px) 100vw, 225px\" \/><\/a><\/p>\n<p><a href=\"https:\/\/www.milosnicylasu.olsztyn.pl\/wp-content\/uploads\/2022\/02\/IMG-20220227-WA0002-www.jpg\" data-rel=\"lightbox-image-2\" data-magnific_type=\"image\" data-rl_title=\"\" data-rl_caption=\"\" title=\"\"><img loading=\"lazy\" decoding=\"async\" class=\"size-medium wp-image-6879 aligncenter\" src=\"https:\/\/www.milosnicylasu.olsztyn.pl\/wp-content\/uploads\/2022\/02\/IMG-20220227-WA0002-www-225x300.jpg\" alt=\"\" width=\"225\" height=\"300\" srcset=\"https:\/\/www.milosnicylasu.olsztyn.pl\/wp-content\/uploads\/2022\/02\/IMG-20220227-WA0002-www-225x300.jpg 225w, https:\/\/www.milosnicylasu.olsztyn.pl\/wp-content\/uploads\/2022\/02\/IMG-20220227-WA0002-www.jpg 768w\" sizes=\"auto, (max-width: 225px) 100vw, 225px\" \/><\/a><a href=\"https:\/\/www.milosnicylasu.olsztyn.pl\/wp-content\/uploads\/2022\/02\/DSCN8855-www.jpg\" data-rel=\"lightbox-image-3\" data-magnific_type=\"image\" data-rl_title=\"\" data-rl_caption=\"\" title=\"\"><img loading=\"lazy\" decoding=\"async\" class=\"alignnone size-medium wp-image-6884\" src=\"https:\/\/www.milosnicylasu.olsztyn.pl\/wp-content\/uploads\/2022\/02\/DSCN8855-www-300x225.jpg\" alt=\"\" width=\"300\" height=\"225\" srcset=\"https:\/\/www.milosnicylasu.olsztyn.pl\/wp-content\/uploads\/2022\/02\/DSCN8855-www-300x225.jpg 300w, https:\/\/www.milosnicylasu.olsztyn.pl\/wp-content\/uploads\/2022\/02\/DSCN8855-www-768x576.jpg 768w, https:\/\/www.milosnicylasu.olsztyn.pl\/wp-content\/uploads\/2022\/02\/DSCN8855-www.jpg 1024w\" sizes=\"auto, (max-width: 300px) 100vw, 300px\" \/><\/a><\/p>\n<h2><span id=\"Kultura_symboliczna\" class=\"mw-headline\">\u00a0<\/span><\/h2>\n","protected":false},"excerpt":{"rendered":"<p>Wiosna tego roku rozpocznie si\u0119 20 marca i potrwa do 21 czerwca. Jako\u015b tak sobie zakodowa\u0142am, \u017ce wiosna zaczyna si\u0119 21 marca. Co\u015b mi nie pasowa\u0142o i poszuka\u0142am informacji w internecie : &#8222;Data pocz\u0105tku wiosny Pierwszy dzie\u0144 wiosny obchodzony jest w dniu r\u00f3wnonocy wiosennej, kt\u00f3ry najcz\u0119\u015bciej przypada w dniu 21 marca, dnia poprzedniego lub nast\u0119pnego, [&hellip;]<\/p>\n","protected":false},"author":2,"featured_media":0,"comment_status":"open","ping_status":"open","sticky":false,"template":"","format":"standard","meta":{"footnotes":""},"categories":[1],"tags":[],"class_list":["post-6876","post","type-post","status-publish","format-standard","hentry","category-bez-kategorii"],"_links":{"self":[{"href":"https:\/\/www.milosnicylasu.olsztyn.pl\/index.php?rest_route=\/wp\/v2\/posts\/6876","targetHints":{"allow":["GET"]}}],"collection":[{"href":"https:\/\/www.milosnicylasu.olsztyn.pl\/index.php?rest_route=\/wp\/v2\/posts"}],"about":[{"href":"https:\/\/www.milosnicylasu.olsztyn.pl\/index.php?rest_route=\/wp\/v2\/types\/post"}],"author":[{"embeddable":true,"href":"https:\/\/www.milosnicylasu.olsztyn.pl\/index.php?rest_route=\/wp\/v2\/users\/2"}],"replies":[{"embeddable":true,"href":"https:\/\/www.milosnicylasu.olsztyn.pl\/index.php?rest_route=%2Fwp%2Fv2%2Fcomments&post=6876"}],"version-history":[{"count":4,"href":"https:\/\/www.milosnicylasu.olsztyn.pl\/index.php?rest_route=\/wp\/v2\/posts\/6876\/revisions"}],"predecessor-version":[{"id":6885,"href":"https:\/\/www.milosnicylasu.olsztyn.pl\/index.php?rest_route=\/wp\/v2\/posts\/6876\/revisions\/6885"}],"wp:attachment":[{"href":"https:\/\/www.milosnicylasu.olsztyn.pl\/index.php?rest_route=%2Fwp%2Fv2%2Fmedia&parent=6876"}],"wp:term":[{"taxonomy":"category","embeddable":true,"href":"https:\/\/www.milosnicylasu.olsztyn.pl\/index.php?rest_route=%2Fwp%2Fv2%2Fcategories&post=6876"},{"taxonomy":"post_tag","embeddable":true,"href":"https:\/\/www.milosnicylasu.olsztyn.pl\/index.php?rest_route=%2Fwp%2Fv2%2Ftags&post=6876"}],"curies":[{"name":"wp","href":"https:\/\/api.w.org\/{rel}","templated":true}]}}