{"id":688,"date":"2013-11-11T20:21:08","date_gmt":"2013-11-11T19:21:08","guid":{"rendered":"http:\/\/www.milosnicylasu.olsztyn.pl\/?p=688"},"modified":"2013-11-11T20:37:08","modified_gmt":"2013-11-11T19:37:08","slug":"wyjazdowa-edukacja-przyrodniczo-lesna-w-nadlesnictwie-milomlyn","status":"publish","type":"post","link":"https:\/\/www.milosnicylasu.olsztyn.pl\/?p=688","title":{"rendered":"Wyjazdowa edukacja przyrodniczo-le\u015bna w Nadle\u015bnictwie Mi\u0142om\u0142yn"},"content":{"rendered":"<p><a href=\"http:\/\/www.milosnicylasu.olsztyn.pl\/wp-content\/uploads\/2013\/11\/PB080102-www.jpg\" data-rel=\"lightbox-image-0\" data-magnific_type=\"image\" data-rl_title=\"\" data-rl_caption=\"\" title=\"\"><img loading=\"lazy\" decoding=\"async\" class=\"alignleft size-medium wp-image-689\" alt=\"PB080102-www\" src=\"http:\/\/www.milosnicylasu.olsztyn.pl\/wp-content\/uploads\/2013\/11\/PB080102-www-300x225.jpg\" width=\"300\" height=\"225\" srcset=\"https:\/\/www.milosnicylasu.olsztyn.pl\/wp-content\/uploads\/2013\/11\/PB080102-www-300x225.jpg 300w, https:\/\/www.milosnicylasu.olsztyn.pl\/wp-content\/uploads\/2013\/11\/PB080102-www-400x300.jpg 400w, https:\/\/www.milosnicylasu.olsztyn.pl\/wp-content\/uploads\/2013\/11\/PB080102-www.jpg 1024w\" sizes=\"auto, (max-width: 300px) 100vw, 300px\" \/><\/a><\/p>\n<p>&nbsp;<\/p>\n<p>8 Listopada 2013r. cz\u0142onkowie Ko\u0142a Mi\u0142o\u015bnik\u00f3w Lasu i Militari\u00f3w LOK przy ATW w Olsztynie go\u015bcili\u00a0 w Nadle\u015bnictwie Mi\u0142om\u0142yn. Jak zawsze serdecznie byli\u015bmy przyj\u0119ci przez Pana Wies\u0142awa Stachowicza \u2013 Nadle\u015bniczego oraz jego wsp\u00f3\u0142pracownik\u00f3w.<\/p>\n<p>By\u0142 to nasz czwarty pobyt w Nadle\u015bnictwie.Tym razem zobaczyli\u015bmy wiele historycznych miejsc m.in.<\/p>\n<p>wilczy d\u00f3\u0142 z XVII wieku<a href=\"http:\/\/www.milosnicylasu.olsztyn.pl\/wp-content\/uploads\/2013\/11\/PB080016-www.jpg\" data-rel=\"lightbox-image-1\" data-magnific_type=\"image\" data-rl_title=\"\" data-rl_caption=\"\" title=\"\"><img loading=\"lazy\" decoding=\"async\" class=\"size-medium wp-image-691 alignright\" alt=\"PB080016-www\" src=\"http:\/\/www.milosnicylasu.olsztyn.pl\/wp-content\/uploads\/2013\/11\/PB080016-www-300x225.jpg\" width=\"300\" height=\"225\" srcset=\"https:\/\/www.milosnicylasu.olsztyn.pl\/wp-content\/uploads\/2013\/11\/PB080016-www-300x225.jpg 300w, https:\/\/www.milosnicylasu.olsztyn.pl\/wp-content\/uploads\/2013\/11\/PB080016-www-1024x768.jpg 1024w, https:\/\/www.milosnicylasu.olsztyn.pl\/wp-content\/uploads\/2013\/11\/PB080016-www-400x300.jpg 400w, https:\/\/www.milosnicylasu.olsztyn.pl\/wp-content\/uploads\/2013\/11\/PB080016-www.jpg 1280w\" sizes=\"auto, (max-width: 300px) 100vw, 300px\" \/><\/a><\/p>\n<p>&nbsp;<\/p>\n<p>&nbsp;<\/p>\n<p>&nbsp;<\/p>\n<p>&nbsp;<\/p>\n<p>&nbsp;<\/p>\n<p>d\u0119by posadzone dla upami\u0119tnienia zas\u0142u\u017conych dla Nadle\u015bnictwa le\u015bnik\u00f3w<a href=\"http:\/\/www.milosnicylasu.olsztyn.pl\/wp-content\/uploads\/2013\/11\/PB080006-www.jpg\" data-rel=\"lightbox-image-2\" data-magnific_type=\"image\" data-rl_title=\"\" data-rl_caption=\"\" title=\"\"><img loading=\"lazy\" decoding=\"async\" class=\"size-medium wp-image-690 alignleft\" alt=\"PB080006-www\" src=\"http:\/\/www.milosnicylasu.olsztyn.pl\/wp-content\/uploads\/2013\/11\/PB080006-www-300x225.jpg\" width=\"300\" height=\"225\" srcset=\"https:\/\/www.milosnicylasu.olsztyn.pl\/wp-content\/uploads\/2013\/11\/PB080006-www-300x225.jpg 300w, https:\/\/www.milosnicylasu.olsztyn.pl\/wp-content\/uploads\/2013\/11\/PB080006-www-400x300.jpg 400w, https:\/\/www.milosnicylasu.olsztyn.pl\/wp-content\/uploads\/2013\/11\/PB080006-www.jpg 1024w\" sizes=\"auto, (max-width: 300px) 100vw, 300px\" \/><\/a>,<\/p>\n<p>&nbsp;<\/p>\n<p>&nbsp;<\/p>\n<p>&nbsp;<\/p>\n<p>&nbsp;<\/p>\n<p>&nbsp;<\/p>\n<p>gr\u00f3b nadle\u015bniczego Schulce i jego osiemnastoletniej c\u00f3rki \/XIX wiek\/,<img loading=\"lazy\" decoding=\"async\" class=\"size-medium wp-image-692 alignright\" alt=\"PB080111-www\" src=\"http:\/\/www.milosnicylasu.olsztyn.pl\/wp-content\/uploads\/2013\/11\/PB080111-www-300x225.jpg\" width=\"300\" height=\"225\" srcset=\"https:\/\/www.milosnicylasu.olsztyn.pl\/wp-content\/uploads\/2013\/11\/PB080111-www-300x225.jpg 300w, https:\/\/www.milosnicylasu.olsztyn.pl\/wp-content\/uploads\/2013\/11\/PB080111-www-400x300.jpg 400w, https:\/\/www.milosnicylasu.olsztyn.pl\/wp-content\/uploads\/2013\/11\/PB080111-www.jpg 1024w\" sizes=\"auto, (max-width: 300px) 100vw, 300px\" \/><\/p>\n<p>&nbsp;<\/p>\n<p>&nbsp;<\/p>\n<p>&nbsp;<\/p>\n<p>&nbsp;<\/p>\n<p>kamie\u0144 upami\u0119tniaj\u0105cy dokonania pionier\u00f3w le\u015bnictwa.<a href=\"http:\/\/www.milosnicylasu.olsztyn.pl\/wp-content\/uploads\/2013\/11\/PB080059-www.jpg\" data-rel=\"lightbox-image-3\" data-magnific_type=\"image\" data-rl_title=\"\" data-rl_caption=\"\" title=\"\"><img loading=\"lazy\" decoding=\"async\" class=\"alignleft size-medium wp-image-693\" alt=\"PB080059-www\" src=\"http:\/\/www.milosnicylasu.olsztyn.pl\/wp-content\/uploads\/2013\/11\/PB080059-www-300x225.jpg\" width=\"300\" height=\"225\" srcset=\"https:\/\/www.milosnicylasu.olsztyn.pl\/wp-content\/uploads\/2013\/11\/PB080059-www-300x225.jpg 300w, https:\/\/www.milosnicylasu.olsztyn.pl\/wp-content\/uploads\/2013\/11\/PB080059-www-400x300.jpg 400w, https:\/\/www.milosnicylasu.olsztyn.pl\/wp-content\/uploads\/2013\/11\/PB080059-www.jpg 1024w\" sizes=\"auto, (max-width: 300px) 100vw, 300px\" \/><\/a><\/p>\n<p>&nbsp;<\/p>\n<p>&nbsp;<\/p>\n<p>&nbsp;<\/p>\n<p>&nbsp;<\/p>\n<p>&nbsp;<\/p>\n<p>Przewodnikiem po tych ciekawych miejscach by\u0142 pan Wies\u0142aw Stachowicz. Oprowadza\u0142 nas po lesie i z wielk\u0105 pasj\u0105 pokazywa\u0142 co ciekawsze miejsca.<\/p>\n<p>Druga cz\u0119\u015b\u0107 naszego pobytu w Nadle\u015bnictwie mia\u0142a bardzo uroczysty charakter. Zosta\u0142y wr\u0119czone przyznane przez Zarz\u0105d G\u0142\u00f3wny LOK w Warszawie \u00a0odznaczenia. <a href=\"http:\/\/www.milosnicylasu.olsztyn.pl\/wp-content\/uploads\/2013\/11\/PB080136-www.jpg\" data-rel=\"lightbox-image-4\" data-magnific_type=\"image\" data-rl_title=\"\" data-rl_caption=\"\" title=\"\"><img loading=\"lazy\" decoding=\"async\" class=\"alignleft size-medium wp-image-694\" alt=\"PB080136-www\" src=\"http:\/\/www.milosnicylasu.olsztyn.pl\/wp-content\/uploads\/2013\/11\/PB080136-www-300x225.jpg\" width=\"300\" height=\"225\" srcset=\"https:\/\/www.milosnicylasu.olsztyn.pl\/wp-content\/uploads\/2013\/11\/PB080136-www-300x225.jpg 300w, https:\/\/www.milosnicylasu.olsztyn.pl\/wp-content\/uploads\/2013\/11\/PB080136-www-400x300.jpg 400w, https:\/\/www.milosnicylasu.olsztyn.pl\/wp-content\/uploads\/2013\/11\/PB080136-www.jpg 1024w\" sizes=\"auto, (max-width: 300px) 100vw, 300px\" \/><\/a>Pan Pawe\u0142 Artych Z-ca dyrektora RDLP w Olsztynie otrzyma\u0142 srebrny Medal Za Zas\u0142ugi\u00a0 Dla Ligi Obrony Kraju, a Nadle\u015bniczy \u00a0pan Wies\u0142aw Stachowicz br\u0105zowy. Odznaczenie zbiorowe \u00a0Medal Za Zas\u0142ugi Dla Ligi Obrony Kraju otrzyma\u0142o Nadle\u015bnictwo Mi\u0142om\u0142yn. Z tej okazji gratulujemy Panu Dyrektorowi, Panu Nadle\u015bniczemu i wszystkim le\u015bnikom z Nadle\u015bnictwa Mi\u0142om\u0142yn i jeszcze raz dzi\u0119kujemy za \u00a0opiek\u0119 nad naszym Ko\u0142em.<a href=\"http:\/\/www.milosnicylasu.olsztyn.pl\/wp-content\/uploads\/2013\/11\/PB080154-www.jpg\" data-rel=\"lightbox-image-5\" data-magnific_type=\"image\" data-rl_title=\"\" data-rl_caption=\"\" title=\"\"><img loading=\"lazy\" decoding=\"async\" class=\"alignleft size-medium wp-image-699\" alt=\"PB080154-www\" src=\"http:\/\/www.milosnicylasu.olsztyn.pl\/wp-content\/uploads\/2013\/11\/PB080154-www-300x225.jpg\" width=\"300\" height=\"225\" srcset=\"https:\/\/www.milosnicylasu.olsztyn.pl\/wp-content\/uploads\/2013\/11\/PB080154-www-300x225.jpg 300w, https:\/\/www.milosnicylasu.olsztyn.pl\/wp-content\/uploads\/2013\/11\/PB080154-www-400x300.jpg 400w, https:\/\/www.milosnicylasu.olsztyn.pl\/wp-content\/uploads\/2013\/11\/PB080154-www.jpg 1024w\" sizes=\"auto, (max-width: 300px) 100vw, 300px\" \/><\/a><\/p>\n<p>Na zako\u0144czenie spotkania pocz\u0119stowani byli\u015bmy r\u00f3\u017cnymi pyszno\u015bciami, w tym bardzo dobrym le\u015bnym gulaszem i wspania\u0142\u0105 kie\u0142bask\u0105, kt\u00f3r\u0105 upiekli\u015bmy na ognisku. Mi\u0142ym zaskoczeniem by\u0142y ciekawe ksi\u0105\u017ceczki \u201ePrzewodnik le\u015bny\u201d, kt\u00f3re otrzymali\u015bmy na pami\u0105tk\u0119 spotkania.<\/p>\n<p>Dzi\u0119ki przyjaznej atmosferze w Nadle\u015bnictwie Mi\u0142om\u0142yn \u00a0czuli\u015bmy si\u0119 wspaniale i \u017cal by\u0142o wraca\u0107 do domu. Sk\u0142adamy podzi\u0119kowania na r\u0119ce <strong>Na<\/strong>d<strong>le\u015bniczego Na<\/strong>d<strong>le\u015bnictwa Mi\u0142om\u0142yn Wies\u0142awa<\/strong><strong> <\/strong><strong>Stachowicza i jego wsp\u00f3\u0142pracownik\u00f3w<\/strong> za tak mi\u0142e i serdeczne przyj\u0119cie.<\/p>\n","protected":false},"excerpt":{"rendered":"<p>&nbsp; 8 Listopada 2013r. cz\u0142onkowie Ko\u0142a Mi\u0142o\u015bnik\u00f3w Lasu i Militari\u00f3w LOK przy ATW w Olsztynie go\u015bcili\u00a0 w Nadle\u015bnictwie Mi\u0142om\u0142yn. Jak zawsze serdecznie byli\u015bmy przyj\u0119ci przez Pana Wies\u0142awa Stachowicza \u2013 Nadle\u015bniczego oraz jego wsp\u00f3\u0142pracownik\u00f3w. By\u0142 to nasz czwarty pobyt w Nadle\u015bnictwie.Tym razem zobaczyli\u015bmy wiele historycznych miejsc m.in. wilczy d\u00f3\u0142 z XVII wieku &nbsp; &nbsp; &nbsp; &nbsp; [&hellip;]<\/p>\n","protected":false},"author":1,"featured_media":0,"comment_status":"open","ping_status":"open","sticky":false,"template":"","format":"standard","meta":{"footnotes":""},"categories":[6,5],"tags":[],"class_list":["post-688","post","type-post","status-publish","format-standard","hentry","category-odznaczenia","category-wycieczki"],"_links":{"self":[{"href":"https:\/\/www.milosnicylasu.olsztyn.pl\/index.php?rest_route=\/wp\/v2\/posts\/688","targetHints":{"allow":["GET"]}}],"collection":[{"href":"https:\/\/www.milosnicylasu.olsztyn.pl\/index.php?rest_route=\/wp\/v2\/posts"}],"about":[{"href":"https:\/\/www.milosnicylasu.olsztyn.pl\/index.php?rest_route=\/wp\/v2\/types\/post"}],"author":[{"embeddable":true,"href":"https:\/\/www.milosnicylasu.olsztyn.pl\/index.php?rest_route=\/wp\/v2\/users\/1"}],"replies":[{"embeddable":true,"href":"https:\/\/www.milosnicylasu.olsztyn.pl\/index.php?rest_route=%2Fwp%2Fv2%2Fcomments&post=688"}],"version-history":[{"count":4,"href":"https:\/\/www.milosnicylasu.olsztyn.pl\/index.php?rest_route=\/wp\/v2\/posts\/688\/revisions"}],"predecessor-version":[{"id":701,"href":"https:\/\/www.milosnicylasu.olsztyn.pl\/index.php?rest_route=\/wp\/v2\/posts\/688\/revisions\/701"}],"wp:attachment":[{"href":"https:\/\/www.milosnicylasu.olsztyn.pl\/index.php?rest_route=%2Fwp%2Fv2%2Fmedia&parent=688"}],"wp:term":[{"taxonomy":"category","embeddable":true,"href":"https:\/\/www.milosnicylasu.olsztyn.pl\/index.php?rest_route=%2Fwp%2Fv2%2Fcategories&post=688"},{"taxonomy":"post_tag","embeddable":true,"href":"https:\/\/www.milosnicylasu.olsztyn.pl\/index.php?rest_route=%2Fwp%2Fv2%2Ftags&post=688"}],"curies":[{"name":"wp","href":"https:\/\/api.w.org\/{rel}","templated":true}]}}