{"id":6886,"date":"2022-03-03T14:45:15","date_gmt":"2022-03-03T13:45:15","guid":{"rendered":"https:\/\/www.milosnicylasu.olsztyn.pl\/?p=6886"},"modified":"2022-03-03T15:19:13","modified_gmt":"2022-03-03T14:19:13","slug":"dziekujemy-lesnikom","status":"publish","type":"post","link":"https:\/\/www.milosnicylasu.olsztyn.pl\/?p=6886","title":{"rendered":"Dzi\u0119kujemy le\u015bnikom"},"content":{"rendered":"<p><strong>Prezes Ko\u0142a Mi\u0142o\u015bnik\u00f3w Lasu i Militari\u00f3w Ligi Obrony Kraju przy Akademii Trzeciego Wieku w Olsztynie dzi\u0119kuje olszty\u0144skim le\u015bnikom za wsparcie w dzia\u0142alno\u015bci statutowej ko\u0142a<a href=\"https:\/\/www.milosnicylasu.olsztyn.pl\/wp-content\/uploads\/2022\/03\/20220302_111315-www.jpg\" data-rel=\"lightbox-image-0\" data-magnific_type=\"image\" data-rl_title=\"\" data-rl_caption=\"\" title=\"\"><img loading=\"lazy\" decoding=\"async\" class=\"size-medium wp-image-6888 alignleft\" src=\"https:\/\/www.milosnicylasu.olsztyn.pl\/wp-content\/uploads\/2022\/03\/20220302_111315-www-300x225.jpg\" alt=\"\" width=\"300\" height=\"225\" srcset=\"https:\/\/www.milosnicylasu.olsztyn.pl\/wp-content\/uploads\/2022\/03\/20220302_111315-www-300x225.jpg 300w, https:\/\/www.milosnicylasu.olsztyn.pl\/wp-content\/uploads\/2022\/03\/20220302_111315-www-768x576.jpg 768w, https:\/\/www.milosnicylasu.olsztyn.pl\/wp-content\/uploads\/2022\/03\/20220302_111315-www.jpg 1024w\" sizes=\"auto, (max-width: 300px) 100vw, 300px\" \/><\/a><\/strong><\/p>\n<p>&nbsp;<\/p>\n<p><strong>2 marca bie\u017c\u0105cego roku w siedzibie Regionalnej Dyrekcji Las\u00f3w Pa\u0144stwowych w Olsztynie odby\u0142o si\u0119 uroczyste spotkanie z udzia\u0142em olszty\u0144skich le\u015bnik\u00f3w, na kt\u00f3rym Pan Anatol Leszczy\u0144ski Prezes Ko\u0142a Mi\u0142o\u015bnik\u00f3w Lasu i Militari\u00f3w Ligi Obrony Kraju przy Akademii Trzeciego Wieku w Olsztynie wr\u0119czy\u0142 wyr\u00f3\u017cnienia za dotychczasow\u0105 wsp\u00f3\u0142prac\u0119 i prac\u0119 na rzecz Ko\u0142a. Le\u015bnicy cz\u0119sto dla nas po\u015bwi\u0119caj\u0105 sw\u00f3j wolny czas, pracuj\u0105 po prostu spo\u0142ecznie, a to ju\u017c w obecnych czasach jest coraz wi\u0119ksz\u0105 rzadko\u015bci\u0105, tym bardziej cenn\u0105 \u2013 powiedzia\u0142 prezes.<\/strong><\/p>\n<p>&nbsp;<\/p>\n<p><strong>Wyr\u00f3\u017cnieni zostali:<a href=\"https:\/\/www.milosnicylasu.olsztyn.pl\/wp-content\/uploads\/2022\/03\/20220302_110734-www.jpg\" data-rel=\"lightbox-image-1\" data-magnific_type=\"image\" data-rl_title=\"\" data-rl_caption=\"\" title=\"\"><img loading=\"lazy\" decoding=\"async\" class=\"size-medium wp-image-6887 alignleft\" src=\"https:\/\/www.milosnicylasu.olsztyn.pl\/wp-content\/uploads\/2022\/03\/20220302_110734-www-300x225.jpg\" alt=\"\" width=\"300\" height=\"225\" srcset=\"https:\/\/www.milosnicylasu.olsztyn.pl\/wp-content\/uploads\/2022\/03\/20220302_110734-www-300x225.jpg 300w, https:\/\/www.milosnicylasu.olsztyn.pl\/wp-content\/uploads\/2022\/03\/20220302_110734-www-768x576.jpg 768w, https:\/\/www.milosnicylasu.olsztyn.pl\/wp-content\/uploads\/2022\/03\/20220302_110734-www.jpg 1024w\" sizes=\"auto, (max-width: 300px) 100vw, 300px\" \/><\/a><\/strong><\/p>\n<p><strong>Pucharem \u2013 Dyrekcja Regionalna Las\u00f3w Pa\u0144stwowych w Olsztynie, wr\u0119czono Panu Wojciechowi\u00a0 Matuszakowi Dyrektorowi ds. Gospodarki Le\u015bnej.<\/strong><\/p>\n<p><strong><a href=\"https:\/\/www.milosnicylasu.olsztyn.pl\/wp-content\/uploads\/2022\/03\/20220302_110821-www.jpg\" data-rel=\"lightbox-image-2\" data-magnific_type=\"image\" data-rl_title=\"\" data-rl_caption=\"\" title=\"\"><img loading=\"lazy\" decoding=\"async\" class=\"size-medium wp-image-6889 alignright\" src=\"https:\/\/www.milosnicylasu.olsztyn.pl\/wp-content\/uploads\/2022\/03\/20220302_110821-www-300x225.jpg\" alt=\"\" width=\"300\" height=\"225\" srcset=\"https:\/\/www.milosnicylasu.olsztyn.pl\/wp-content\/uploads\/2022\/03\/20220302_110821-www-300x225.jpg 300w, https:\/\/www.milosnicylasu.olsztyn.pl\/wp-content\/uploads\/2022\/03\/20220302_110821-www-768x576.jpg 768w, https:\/\/www.milosnicylasu.olsztyn.pl\/wp-content\/uploads\/2022\/03\/20220302_110821-www.jpg 1024w\" sizes=\"auto, (max-width: 300px) 100vw, 300px\" \/><\/a>Medalem \u201e Za Zas\u0142ugi dla Ko\u0142a\u201d \u2013 srebrnym Pan Piotr Laska z Nadle\u015bnictwa Strza\u0142owo, z\u0142otym \u2013 Pan Adam Siemakowicz \u00a0z RDLP<\/strong><\/p>\n<p><strong>Liga Obrony Kraju Zarz\u0105d G\u0142\u00f3wny w Warszawie uchwa\u0142\u0105 Nr 4 z dnia 18.12.2921r. nada\u0142o Srebrn\u0105 odznak\u0119 \u201eZas\u0142u\u017cony Dzia\u0142acz LOK\u201d \u00a0Panu Dawidowi\u00a0 Pa\u0144kowskiemu Naczelnikowi Wydzia\u0142u Organizacji i Kadr RDLP w Olsztynie, \u00a0Panu Zbigniewowi \u00a0Sadownikowi Le\u015bniczemu z Nadle\u015bnictwa Strza\u0142owo.<a href=\"https:\/\/www.milosnicylasu.olsztyn.pl\/wp-content\/uploads\/2022\/03\/20220302_110931-www.jpg\" data-rel=\"lightbox-image-3\" data-magnific_type=\"image\" data-rl_title=\"\" data-rl_caption=\"\" title=\"\"><img loading=\"lazy\" decoding=\"async\" class=\"size-medium wp-image-6890 aligncenter\" src=\"https:\/\/www.milosnicylasu.olsztyn.pl\/wp-content\/uploads\/2022\/03\/20220302_110931-www-300x225.jpg\" alt=\"\" width=\"300\" height=\"225\" srcset=\"https:\/\/www.milosnicylasu.olsztyn.pl\/wp-content\/uploads\/2022\/03\/20220302_110931-www-300x225.jpg 300w, https:\/\/www.milosnicylasu.olsztyn.pl\/wp-content\/uploads\/2022\/03\/20220302_110931-www-768x576.jpg 768w, https:\/\/www.milosnicylasu.olsztyn.pl\/wp-content\/uploads\/2022\/03\/20220302_110931-www.jpg 1024w\" sizes=\"auto, (max-width: 300px) 100vw, 300px\" \/><\/a><\/strong><\/p>\n<p>&nbsp;<\/p>\n<p><strong><a href=\"https:\/\/www.milosnicylasu.olsztyn.pl\/wp-content\/uploads\/2022\/03\/20220302_111053-www.jpg\" data-rel=\"lightbox-image-4\" data-magnific_type=\"image\" data-rl_title=\"\" data-rl_caption=\"\" title=\"\"><img loading=\"lazy\" decoding=\"async\" class=\"size-medium wp-image-6895 alignleft\" src=\"https:\/\/www.milosnicylasu.olsztyn.pl\/wp-content\/uploads\/2022\/03\/20220302_111053-www-300x225.jpg\" alt=\"\" width=\"300\" height=\"225\" srcset=\"https:\/\/www.milosnicylasu.olsztyn.pl\/wp-content\/uploads\/2022\/03\/20220302_111053-www-300x225.jpg 300w, https:\/\/www.milosnicylasu.olsztyn.pl\/wp-content\/uploads\/2022\/03\/20220302_111053-www-768x576.jpg 768w, https:\/\/www.milosnicylasu.olsztyn.pl\/wp-content\/uploads\/2022\/03\/20220302_111053-www.jpg 1024w\" sizes=\"auto, (max-width: 300px) 100vw, 300px\" \/><\/a>Rada Krajowa Zarz\u0105du G\u0142\u00f3wnego LOK nada\u0142a Medal zbiorowy \u201eZa Zas\u0142ugi Dla Ligi Obrony Kraju\u201d Nadle\u015bnictwom: Kudypy, Susz, G\u00f3rowo I\u0142aweckie i Le\u015bnictwu Stary Dw\u00f3r.<a href=\"https:\/\/www.milosnicylasu.olsztyn.pl\/wp-content\/uploads\/2022\/03\/20220302_111144-www.jpg\" data-rel=\"lightbox-image-5\" data-magnific_type=\"image\" data-rl_title=\"\" data-rl_caption=\"\" title=\"\"><img loading=\"lazy\" decoding=\"async\" class=\"size-medium wp-image-6891 alignright\" src=\"https:\/\/www.milosnicylasu.olsztyn.pl\/wp-content\/uploads\/2022\/03\/20220302_111144-www-300x225.jpg\" alt=\"\" width=\"300\" height=\"225\" srcset=\"https:\/\/www.milosnicylasu.olsztyn.pl\/wp-content\/uploads\/2022\/03\/20220302_111144-www-300x225.jpg 300w, https:\/\/www.milosnicylasu.olsztyn.pl\/wp-content\/uploads\/2022\/03\/20220302_111144-www-768x576.jpg 768w, https:\/\/www.milosnicylasu.olsztyn.pl\/wp-content\/uploads\/2022\/03\/20220302_111144-www.jpg 1024w\" sizes=\"auto, (max-width: 300px) 100vw, 300px\" \/><\/a><\/strong><\/p>\n<p>&nbsp;<\/p>\n<p><strong>Prezes Zarz\u0105du G\u0142\u00f3wnego LOK wyr\u00f3\u017cni\u0142 br\u0105zowym medalem \u201e Za Zas\u0142ugi Dla Ligi Obrony Kraju\u201d \u2013 Pana Dariusza Szczawi\u0144skiego Nadle\u015bniczego Nadle\u015bnictwa Lidzbark, Pana Zdzis\u0142awa Stoli\u0144skiego emerytowanego Komendanta Stra\u017cy Le\u015bnej z Nadle\u015bnictwa Kudypy. <a href=\"https:\/\/www.milosnicylasu.olsztyn.pl\/wp-content\/uploads\/2022\/03\/20220302_111359-www.jpg\" data-rel=\"lightbox-image-6\" data-magnific_type=\"image\" data-rl_title=\"\" data-rl_caption=\"\" title=\"\"><img loading=\"lazy\" decoding=\"async\" class=\"size-medium wp-image-6892 alignright\" src=\"https:\/\/www.milosnicylasu.olsztyn.pl\/wp-content\/uploads\/2022\/03\/20220302_111359-www-300x225.jpg\" alt=\"\" width=\"300\" height=\"225\" srcset=\"https:\/\/www.milosnicylasu.olsztyn.pl\/wp-content\/uploads\/2022\/03\/20220302_111359-www-300x225.jpg 300w, https:\/\/www.milosnicylasu.olsztyn.pl\/wp-content\/uploads\/2022\/03\/20220302_111359-www-768x576.jpg 768w, https:\/\/www.milosnicylasu.olsztyn.pl\/wp-content\/uploads\/2022\/03\/20220302_111359-www.jpg 1024w\" sizes=\"auto, (max-width: 300px) 100vw, 300px\" \/><\/a><\/strong><\/p>\n<p>&nbsp;<\/p>\n<p>&nbsp;<\/p>\n<p><strong>Za przyznane wyr\u00f3\u017cnienia podzi\u0119kowa\u0142 Zast\u0119pca Dyrektora ds. Gospodarki Le\u015bnej Regionalnej Dyrekcji Las\u00f3w Pa\u0144stwowych w Olsztynie Pan Wojciech Matuszak. podkre\u015blaj\u0105c, \u017ce cieszy go fakt, jak wielu le\u015bnik\u00f3w pracuj\u0105cych w ramach Olszty\u0144skiej Dyrekcji, po\u015bwi\u0119ca sw\u00f3j czas na dzia\u0142alno\u015b\u0107 spo\u0142eczn\u0105 i proekologiczn\u0105. Prezes \u00a0Ko\u0142a \u00a0Anatol Leszczy\u0144ski przy\u0142\u0105czy\u0142 si\u0119 do gratulacji i jeszcze raz podzi\u0119kowa\u0142 za pomoc okazywan\u0105 na rzecz Ko\u0142a.<\/strong><\/p>\n<p><strong>Adam Siemakowicz<\/strong><\/p>\n","protected":false},"excerpt":{"rendered":"<p>Prezes Ko\u0142a Mi\u0142o\u015bnik\u00f3w Lasu i Militari\u00f3w Ligi Obrony Kraju przy Akademii Trzeciego Wieku w Olsztynie dzi\u0119kuje olszty\u0144skim le\u015bnikom za wsparcie w dzia\u0142alno\u015bci statutowej ko\u0142a &nbsp; 2 marca bie\u017c\u0105cego roku w siedzibie Regionalnej Dyrekcji Las\u00f3w Pa\u0144stwowych w Olsztynie odby\u0142o si\u0119 uroczyste spotkanie z udzia\u0142em olszty\u0144skich le\u015bnik\u00f3w, na kt\u00f3rym Pan Anatol Leszczy\u0144ski Prezes Ko\u0142a Mi\u0142o\u015bnik\u00f3w Lasu i [&hellip;]<\/p>\n","protected":false},"author":2,"featured_media":0,"comment_status":"open","ping_status":"open","sticky":false,"template":"","format":"standard","meta":{"footnotes":""},"categories":[1,9,6],"tags":[],"class_list":["post-6886","post","type-post","status-publish","format-standard","hentry","category-bez-kategorii","category-ciekawostki","category-odznaczenia"],"_links":{"self":[{"href":"https:\/\/www.milosnicylasu.olsztyn.pl\/index.php?rest_route=\/wp\/v2\/posts\/6886","targetHints":{"allow":["GET"]}}],"collection":[{"href":"https:\/\/www.milosnicylasu.olsztyn.pl\/index.php?rest_route=\/wp\/v2\/posts"}],"about":[{"href":"https:\/\/www.milosnicylasu.olsztyn.pl\/index.php?rest_route=\/wp\/v2\/types\/post"}],"author":[{"embeddable":true,"href":"https:\/\/www.milosnicylasu.olsztyn.pl\/index.php?rest_route=\/wp\/v2\/users\/2"}],"replies":[{"embeddable":true,"href":"https:\/\/www.milosnicylasu.olsztyn.pl\/index.php?rest_route=%2Fwp%2Fv2%2Fcomments&post=6886"}],"version-history":[{"count":9,"href":"https:\/\/www.milosnicylasu.olsztyn.pl\/index.php?rest_route=\/wp\/v2\/posts\/6886\/revisions"}],"predecessor-version":[{"id":6902,"href":"https:\/\/www.milosnicylasu.olsztyn.pl\/index.php?rest_route=\/wp\/v2\/posts\/6886\/revisions\/6902"}],"wp:attachment":[{"href":"https:\/\/www.milosnicylasu.olsztyn.pl\/index.php?rest_route=%2Fwp%2Fv2%2Fmedia&parent=6886"}],"wp:term":[{"taxonomy":"category","embeddable":true,"href":"https:\/\/www.milosnicylasu.olsztyn.pl\/index.php?rest_route=%2Fwp%2Fv2%2Fcategories&post=6886"},{"taxonomy":"post_tag","embeddable":true,"href":"https:\/\/www.milosnicylasu.olsztyn.pl\/index.php?rest_route=%2Fwp%2Fv2%2Ftags&post=6886"}],"curies":[{"name":"wp","href":"https:\/\/api.w.org\/{rel}","templated":true}]}}