{"id":6925,"date":"2022-03-08T07:45:14","date_gmt":"2022-03-08T06:45:14","guid":{"rendered":"https:\/\/www.milosnicylasu.olsztyn.pl\/?p=6925"},"modified":"2022-03-08T19:38:32","modified_gmt":"2022-03-08T18:38:32","slug":"8-marca","status":"publish","type":"post","link":"https:\/\/www.milosnicylasu.olsztyn.pl\/?p=6925","title":{"rendered":"8 marca"},"content":{"rendered":"<p><a href=\"https:\/\/www.milosnicylasu.olsztyn.pl\/wp-content\/uploads\/2022\/03\/P3050005-www.jpg\" data-rel=\"lightbox-image-0\" data-magnific_type=\"image\" data-rl_title=\"\" data-rl_caption=\"\" title=\"\"><img loading=\"lazy\" decoding=\"async\" class=\"size-medium wp-image-6926 alignleft\" src=\"https:\/\/www.milosnicylasu.olsztyn.pl\/wp-content\/uploads\/2022\/03\/P3050005-www-225x300.jpg\" alt=\"\" width=\"225\" height=\"300\" srcset=\"https:\/\/www.milosnicylasu.olsztyn.pl\/wp-content\/uploads\/2022\/03\/P3050005-www-225x300.jpg 225w, https:\/\/www.milosnicylasu.olsztyn.pl\/wp-content\/uploads\/2022\/03\/P3050005-www.jpg 768w\" sizes=\"auto, (max-width: 225px) 100vw, 225px\" \/><\/a><\/p>\n<p><strong>Z okazji Waszego \u015awi\u0119ta, \u017cycz\u0119 Wam drogie Panie du\u017co zdrowia, aby\u015bcie mia\u0142y wiele powod\u00f3w do u\u015bmiechu oraz troch\u0119 kasy aby spokojnie spe\u0142nia\u0107 swoje wszystkie marzenia.\u00a0<\/strong><\/p>\n<p><strong>W tym dniu otrzymujecie r\u00f3\u017ce, go\u017adziki, frezje, gerbery&#8230;&#8230;.. Ja dzisiaj mam dla Was kwiaty wyj\u0105tkowe. Mam nadziej\u0119, \u017ce z \u0142atwo\u015bci\u0105 je rozpoznacie.<\/strong><\/p>\n<p><strong>prezes Ko\u0142a Tolek Leszczy\u0144ski\u00a0 <\/strong><\/p>\n<p>&nbsp;<\/p>\n<p>&nbsp;<\/p>\n<p>&nbsp;<\/p>\n<p><a href=\"https:\/\/www.milosnicylasu.olsztyn.pl\/wp-content\/uploads\/2022\/03\/P3050002-www.jpg\" data-rel=\"lightbox-image-1\" data-magnific_type=\"image\" data-rl_title=\"\" data-rl_caption=\"\" title=\"\"><img loading=\"lazy\" decoding=\"async\" class=\"size-medium wp-image-6927 alignright\" src=\"https:\/\/www.milosnicylasu.olsztyn.pl\/wp-content\/uploads\/2022\/03\/P3050002-www-300x225.jpg\" alt=\"\" width=\"300\" height=\"225\" srcset=\"https:\/\/www.milosnicylasu.olsztyn.pl\/wp-content\/uploads\/2022\/03\/P3050002-www-300x225.jpg 300w, https:\/\/www.milosnicylasu.olsztyn.pl\/wp-content\/uploads\/2022\/03\/P3050002-www-768x576.jpg 768w, https:\/\/www.milosnicylasu.olsztyn.pl\/wp-content\/uploads\/2022\/03\/P3050002-www.jpg 1024w\" sizes=\"auto, (max-width: 300px) 100vw, 300px\" \/><\/a><\/p>\n<p><strong>I taki ma\u0142y prezent &#8211; kilka rymowanek z internetu<\/strong><\/p>\n<p><em><strong>Ewa<br \/>\n<\/strong><\/em><br \/>\n<strong>Z \u017cebra Adama stworzona<\/strong><br \/>\n<strong>Pi\u0119kna, kusz\u0105ca, mi\u0142a<\/strong><br \/>\n<strong>W w\u0119\u017ca splotach tulona<\/strong><br \/>\n<strong>Raj dla mi\u0142o\u015bci rzuci\u0142a<\/strong><\/p>\n<p><strong>Tylko w nago\u015b\u0107 ubrana<\/strong><br \/>\n<strong>Przemyka si\u0119 przez wieki<\/strong><br \/>\n<strong>S\u0105czy grzech jak szampana<\/strong><br \/>\n<strong>Filuternie przymyka powieki<\/strong><\/p>\n<p><strong>Zmienia twarze, imiona <\/strong><br \/>\n<strong>Dnie zamienia na noce<\/strong><br \/>\n<strong>W m\u0119skie wpadaj\u0105c ramiona <\/strong><br \/>\n<strong>Rajskie rozdaje owoce<\/strong><\/p>\n<p><strong>Jest dla malarza palet\u0105<\/strong><br \/>\n<strong>I wen\u0105 jest dla poety<\/strong><br \/>\n<strong>Mi\u0142o\u015bci\u0105 jest i podniet\u0105<\/strong><br \/>\n<strong>C\u00f3\u017c wart by\u0142by \u015bwiat bez kobiety<\/strong><\/p>\n<p><strong>&#8211; Autor: \u00a0Ryszard<\/strong><\/p>\n<p>__________________________________<\/p>\n<p><strong>Przysz\u0142a sp\u00f3\u017aniona<br \/>\n<\/strong><br \/>\n<strong>Jak gdyby nigdy nic stan\u0119\u0142a w drzwiach,<\/strong><br \/>\n<strong>Otworzy\u0142a szeroko ramiona.<\/strong><br \/>\n<strong>Chwyci\u0142a za serce, zaszkli\u0142a wzrok<\/strong><br \/>\n<strong>Zburzy\u0142a zmys\u0142y, rozbudzi\u0142a wyobra\u017ani\u0119.<\/strong><br \/>\n<strong>Wr\u00f3ci\u0142a u\u015bmiech, wyg\u0142adzi\u0142a zmarszczki<\/strong><br \/>\n<strong>Doda\u0142a otuchy, nakarmi\u0142a nadziej\u0105 <\/strong><br \/>\n<strong>Rozsta\u0142a si\u0119 z rozs\u0105dkiem. <\/strong><br \/>\n<strong>Z niedowierzaniem spyta\u0142a czy to nie pomy\u0142ka?<\/strong><br \/>\n<strong>Nie, nie pora na mi\u0142o\u015b\u0107, to chyba jej si\u0119 \u015bni.<\/strong><br \/>\n<strong>Chyba nie mo\u017ce sobie zaufa\u0107,<\/strong><br \/>\n<strong>Na zimne powinna dmucha\u0107, jednak po co<\/strong><br \/>\n<strong>Zwyczajnie ju\u017c jej si\u0119 nie chce.<\/strong><br \/>\n<strong>To co, \u017ce p\u00f3\u017ano \u2013 przecie\u017c lepiej p\u00f3\u017ano ni\u017c wcale<\/strong><br \/>\n<strong>Do\u015bwiadcza tego co dnia, czuje si\u0119 z tym wspaniale.<\/strong><br \/>\n<strong>Czas nie jest przyjacielem kobiety, <\/strong><br \/>\n<strong>Gdy dopada j\u0105 mi\u0142o\u015b\u0107 to niewa\u017cne ile ma lat\u2026 <\/strong><br \/>\n<strong>Kocha i wie, \u017ce \u017cyje\u2026 KOCHA i wie\u2026<\/strong><\/p>\n<p>___________________________________<\/p>\n<p><strong>l<em>ubi\u0119 i kocham<\/em><br \/>\n<\/strong><br \/>\n<strong>czas mi p\u0142ynie leniwie<\/strong><br \/>\n<strong>i s\u0142odko<\/strong><br \/>\n<strong>nie warto by\u0142o prze\u017cywa\u0107 tak<\/strong><br \/>\n<strong>rozpacza\u0107<\/strong><br \/>\n<strong>kobieto, puchu marny <\/strong><br \/>\n<strong>powiem wprost<\/strong><br \/>\n<strong>idiotko!<\/strong><\/p>\n<p><strong>powieki ju\u017c nie na miar\u0119<\/strong><br \/>\n<strong>uszyte <\/strong><br \/>\n<strong>i zmarszczek jakby ciut wi\u0119cej<\/strong><br \/>\n<strong>a, co tam!<\/strong><br \/>\n<strong>podobam si\u0119 sobie<\/strong><br \/>\n<strong>ci z Marsa wci\u0105\u017c widz\u0105 we mnie<\/strong><br \/>\n<strong>kobit\u0119<\/strong><\/p>\n<p><strong>ksi\u0105\u017cka, wiersz lub film<\/strong><br \/>\n<strong>mnie wzruszy<\/strong><br \/>\n<strong>co\u015b czasem napisz\u0119<\/strong><br \/>\n<strong>Chopina pos\u0142ucham <\/strong><br \/>\n<strong>lubi\u0119 t\u0119 cisz\u0119 <\/strong><br \/>\n<strong>kocham to moje nowe<\/strong><br \/>\n<strong>spokojne<\/strong><\/p>\n<p><strong>chc\u0119<\/strong><\/p>\n<p><strong>ju\u017c nic nie musz\u0119&#8230;<\/strong><\/p>\n<p><em><strong>Autor: suzimaja<\/strong><\/em><\/p>\n<p>&nbsp;<\/p>\n","protected":false},"excerpt":{"rendered":"<p>Z okazji Waszego \u015awi\u0119ta, \u017cycz\u0119 Wam drogie Panie du\u017co zdrowia, aby\u015bcie mia\u0142y wiele powod\u00f3w do u\u015bmiechu oraz troch\u0119 kasy aby spokojnie spe\u0142nia\u0107 swoje wszystkie marzenia.\u00a0 W tym dniu otrzymujecie r\u00f3\u017ce, go\u017adziki, frezje, gerbery&#8230;&#8230;.. Ja dzisiaj mam dla Was kwiaty wyj\u0105tkowe. Mam nadziej\u0119, \u017ce z \u0142atwo\u015bci\u0105 je rozpoznacie. prezes Ko\u0142a Tolek Leszczy\u0144ski\u00a0 &nbsp; &nbsp; &nbsp; I [&hellip;]<\/p>\n","protected":false},"author":2,"featured_media":0,"comment_status":"open","ping_status":"open","sticky":false,"template":"","format":"standard","meta":{"footnotes":""},"categories":[1,9,17,7],"tags":[],"class_list":["post-6925","post","type-post","status-publish","format-standard","hentry","category-bez-kategorii","category-ciekawostki","category-edukacja-w-terenie","category-wiersze"],"_links":{"self":[{"href":"https:\/\/www.milosnicylasu.olsztyn.pl\/index.php?rest_route=\/wp\/v2\/posts\/6925","targetHints":{"allow":["GET"]}}],"collection":[{"href":"https:\/\/www.milosnicylasu.olsztyn.pl\/index.php?rest_route=\/wp\/v2\/posts"}],"about":[{"href":"https:\/\/www.milosnicylasu.olsztyn.pl\/index.php?rest_route=\/wp\/v2\/types\/post"}],"author":[{"embeddable":true,"href":"https:\/\/www.milosnicylasu.olsztyn.pl\/index.php?rest_route=\/wp\/v2\/users\/2"}],"replies":[{"embeddable":true,"href":"https:\/\/www.milosnicylasu.olsztyn.pl\/index.php?rest_route=%2Fwp%2Fv2%2Fcomments&post=6925"}],"version-history":[{"count":2,"href":"https:\/\/www.milosnicylasu.olsztyn.pl\/index.php?rest_route=\/wp\/v2\/posts\/6925\/revisions"}],"predecessor-version":[{"id":6929,"href":"https:\/\/www.milosnicylasu.olsztyn.pl\/index.php?rest_route=\/wp\/v2\/posts\/6925\/revisions\/6929"}],"wp:attachment":[{"href":"https:\/\/www.milosnicylasu.olsztyn.pl\/index.php?rest_route=%2Fwp%2Fv2%2Fmedia&parent=6925"}],"wp:term":[{"taxonomy":"category","embeddable":true,"href":"https:\/\/www.milosnicylasu.olsztyn.pl\/index.php?rest_route=%2Fwp%2Fv2%2Fcategories&post=6925"},{"taxonomy":"post_tag","embeddable":true,"href":"https:\/\/www.milosnicylasu.olsztyn.pl\/index.php?rest_route=%2Fwp%2Fv2%2Ftags&post=6925"}],"curies":[{"name":"wp","href":"https:\/\/api.w.org\/{rel}","templated":true}]}}