{"id":6933,"date":"2022-03-13T20:24:11","date_gmt":"2022-03-13T19:24:11","guid":{"rendered":"https:\/\/www.milosnicylasu.olsztyn.pl\/?p=6933"},"modified":"2022-03-13T20:51:03","modified_gmt":"2022-03-13T19:51:03","slug":"sobotni-rajd-12-marca","status":"publish","type":"post","link":"https:\/\/www.milosnicylasu.olsztyn.pl\/?p=6933","title":{"rendered":"Sobotni rajd -12 marca"},"content":{"rendered":"<p><a href=\"https:\/\/www.milosnicylasu.olsztyn.pl\/wp-content\/uploads\/2022\/03\/DSCN8886-www.jpg\" data-rel=\"lightbox-image-0\" data-magnific_type=\"image\" data-rl_title=\"\" data-rl_caption=\"\" title=\"\"><img loading=\"lazy\" decoding=\"async\" class=\"size-medium wp-image-6934 alignleft\" src=\"https:\/\/www.milosnicylasu.olsztyn.pl\/wp-content\/uploads\/2022\/03\/DSCN8886-www-300x225.jpg\" alt=\"\" width=\"300\" height=\"225\" srcset=\"https:\/\/www.milosnicylasu.olsztyn.pl\/wp-content\/uploads\/2022\/03\/DSCN8886-www-300x225.jpg 300w, https:\/\/www.milosnicylasu.olsztyn.pl\/wp-content\/uploads\/2022\/03\/DSCN8886-www-768x576.jpg 768w, https:\/\/www.milosnicylasu.olsztyn.pl\/wp-content\/uploads\/2022\/03\/DSCN8886-www.jpg 1024w\" sizes=\"auto, (max-width: 300px) 100vw, 300px\" \/><\/a><strong>Nareszcie s\u0142o\u0144ce i coraz cieplej. W nocy jeszcze minusowe temperatury&#8230;&#8230;.. ale w dzie\u0144 s\u0142oneczko wysoko, ptaszki \u015bpiewaj\u0105, przylaszczki nie\u015bmia\u0142o wychylaj\u0105 si\u0119 jakby sprawdzaj\u0105c czy na \u015bwiecie ju\u017c wiosna&#8230;&#8230;.Jest fajnie! \u015awiat si\u0119 zmienia z dnia na dzie\u0144. A jakie zmiany obserwujemy w ci\u0105gu ca\u0142ego tygodnia? \u017beby to dostrzec trzeba w\u0119drowa\u0107 z nami. Zapraszamy cz\u0142onk\u00f3w i sympatyk\u00f3w Ko\u0142a Mi\u0142o\u015bnik\u00f3w Lasu i Militari\u00f3w do le\u015bnych spacer\u00f3w w ka\u017cd\u0105 sobot\u0119. Zbi\u00f3rka o godz. 10.00 na p\u0119tli autobus\u00f3w \/Stary Dw\u00f3r\/ w Kortowie. Cieszmy si\u0119, \u017ce z soboty na sobot\u0119 ch\u0119tnych do kontaktu z przyrod\u0105 jest coraz wi\u0119cej os\u00f3b. Spacerujemy po uroczym Le\u015bnictwie Stary Dw\u00f3r za\u017cywaj\u0105c &#8222;k\u0105pieli le\u015bnych&#8221;, podziwiaj\u0105c las, rozlewiska, odpoczywaj\u0105c przy ognisku. Czasem mo\u017cemy popisa\u0107 si\u0119 wiedz\u0105c, bior\u0105c udzia\u0142 w konkursach. Tym razem\u00a0 pytania dotycz\u0105ce Mi\u0119dzynarodowego Dnia Kobiet przygotowa\u0142 prezes Ko\u0142a Anatol Leszczy\u0144ski<\/strong><\/p>\n<p><strong>No i w\u0142a\u015bnie, \u017ce to takie wa\u017cne \u015bwi\u0119to i to, \u017ce to pocz\u0105tek pracy Ko\u0142a, po przerwie &#8211; to wszyscy uczestnicy konkursu otrzymali nagrody!<\/strong><\/p>\n<p><strong><a href=\"https:\/\/www.milosnicylasu.olsztyn.pl\/wp-content\/uploads\/2022\/03\/DSCN8887-www.jpg\" data-rel=\"lightbox-image-1\" data-magnific_type=\"image\" data-rl_title=\"\" data-rl_caption=\"\" title=\"\"><img loading=\"lazy\" decoding=\"async\" class=\"size-medium wp-image-6935 alignleft\" src=\"https:\/\/www.milosnicylasu.olsztyn.pl\/wp-content\/uploads\/2022\/03\/DSCN8887-www-300x225.jpg\" alt=\"\" width=\"300\" height=\"225\" srcset=\"https:\/\/www.milosnicylasu.olsztyn.pl\/wp-content\/uploads\/2022\/03\/DSCN8887-www-300x225.jpg 300w, https:\/\/www.milosnicylasu.olsztyn.pl\/wp-content\/uploads\/2022\/03\/DSCN8887-www-768x576.jpg 768w, https:\/\/www.milosnicylasu.olsztyn.pl\/wp-content\/uploads\/2022\/03\/DSCN8887-www.jpg 1024w\" sizes=\"auto, (max-width: 300px) 100vw, 300px\" \/><\/a><\/strong><a href=\"https:\/\/www.milosnicylasu.olsztyn.pl\/wp-content\/uploads\/2022\/03\/DSCN8882-www.jpg\" data-rel=\"lightbox-image-2\" data-magnific_type=\"image\" data-rl_title=\"\" data-rl_caption=\"\" title=\"\"><img loading=\"lazy\" decoding=\"async\" class=\"size-medium wp-image-6936 alignright\" src=\"https:\/\/www.milosnicylasu.olsztyn.pl\/wp-content\/uploads\/2022\/03\/DSCN8882-www-300x225.jpg\" alt=\"\" width=\"300\" height=\"225\" srcset=\"https:\/\/www.milosnicylasu.olsztyn.pl\/wp-content\/uploads\/2022\/03\/DSCN8882-www-300x225.jpg 300w, https:\/\/www.milosnicylasu.olsztyn.pl\/wp-content\/uploads\/2022\/03\/DSCN8882-www-768x576.jpg 768w, https:\/\/www.milosnicylasu.olsztyn.pl\/wp-content\/uploads\/2022\/03\/DSCN8882-www.jpg 1024w\" sizes=\"auto, (max-width: 300px) 100vw, 300px\" \/><\/a><\/p>\n<p>&nbsp;<\/p>\n","protected":false},"excerpt":{"rendered":"<p>Nareszcie s\u0142o\u0144ce i coraz cieplej. W nocy jeszcze minusowe temperatury&#8230;&#8230;.. ale w dzie\u0144 s\u0142oneczko wysoko, ptaszki \u015bpiewaj\u0105, przylaszczki nie\u015bmia\u0142o wychylaj\u0105 si\u0119 jakby sprawdzaj\u0105c czy na \u015bwiecie ju\u017c wiosna&#8230;&#8230;.Jest fajnie! \u015awiat si\u0119 zmienia z dnia na dzie\u0144. A jakie zmiany obserwujemy w ci\u0105gu ca\u0142ego tygodnia? \u017beby to dostrzec trzeba w\u0119drowa\u0107 z nami. Zapraszamy cz\u0142onk\u00f3w i sympatyk\u00f3w [&hellip;]<\/p>\n","protected":false},"author":2,"featured_media":0,"comment_status":"open","ping_status":"open","sticky":false,"template":"","format":"standard","meta":{"footnotes":""},"categories":[1,9,17,15],"tags":[],"class_list":["post-6933","post","type-post","status-publish","format-standard","hentry","category-bez-kategorii","category-ciekawostki","category-edukacja-w-terenie","category-komkurs"],"_links":{"self":[{"href":"https:\/\/www.milosnicylasu.olsztyn.pl\/index.php?rest_route=\/wp\/v2\/posts\/6933","targetHints":{"allow":["GET"]}}],"collection":[{"href":"https:\/\/www.milosnicylasu.olsztyn.pl\/index.php?rest_route=\/wp\/v2\/posts"}],"about":[{"href":"https:\/\/www.milosnicylasu.olsztyn.pl\/index.php?rest_route=\/wp\/v2\/types\/post"}],"author":[{"embeddable":true,"href":"https:\/\/www.milosnicylasu.olsztyn.pl\/index.php?rest_route=\/wp\/v2\/users\/2"}],"replies":[{"embeddable":true,"href":"https:\/\/www.milosnicylasu.olsztyn.pl\/index.php?rest_route=%2Fwp%2Fv2%2Fcomments&post=6933"}],"version-history":[{"count":7,"href":"https:\/\/www.milosnicylasu.olsztyn.pl\/index.php?rest_route=\/wp\/v2\/posts\/6933\/revisions"}],"predecessor-version":[{"id":6944,"href":"https:\/\/www.milosnicylasu.olsztyn.pl\/index.php?rest_route=\/wp\/v2\/posts\/6933\/revisions\/6944"}],"wp:attachment":[{"href":"https:\/\/www.milosnicylasu.olsztyn.pl\/index.php?rest_route=%2Fwp%2Fv2%2Fmedia&parent=6933"}],"wp:term":[{"taxonomy":"category","embeddable":true,"href":"https:\/\/www.milosnicylasu.olsztyn.pl\/index.php?rest_route=%2Fwp%2Fv2%2Fcategories&post=6933"},{"taxonomy":"post_tag","embeddable":true,"href":"https:\/\/www.milosnicylasu.olsztyn.pl\/index.php?rest_route=%2Fwp%2Fv2%2Ftags&post=6933"}],"curies":[{"name":"wp","href":"https:\/\/api.w.org\/{rel}","templated":true}]}}