{"id":6945,"date":"2022-03-14T07:29:26","date_gmt":"2022-03-14T06:29:26","guid":{"rendered":"https:\/\/www.milosnicylasu.olsztyn.pl\/?p=6945"},"modified":"2022-03-14T07:42:12","modified_gmt":"2022-03-14T06:42:12","slug":"czy-wiosna-jest-niebieska","status":"publish","type":"post","link":"https:\/\/www.milosnicylasu.olsztyn.pl\/?p=6945","title":{"rendered":"Czy wiosna jest niebieska?"},"content":{"rendered":"<p>Adam Siemakowicz przys\u0142a\u0142 zdj\u0119cia w ramach akcji &#8222;oznaki wiosny&#8221;. Nie umia\u0142am wybra\u0107, wi\u0119c za\u0142\u0105czam<a href=\"https:\/\/www.milosnicylasu.olsztyn.pl\/wp-content\/uploads\/2022\/03\/IMG_20220313_155836-www.jpg\" data-rel=\"lightbox-image-0\" data-magnific_type=\"image\" data-rl_title=\"\" data-rl_caption=\"\" title=\"\"><img loading=\"lazy\" decoding=\"async\" class=\"size-medium wp-image-6948 alignright\" src=\"https:\/\/www.milosnicylasu.olsztyn.pl\/wp-content\/uploads\/2022\/03\/IMG_20220313_155836-www-300x225.jpg\" alt=\"\" width=\"300\" height=\"225\" srcset=\"https:\/\/www.milosnicylasu.olsztyn.pl\/wp-content\/uploads\/2022\/03\/IMG_20220313_155836-www-300x225.jpg 300w, https:\/\/www.milosnicylasu.olsztyn.pl\/wp-content\/uploads\/2022\/03\/IMG_20220313_155836-www-768x576.jpg 768w, https:\/\/www.milosnicylasu.olsztyn.pl\/wp-content\/uploads\/2022\/03\/IMG_20220313_155836-www.jpg 1024w\" sizes=\"auto, (max-width: 300px) 100vw, 300px\" \/><\/a> wszystkie cztery zdj\u0119cia&#8230;&#8230;.<a href=\"https:\/\/www.milosnicylasu.olsztyn.pl\/wp-content\/uploads\/2022\/03\/IMG_20220313_161148-www.jpg\" data-rel=\"lightbox-image-1\" data-magnific_type=\"image\" data-rl_title=\"\" data-rl_caption=\"\" title=\"\"><img loading=\"lazy\" decoding=\"async\" class=\"size-medium wp-image-6947 alignleft\" src=\"https:\/\/www.milosnicylasu.olsztyn.pl\/wp-content\/uploads\/2022\/03\/IMG_20220313_161148-www-300x225.jpg\" alt=\"\" width=\"300\" height=\"225\" srcset=\"https:\/\/www.milosnicylasu.olsztyn.pl\/wp-content\/uploads\/2022\/03\/IMG_20220313_161148-www-300x225.jpg 300w, https:\/\/www.milosnicylasu.olsztyn.pl\/wp-content\/uploads\/2022\/03\/IMG_20220313_161148-www-768x576.jpg 768w, https:\/\/www.milosnicylasu.olsztyn.pl\/wp-content\/uploads\/2022\/03\/IMG_20220313_161148-www.jpg 1024w\" sizes=\"auto, (max-width: 300px) 100vw, 300px\" \/><\/a>..<\/p>\n<p>&nbsp;<\/p>\n<p>..Zrobi\u0142o si\u0119 niebiesko, czy fioletowo ? Jaki to kolor ? A mo\u017ce przylaszczka jest niebieskofioletowa?<\/p>\n<p>Oczywi\u015bcie pytanie dotyczy kwiatk\u00f3w na zdj\u0119ciach, bo bywaj\u0105 te\u017c r\u00f3\u017cowe i bardzo rzadko bia\u0142e. Czekamy na zdj\u0119cia&#8230;&#8230;&#8230;&#8230;&#8230;&#8230;&#8230;<\/p>\n<p><a href=\"https:\/\/www.milosnicylasu.olsztyn.pl\/wp-content\/uploads\/2022\/03\/IMG_20220313_161203-www.jpg\" data-rel=\"lightbox-image-2\" data-magnific_type=\"image\" data-rl_title=\"\" data-rl_caption=\"\" title=\"\"><img loading=\"lazy\" decoding=\"async\" class=\"size-medium wp-image-6938 alignleft\" src=\"https:\/\/www.milosnicylasu.olsztyn.pl\/wp-content\/uploads\/2022\/03\/IMG_20220313_161203-www-300x225.jpg\" alt=\"\" width=\"300\" height=\"225\" srcset=\"https:\/\/www.milosnicylasu.olsztyn.pl\/wp-content\/uploads\/2022\/03\/IMG_20220313_161203-www-300x225.jpg 300w, https:\/\/www.milosnicylasu.olsztyn.pl\/wp-content\/uploads\/2022\/03\/IMG_20220313_161203-www-768x576.jpg 768w, https:\/\/www.milosnicylasu.olsztyn.pl\/wp-content\/uploads\/2022\/03\/IMG_20220313_161203-www.jpg 1024w\" sizes=\"auto, (max-width: 300px) 100vw, 300px\" \/><\/a><\/p>\n<p>&nbsp;<\/p>\n<p>&nbsp;<\/p>\n<p><a href=\"https:\/\/www.milosnicylasu.olsztyn.pl\/wp-content\/uploads\/2022\/03\/IMG_20220313_155817-www.jpg\" data-rel=\"lightbox-image-3\" data-magnific_type=\"image\" data-rl_title=\"\" data-rl_caption=\"\" title=\"\"><img loading=\"lazy\" decoding=\"async\" class=\"size-medium wp-image-6946 alignleft\" src=\"https:\/\/www.milosnicylasu.olsztyn.pl\/wp-content\/uploads\/2022\/03\/IMG_20220313_155817-www-300x225.jpg\" alt=\"\" width=\"300\" height=\"225\" srcset=\"https:\/\/www.milosnicylasu.olsztyn.pl\/wp-content\/uploads\/2022\/03\/IMG_20220313_155817-www-300x225.jpg 300w, https:\/\/www.milosnicylasu.olsztyn.pl\/wp-content\/uploads\/2022\/03\/IMG_20220313_155817-www-768x576.jpg 768w, https:\/\/www.milosnicylasu.olsztyn.pl\/wp-content\/uploads\/2022\/03\/IMG_20220313_155817-www.jpg 1024w\" sizes=\"auto, (max-width: 300px) 100vw, 300px\" \/><\/a><\/p>\n","protected":false},"excerpt":{"rendered":"<p>Adam Siemakowicz przys\u0142a\u0142 zdj\u0119cia w ramach akcji &#8222;oznaki wiosny&#8221;. Nie umia\u0142am wybra\u0107, wi\u0119c za\u0142\u0105czam wszystkie cztery zdj\u0119cia&#8230;&#8230;&#8230; &nbsp; ..Zrobi\u0142o si\u0119 niebiesko, czy fioletowo ? Jaki to kolor ? A mo\u017ce przylaszczka jest niebieskofioletowa? Oczywi\u015bcie pytanie dotyczy kwiatk\u00f3w na zdj\u0119ciach, bo bywaj\u0105 te\u017c r\u00f3\u017cowe i bardzo rzadko bia\u0142e. Czekamy na zdj\u0119cia&#8230;&#8230;&#8230;&#8230;&#8230;&#8230;&#8230; &nbsp; &nbsp;<\/p>\n","protected":false},"author":2,"featured_media":0,"comment_status":"open","ping_status":"open","sticky":false,"template":"","format":"standard","meta":{"footnotes":""},"categories":[1,17],"tags":[],"class_list":["post-6945","post","type-post","status-publish","format-standard","hentry","category-bez-kategorii","category-edukacja-w-terenie"],"_links":{"self":[{"href":"https:\/\/www.milosnicylasu.olsztyn.pl\/index.php?rest_route=\/wp\/v2\/posts\/6945","targetHints":{"allow":["GET"]}}],"collection":[{"href":"https:\/\/www.milosnicylasu.olsztyn.pl\/index.php?rest_route=\/wp\/v2\/posts"}],"about":[{"href":"https:\/\/www.milosnicylasu.olsztyn.pl\/index.php?rest_route=\/wp\/v2\/types\/post"}],"author":[{"embeddable":true,"href":"https:\/\/www.milosnicylasu.olsztyn.pl\/index.php?rest_route=\/wp\/v2\/users\/2"}],"replies":[{"embeddable":true,"href":"https:\/\/www.milosnicylasu.olsztyn.pl\/index.php?rest_route=%2Fwp%2Fv2%2Fcomments&post=6945"}],"version-history":[{"count":6,"href":"https:\/\/www.milosnicylasu.olsztyn.pl\/index.php?rest_route=\/wp\/v2\/posts\/6945\/revisions"}],"predecessor-version":[{"id":6954,"href":"https:\/\/www.milosnicylasu.olsztyn.pl\/index.php?rest_route=\/wp\/v2\/posts\/6945\/revisions\/6954"}],"wp:attachment":[{"href":"https:\/\/www.milosnicylasu.olsztyn.pl\/index.php?rest_route=%2Fwp%2Fv2%2Fmedia&parent=6945"}],"wp:term":[{"taxonomy":"category","embeddable":true,"href":"https:\/\/www.milosnicylasu.olsztyn.pl\/index.php?rest_route=%2Fwp%2Fv2%2Fcategories&post=6945"},{"taxonomy":"post_tag","embeddable":true,"href":"https:\/\/www.milosnicylasu.olsztyn.pl\/index.php?rest_route=%2Fwp%2Fv2%2Ftags&post=6945"}],"curies":[{"name":"wp","href":"https:\/\/api.w.org\/{rel}","templated":true}]}}