{"id":6956,"date":"2022-03-21T08:53:46","date_gmt":"2022-03-21T07:53:46","guid":{"rendered":"https:\/\/www.milosnicylasu.olsztyn.pl\/?p=6956"},"modified":"2022-03-23T18:22:13","modified_gmt":"2022-03-23T17:22:13","slug":"wiosenne-sprzatanie-lasu-3","status":"publish","type":"post","link":"https:\/\/www.milosnicylasu.olsztyn.pl\/?p=6956","title":{"rendered":"Mi\u0119dzynarodowy Dzie\u0144 Las\u00f3w &#8211; wiosenne sprz\u0105tanie lasu"},"content":{"rendered":"<p><a href=\"https:\/\/www.milosnicylasu.olsztyn.pl\/wp-content\/uploads\/2022\/03\/DSCN8908.jpg\" data-rel=\"lightbox-image-0\" data-magnific_type=\"image\" data-rl_title=\"\" data-rl_caption=\"\" title=\"\"><img loading=\"lazy\" decoding=\"async\" class=\"size-medium wp-image-6959 alignleft\" src=\"https:\/\/www.milosnicylasu.olsztyn.pl\/wp-content\/uploads\/2022\/03\/DSCN8908-300x225.jpg\" alt=\"\" width=\"300\" height=\"225\" srcset=\"https:\/\/www.milosnicylasu.olsztyn.pl\/wp-content\/uploads\/2022\/03\/DSCN8908-300x225.jpg 300w, https:\/\/www.milosnicylasu.olsztyn.pl\/wp-content\/uploads\/2022\/03\/DSCN8908-768x576.jpg 768w, https:\/\/www.milosnicylasu.olsztyn.pl\/wp-content\/uploads\/2022\/03\/DSCN8908.jpg 1024w\" sizes=\"auto, (max-width: 300px) 100vw, 300px\" \/><\/a><\/p>\n<p class=\"description\"><strong>21 marca obchodzimy Mi\u0119dzynarodowy Dzie\u0144 Las\u00f3w, ustanowiony przez ONZ. Has\u0142o Mi\u0119dzynarodowy Dzie\u0144 Las\u00f3w ma na celu promowanie wiedzy na temat las\u00f3w i drzew, ich znaczenia dla nas i naszej planety oraz sposob\u00f3w na ich ochron\u0119. Ka\u017cdego roku organizatorzy zach\u0119caj\u0105 kraje do podejmowania dzia\u0142a\u0144 takich jak: sadzenie drzew, organizowanie konkurs\u00f3w, wystaw oraz innych inicjatyw z tym zwi\u0105zanych na poziomie lokalnym, krajowym oraz mi\u0119dzynarodowym. <\/strong><\/p>\n<p class=\"description\"><strong>Cz\u0142onkowie Ko\u0142a Mi\u0142o\u015bnik\u00f3w Lasu i Militari\u00f3w LOK przy ATW w Olsztynie obchodzili to \u015bwi\u0119to dwa dni wcze\u015bniej\u00a0 19 marca 2022 roku. W czasie sobotniego rajdu po lasach Le\u015bnictwa Stary Dw\u00f3r w Nadle\u015bnictwa Kudypy sprz\u0105tali\u015bmy las. Robimy to od wielu lat, nie tylko ze wzgl\u0119du na \u015bwi\u0119to, zawsze wiosn\u0105 zbieramy \u015bmieci.<br \/>\n<\/strong><\/p>\n<p><strong>\u00a0W tym roku \u015bmieci jakby troch\u0119 mniej, ale ci\u0105gle jest ich du\u017co, a przecie\u017c nie powinno by\u0107 ich wcale. Mamy takie marzenie&#8230;&#8230;.. idziemy do lasu, wszystko jest przygotowane &#8211; worki,\u00a0 r\u0119kawiczki, uzgadniamy z Le\u015bniczyn Starego Dworu Panem Wojtkiem D\u0105browskim miejsce, gdzie mamy zostawi\u0107 \u015bmieci i przechodzimy 4-6 km lasu i&#8230;&#8230;&#8230;.worki pozostaj\u0105 puste. Polacy przestali zostawia\u0107 odpady w lesie. Brzmi to jak sen? marzenie? Podobno czasem marzenia si\u0119 spe\u0142niaj\u0105. Oby !<a href=\"https:\/\/www.milosnicylasu.olsztyn.pl\/wp-content\/uploads\/2022\/03\/DSCN8903-www.jpg\" data-rel=\"lightbox-image-1\" data-magnific_type=\"image\" data-rl_title=\"\" data-rl_caption=\"\" title=\"\"><img loading=\"lazy\" decoding=\"async\" class=\"size-medium wp-image-6958 alignright\" src=\"https:\/\/www.milosnicylasu.olsztyn.pl\/wp-content\/uploads\/2022\/03\/DSCN8903-www-300x225.jpg\" alt=\"\" width=\"300\" height=\"225\" srcset=\"https:\/\/www.milosnicylasu.olsztyn.pl\/wp-content\/uploads\/2022\/03\/DSCN8903-www-300x225.jpg 300w, https:\/\/www.milosnicylasu.olsztyn.pl\/wp-content\/uploads\/2022\/03\/DSCN8903-www-768x576.jpg 768w, https:\/\/www.milosnicylasu.olsztyn.pl\/wp-content\/uploads\/2022\/03\/DSCN8903-www.jpg 1024w\" sizes=\"auto, (max-width: 300px) 100vw, 300px\" \/><\/a><\/strong><\/p>\n<p><strong>To by\u0142o o pracy, a przyjemno\u015bci?<\/strong><\/p>\n<p><strong>To dla nich warto wybra\u0107 si\u0119 do lasu i dla zdrowia. Le\u015bne powietrze jest dobrze natlenione ma 50-70 razy mniej chorobotw\u00f3rczych zarazk\u00f3w ni\u017c w powietrzu z miast! Dzi\u0119ki olejkom eterycznym wydzielanym przez drzewa le\u015bne powietrze dzia\u0142a bakteriob\u00f3jczo, uspokajaj\u0105co i przeciwzapalnie. Spacer po lesie niew\u0105tpliwie wzmacnia odporno\u015b\u0107 organizmu. To naturalny lek na przezi\u0119bienie, prawdziwe sanatorium pod go\u0142ym niebem.<\/strong><\/p>\n<p><strong><a href=\"https:\/\/www.milosnicylasu.olsztyn.pl\/wp-content\/uploads\/2022\/03\/DSCN8907-www.jpg\" data-rel=\"lightbox-image-2\" data-magnific_type=\"image\" data-rl_title=\"\" data-rl_caption=\"\" title=\"\"><img loading=\"lazy\" decoding=\"async\" class=\"size-medium wp-image-6957 alignleft\" src=\"https:\/\/www.milosnicylasu.olsztyn.pl\/wp-content\/uploads\/2022\/03\/DSCN8907-www-300x225.jpg\" alt=\"\" width=\"300\" height=\"225\" srcset=\"https:\/\/www.milosnicylasu.olsztyn.pl\/wp-content\/uploads\/2022\/03\/DSCN8907-www-300x225.jpg 300w, https:\/\/www.milosnicylasu.olsztyn.pl\/wp-content\/uploads\/2022\/03\/DSCN8907-www-768x576.jpg 768w, https:\/\/www.milosnicylasu.olsztyn.pl\/wp-content\/uploads\/2022\/03\/DSCN8907-www.jpg 1024w\" sizes=\"auto, (max-width: 300px) 100vw, 300px\" \/><\/a>Ro\u015blinno\u015b\u0107 le\u015bna budzi si\u0119 do \u017cycia. Las pachnie wiosn\u0105, pojawiaj\u0105 si\u0119 pierwsze wiosenne ro\u015bliny takie jak przylaszczka pospolita, ziarnop\u0142on wiosenny, zawilce&#8230; Przyroda nabiera soczystych kolor\u00f3w. W lesie robi si\u0119 ruchliwie i g\u0142o\u015bno od \u015bpiewu ptak\u00f3w. Jago mieszka\u0144cy og\u0142aszaj\u0105 nastanie wiosny!<\/strong><\/p>\n<p><strong>Spacery le\u015bne po\u0142\u0105czone ze sprz\u0105taniem dzia\u0142aj\u0105 te\u017c wychowawczo. Od kilku sob\u00f3t w\u0119druje z nami Kuba, kt\u00f3rego wszyscy podziwiamy za pracowito\u015b\u0107. Ma \u015bwietny wzrok i zdrowe n\u00f3\u017cki, wi\u0119c wypatrzy \u015bmieci z du\u017cej odleg\u0142o\u015bci i w\u0105tpliw\u0105 &#8222;ozdob\u0119 lasu&#8221; szybko umie\u015bci w worku. Brawo Kuba!<\/strong><\/p>\n<p><strong>W czasie tego rajdu nasz kolega Antoni Jarczyk otrzyma\u0142 rze\u017ab\u0119 wykonan\u0105 przez innego naszego Koleg\u0119 Rysia Chudziakiewicza.W ten spos\u00f3b Zarz\u0105d Ko\u0142a doceni\u0142 dzia\u0142ania Antoniego w czasie pandemii. Gratulujemy!<a href=\"https:\/\/www.milosnicylasu.olsztyn.pl\/wp-content\/uploads\/2022\/03\/DSCN8906-www.jpg\" data-rel=\"lightbox-image-3\" data-magnific_type=\"image\" data-rl_title=\"\" data-rl_caption=\"\" title=\"\"><img loading=\"lazy\" decoding=\"async\" class=\"size-medium wp-image-6962 alignright\" src=\"https:\/\/www.milosnicylasu.olsztyn.pl\/wp-content\/uploads\/2022\/03\/DSCN8906-www-300x225.jpg\" alt=\"\" width=\"300\" height=\"225\" srcset=\"https:\/\/www.milosnicylasu.olsztyn.pl\/wp-content\/uploads\/2022\/03\/DSCN8906-www-300x225.jpg 300w, https:\/\/www.milosnicylasu.olsztyn.pl\/wp-content\/uploads\/2022\/03\/DSCN8906-www-768x576.jpg 768w, https:\/\/www.milosnicylasu.olsztyn.pl\/wp-content\/uploads\/2022\/03\/DSCN8906-www.jpg 1024w\" sizes=\"auto, (max-width: 300px) 100vw, 300px\" \/><\/a><\/strong><\/p>\n","protected":false},"excerpt":{"rendered":"<p>21 marca obchodzimy Mi\u0119dzynarodowy Dzie\u0144 Las\u00f3w, ustanowiony przez ONZ. Has\u0142o Mi\u0119dzynarodowy Dzie\u0144 Las\u00f3w ma na celu promowanie wiedzy na temat las\u00f3w i drzew, ich znaczenia dla nas i naszej planety oraz sposob\u00f3w na ich ochron\u0119. Ka\u017cdego roku organizatorzy zach\u0119caj\u0105 kraje do podejmowania dzia\u0142a\u0144 takich jak: sadzenie drzew, organizowanie konkurs\u00f3w, wystaw oraz innych inicjatyw z tym [&hellip;]<\/p>\n","protected":false},"author":2,"featured_media":0,"comment_status":"open","ping_status":"open","sticky":false,"template":"","format":"standard","meta":{"footnotes":""},"categories":[1,9,17],"tags":[],"class_list":["post-6956","post","type-post","status-publish","format-standard","hentry","category-bez-kategorii","category-ciekawostki","category-edukacja-w-terenie"],"_links":{"self":[{"href":"https:\/\/www.milosnicylasu.olsztyn.pl\/index.php?rest_route=\/wp\/v2\/posts\/6956","targetHints":{"allow":["GET"]}}],"collection":[{"href":"https:\/\/www.milosnicylasu.olsztyn.pl\/index.php?rest_route=\/wp\/v2\/posts"}],"about":[{"href":"https:\/\/www.milosnicylasu.olsztyn.pl\/index.php?rest_route=\/wp\/v2\/types\/post"}],"author":[{"embeddable":true,"href":"https:\/\/www.milosnicylasu.olsztyn.pl\/index.php?rest_route=\/wp\/v2\/users\/2"}],"replies":[{"embeddable":true,"href":"https:\/\/www.milosnicylasu.olsztyn.pl\/index.php?rest_route=%2Fwp%2Fv2%2Fcomments&post=6956"}],"version-history":[{"count":6,"href":"https:\/\/www.milosnicylasu.olsztyn.pl\/index.php?rest_route=\/wp\/v2\/posts\/6956\/revisions"}],"predecessor-version":[{"id":6966,"href":"https:\/\/www.milosnicylasu.olsztyn.pl\/index.php?rest_route=\/wp\/v2\/posts\/6956\/revisions\/6966"}],"wp:attachment":[{"href":"https:\/\/www.milosnicylasu.olsztyn.pl\/index.php?rest_route=%2Fwp%2Fv2%2Fmedia&parent=6956"}],"wp:term":[{"taxonomy":"category","embeddable":true,"href":"https:\/\/www.milosnicylasu.olsztyn.pl\/index.php?rest_route=%2Fwp%2Fv2%2Fcategories&post=6956"},{"taxonomy":"post_tag","embeddable":true,"href":"https:\/\/www.milosnicylasu.olsztyn.pl\/index.php?rest_route=%2Fwp%2Fv2%2Ftags&post=6956"}],"curies":[{"name":"wp","href":"https:\/\/api.w.org\/{rel}","templated":true}]}}