{"id":6967,"date":"2022-03-28T21:14:51","date_gmt":"2022-03-28T19:14:51","guid":{"rendered":"https:\/\/www.milosnicylasu.olsztyn.pl\/?p=6967"},"modified":"2022-03-29T06:51:39","modified_gmt":"2022-03-29T04:51:39","slug":"zawilec","status":"publish","type":"post","link":"https:\/\/www.milosnicylasu.olsztyn.pl\/?p=6967","title":{"rendered":"Zawilec"},"content":{"rendered":"<p><strong> <a href=\"https:\/\/www.milosnicylasu.olsztyn.pl\/wp-content\/uploads\/2022\/03\/IMG-20220328-WA0003-www.jpg\" data-rel=\"lightbox-image-0\" data-magnific_type=\"image\" data-rl_title=\"\" data-rl_caption=\"\" title=\"\"><img loading=\"lazy\" decoding=\"async\" class=\"size-medium wp-image-6968 alignleft\" src=\"https:\/\/www.milosnicylasu.olsztyn.pl\/wp-content\/uploads\/2022\/03\/IMG-20220328-WA0003-www-300x225.jpg\" alt=\"\" width=\"300\" height=\"225\" srcset=\"https:\/\/www.milosnicylasu.olsztyn.pl\/wp-content\/uploads\/2022\/03\/IMG-20220328-WA0003-www-300x225.jpg 300w, https:\/\/www.milosnicylasu.olsztyn.pl\/wp-content\/uploads\/2022\/03\/IMG-20220328-WA0003-www-768x576.jpg 768w, https:\/\/www.milosnicylasu.olsztyn.pl\/wp-content\/uploads\/2022\/03\/IMG-20220328-WA0003-www.jpg 1024w\" sizes=\"auto, (max-width: 300px) 100vw, 300px\" \/><\/a>Z kolejnego wiosennego spaceru &#8211; 27 marca 2021 roku, Adam Siemakowicz przys\u0142a\u0142 zdj\u0119cia kolejnych wiosennych kwiat\u00f3w. Tym razem zawilce i przylaszczki. A z wierszyka Ludwika Jerzy Kerna z cyklu\u00a0 &#8222;Portrety kwiat\u00f3w&#8221;\u00a0 wynika, \u017ce mamy wiele wsp\u00f3lnego z zawilcami &#8211; te\u017c lubimy raczej pikniki ni\u017c samotne spacery&#8230;&#8230;&#8230;&#8230;&#8230;&#8230;&#8230;&#8230;&#8230;<\/strong><\/p>\n<p><strong>Zawilce<\/strong><strong><br \/>\nZawilec rzadko kiedy w pojedynk\u0119 po lesie hasa,<a href=\"https:\/\/www.milosnicylasu.olsztyn.pl\/wp-content\/uploads\/2022\/03\/IMG-20220328-WA0006-www.jpg\" data-rel=\"lightbox-image-1\" data-magnific_type=\"image\" data-rl_title=\"\" data-rl_caption=\"\" title=\"\"><img loading=\"lazy\" decoding=\"async\" class=\"size-medium wp-image-6969 alignright\" src=\"https:\/\/www.milosnicylasu.olsztyn.pl\/wp-content\/uploads\/2022\/03\/IMG-20220328-WA0006-www-300x225.jpg\" alt=\"\" width=\"300\" height=\"225\" srcset=\"https:\/\/www.milosnicylasu.olsztyn.pl\/wp-content\/uploads\/2022\/03\/IMG-20220328-WA0006-www-300x225.jpg 300w, https:\/\/www.milosnicylasu.olsztyn.pl\/wp-content\/uploads\/2022\/03\/IMG-20220328-WA0006-www-768x576.jpg 768w, https:\/\/www.milosnicylasu.olsztyn.pl\/wp-content\/uploads\/2022\/03\/IMG-20220328-WA0006-www.jpg 1024w\" sizes=\"auto, (max-width: 300px) 100vw, 300px\" \/><\/a><br \/>\nLubi raczej rodzinne pikniki,<br \/>\nDlatego zawsze jest ich w lesie ca\u0142a masa.<\/strong><\/p>\n<p><strong>Rozk\u0142adaj\u0105 si\u0119 pod drzewami,<br \/>\nNie zwa\u017caj\u0105c na komary i mr\u00f3wki,<br \/>\nZupe\u0142nie jak ludzie, co to grupkami<br \/>\nSiedz\u0105 na kocach podczas maj\u00f3wki.<\/strong><\/p>\n<p>__________________<\/p>\n<p><strong>Zawilec \u2013 symbolika, kultura i\u00a0literatura<\/strong><\/p>\n<p><strong>Kwiat ten ma bogate oblicze w\u00a0naszym \u015bwiecie. W\u00a0niekt\u00f3rych kulturach uwa\u017ca si\u0119, \u017ce\u00a0zawilec przynosi szcz\u0119\u015bcie i\u00a0chroni przed\u00a0z\u0142em. Podobno staro\u017cytni Rzymianie zbierali pierwsze kwitn\u0105ce okazy zawilc\u00f3w. Traktowali je jako talizmany chroni\u0105ce przed\u00a0wszelkimi chorobami.<\/strong><\/p>\n<p><strong>W\u00a0rzymskiej mitologii, Flora zazdrosna o\u00a0m\u0119\u017ca Zefira, zamieni\u0142a jego obiekt westchnie\u0144, nimf\u0119 Anemone, w\u00a0delikatny kwiat, kt\u00f3ry\u00a0budzi si\u0119 na\u00a0nowo ka\u017cdej wiosny. Ro\u015bliny pojawiaj\u0105 si\u0119 te\u017c w\u00a0mitologii greckiej, gdzie wed\u0142ug jednej z\u00a0opowie\u015bci wyros\u0142y z\u00a0krwi Adonisa, kochanka Afrodyty, kt\u00f3ry\u00a0zgin\u0105\u0142 podczas polowania. M\u00f3wi si\u0119 te\u017c, \u017ce\u00a0kwiaty te pojawiaj\u0105 si\u0119 wraz z\u00a0powrotem jask\u00f3\u0142ek. Wed\u0142ug ludowych wierze\u0144 w\u00a0zawilcach ukrywaj\u0105 si\u0119 wr\u00f3\u017cki. Ro\u015bliny maj\u0105 te\u017c ciekaw\u0105 symbolik\u0119. Zawilce oznaczaj\u0105 m.in.\u00a0szczero\u015b\u0107, oczekiwanie, nies\u0142abn\u0105c\u0105 mi\u0142o\u015b\u0107 oraz\u00a0zapomnienie.<a href=\"https:\/\/www.milosnicylasu.olsztyn.pl\/wp-content\/uploads\/2022\/03\/IMG-20220328-WA0008-www.jpg\" data-rel=\"lightbox-image-2\" data-magnific_type=\"image\" data-rl_title=\"\" data-rl_caption=\"\" title=\"\"><img loading=\"lazy\" decoding=\"async\" class=\"size-medium wp-image-6970 alignleft\" src=\"https:\/\/www.milosnicylasu.olsztyn.pl\/wp-content\/uploads\/2022\/03\/IMG-20220328-WA0008-www-300x225.jpg\" alt=\"\" width=\"300\" height=\"225\" srcset=\"https:\/\/www.milosnicylasu.olsztyn.pl\/wp-content\/uploads\/2022\/03\/IMG-20220328-WA0008-www-300x225.jpg 300w, https:\/\/www.milosnicylasu.olsztyn.pl\/wp-content\/uploads\/2022\/03\/IMG-20220328-WA0008-www-768x576.jpg 768w, https:\/\/www.milosnicylasu.olsztyn.pl\/wp-content\/uploads\/2022\/03\/IMG-20220328-WA0008-www.jpg 1024w\" sizes=\"auto, (max-width: 300px) 100vw, 300px\" \/><\/a><\/strong><\/p>\n<p><strong>Spa\u0142 smacznie pod buczyn\u0105<br \/>\nwtulony w jej korzenie<br \/>\n\u015bni\u0142a mu si\u0119 przylaszczka<br \/>\nromantyczne zdarzenie.<\/strong><\/p>\n<p><strong>I pewnie spa\u0142by dalej<\/strong><br \/>\n<strong>b\u0142ogie snuj\u0105c marzenia<\/strong><br \/>\n<strong>ale obok przebi\u015bnieg<\/strong><br \/>\n<strong>zbudzi\u0142 go z odr\u0119twienia.<\/strong><\/p>\n<p><strong>Dok\u0105d p\u0119dzisz wariacie<\/strong><br \/>\n<strong>ziewn\u0105\u0142 sennie zawilec<\/strong><br \/>\n<strong>wiosna krzykn\u0105\u0142 przebi\u015bnieg<\/strong><br \/>\n<strong>trzeba spod ziemi wylec.<\/strong><\/p>\n<p><strong>\/wierszyk z internetu p. Zdzis\u0142awa \/<\/strong><\/p>\n<p>&nbsp;<\/p>\n<p>&nbsp;<\/p>\n<p>&nbsp;<\/p>\n<p>&nbsp;<\/p>\n<p>&nbsp;<\/p>\n<p>&nbsp;<\/p>\n","protected":false},"excerpt":{"rendered":"<p>Z kolejnego wiosennego spaceru &#8211; 27 marca 2021 roku, Adam Siemakowicz przys\u0142a\u0142 zdj\u0119cia kolejnych wiosennych kwiat\u00f3w. Tym razem zawilce i przylaszczki. A z wierszyka Ludwika Jerzy Kerna z cyklu\u00a0 &#8222;Portrety kwiat\u00f3w&#8221;\u00a0 wynika, \u017ce mamy wiele wsp\u00f3lnego z zawilcami &#8211; te\u017c lubimy raczej pikniki ni\u017c samotne spacery&#8230;&#8230;&#8230;&#8230;&#8230;&#8230;&#8230;&#8230;&#8230; Zawilce Zawilec rzadko kiedy w pojedynk\u0119 po lesie hasa, [&hellip;]<\/p>\n","protected":false},"author":2,"featured_media":0,"comment_status":"open","ping_status":"open","sticky":false,"template":"","format":"standard","meta":{"footnotes":""},"categories":[1,9,17],"tags":[],"class_list":["post-6967","post","type-post","status-publish","format-standard","hentry","category-bez-kategorii","category-ciekawostki","category-edukacja-w-terenie"],"_links":{"self":[{"href":"https:\/\/www.milosnicylasu.olsztyn.pl\/index.php?rest_route=\/wp\/v2\/posts\/6967","targetHints":{"allow":["GET"]}}],"collection":[{"href":"https:\/\/www.milosnicylasu.olsztyn.pl\/index.php?rest_route=\/wp\/v2\/posts"}],"about":[{"href":"https:\/\/www.milosnicylasu.olsztyn.pl\/index.php?rest_route=\/wp\/v2\/types\/post"}],"author":[{"embeddable":true,"href":"https:\/\/www.milosnicylasu.olsztyn.pl\/index.php?rest_route=\/wp\/v2\/users\/2"}],"replies":[{"embeddable":true,"href":"https:\/\/www.milosnicylasu.olsztyn.pl\/index.php?rest_route=%2Fwp%2Fv2%2Fcomments&post=6967"}],"version-history":[{"count":7,"href":"https:\/\/www.milosnicylasu.olsztyn.pl\/index.php?rest_route=\/wp\/v2\/posts\/6967\/revisions"}],"predecessor-version":[{"id":6978,"href":"https:\/\/www.milosnicylasu.olsztyn.pl\/index.php?rest_route=\/wp\/v2\/posts\/6967\/revisions\/6978"}],"wp:attachment":[{"href":"https:\/\/www.milosnicylasu.olsztyn.pl\/index.php?rest_route=%2Fwp%2Fv2%2Fmedia&parent=6967"}],"wp:term":[{"taxonomy":"category","embeddable":true,"href":"https:\/\/www.milosnicylasu.olsztyn.pl\/index.php?rest_route=%2Fwp%2Fv2%2Fcategories&post=6967"},{"taxonomy":"post_tag","embeddable":true,"href":"https:\/\/www.milosnicylasu.olsztyn.pl\/index.php?rest_route=%2Fwp%2Fv2%2Ftags&post=6967"}],"curies":[{"name":"wp","href":"https:\/\/api.w.org\/{rel}","templated":true}]}}