{"id":6979,"date":"2022-03-31T05:53:38","date_gmt":"2022-03-31T03:53:38","guid":{"rendered":"https:\/\/www.milosnicylasu.olsztyn.pl\/?p=6979"},"modified":"2022-03-31T05:53:56","modified_gmt":"2022-03-31T03:53:56","slug":"ciekawostki-o-zawilcu","status":"publish","type":"post","link":"https:\/\/www.milosnicylasu.olsztyn.pl\/?p=6979","title":{"rendered":"Ciekawostki o zawilcu"},"content":{"rendered":"<p><strong>Zawilec \u2013 symbolika, kultura i\u00a0literatura<\/strong><\/p>\n<p><a href=\"https:\/\/www.milosnicylasu.olsztyn.pl\/wp-content\/uploads\/2021\/05\/P5050017-www.jpg\" data-rel=\"lightbox-image-0\" data-magnific_type=\"image\" data-rl_title=\"\" data-rl_caption=\"\" title=\"\"><img loading=\"lazy\" decoding=\"async\" class=\"size-medium wp-image-6259 alignleft\" src=\"https:\/\/www.milosnicylasu.olsztyn.pl\/wp-content\/uploads\/2021\/05\/P5050017-www-300x225.jpg\" alt=\"\" width=\"300\" height=\"225\" srcset=\"https:\/\/www.milosnicylasu.olsztyn.pl\/wp-content\/uploads\/2021\/05\/P5050017-www-300x225.jpg 300w, https:\/\/www.milosnicylasu.olsztyn.pl\/wp-content\/uploads\/2021\/05\/P5050017-www-768x576.jpg 768w, https:\/\/www.milosnicylasu.olsztyn.pl\/wp-content\/uploads\/2021\/05\/P5050017-www.jpg 1024w\" sizes=\"auto, (max-width: 300px) 100vw, 300px\" \/><\/a><\/p>\n<p><strong>Kwiat ten ma bogate oblicze w\u00a0naszym \u015bwiecie. W\u00a0niekt\u00f3rych kulturach uwa\u017ca si\u0119, \u017ce\u00a0zawilec przynosi szcz\u0119\u015bcie i\u00a0chroni przed\u00a0z\u0142em. Podobno staro\u017cytni Rzymianie zbierali pierwsze kwitn\u0105ce okazy zawilc\u00f3w. Traktowali je jako talizmany chroni\u0105ce przed\u00a0wszelkimi chorobami.<\/strong><\/p>\n<p><a href=\"https:\/\/www.milosnicylasu.olsztyn.pl\/wp-content\/uploads\/2021\/05\/P5050016-www.jpg\" data-rel=\"lightbox-image-1\" data-magnific_type=\"image\" data-rl_title=\"\" data-rl_caption=\"\" title=\"\"><img loading=\"lazy\" decoding=\"async\" class=\"size-medium wp-image-6260 alignright\" src=\"https:\/\/www.milosnicylasu.olsztyn.pl\/wp-content\/uploads\/2021\/05\/P5050016-www-300x225.jpg\" alt=\"\" width=\"300\" height=\"225\" srcset=\"https:\/\/www.milosnicylasu.olsztyn.pl\/wp-content\/uploads\/2021\/05\/P5050016-www-300x225.jpg 300w, https:\/\/www.milosnicylasu.olsztyn.pl\/wp-content\/uploads\/2021\/05\/P5050016-www-768x576.jpg 768w, https:\/\/www.milosnicylasu.olsztyn.pl\/wp-content\/uploads\/2021\/05\/P5050016-www.jpg 1024w\" sizes=\"auto, (max-width: 300px) 100vw, 300px\" \/><\/a><\/p>\n<p><strong>W\u00a0rzymskiej mitologii, Flora zazdrosna o\u00a0m\u0119\u017ca Zefira, zamieni\u0142a jego obiekt westchnie\u0144, nimf\u0119 Anemone, w\u00a0delikatny kwiat, kt\u00f3ry\u00a0budzi si\u0119 na\u00a0nowo ka\u017cdej wiosny. Ro\u015bliny pojawiaj\u0105 si\u0119 te\u017c w\u00a0mitologii greckiej, gdzie wed\u0142ug jednej z\u00a0opowie\u015bci wyros\u0142y z\u00a0krwi Adonisa, kochanka Afrodyty, kt\u00f3ry\u00a0zgin\u0105\u0142 podczas polowania. M\u00f3wi si\u0119 te\u017c, \u017ce\u00a0kwiaty te pojawiaj\u0105 si\u0119 wraz z\u00a0powrotem jask\u00f3\u0142ek. Wed\u0142ug ludowych wierze\u0144 w\u00a0zawilcach ukrywaj\u0105 si\u0119 wr\u00f3\u017cki. Ro\u015bliny maj\u0105 te\u017c ciekaw\u0105 symbolik\u0119. Zawilce oznaczaj\u0105 m.in.\u00a0szczero\u015b\u0107, oczekiwanie, nies\u0142abn\u0105c\u0105 mi\u0142o\u015b\u0107 oraz\u00a0zapomnienie.<\/strong><\/p>\n<p>&nbsp;<\/p>\n","protected":false},"excerpt":{"rendered":"<p>Zawilec \u2013 symbolika, kultura i\u00a0literatura Kwiat ten ma bogate oblicze w\u00a0naszym \u015bwiecie. W\u00a0niekt\u00f3rych kulturach uwa\u017ca si\u0119, \u017ce\u00a0zawilec przynosi szcz\u0119\u015bcie i\u00a0chroni przed\u00a0z\u0142em. Podobno staro\u017cytni Rzymianie zbierali pierwsze kwitn\u0105ce okazy zawilc\u00f3w. Traktowali je jako talizmany chroni\u0105ce przed\u00a0wszelkimi chorobami. W\u00a0rzymskiej mitologii, Flora zazdrosna o\u00a0m\u0119\u017ca Zefira, zamieni\u0142a jego obiekt westchnie\u0144, nimf\u0119 Anemone, w\u00a0delikatny kwiat, kt\u00f3ry\u00a0budzi si\u0119 na\u00a0nowo ka\u017cdej wiosny. [&hellip;]<\/p>\n","protected":false},"author":2,"featured_media":0,"comment_status":"open","ping_status":"open","sticky":false,"template":"","format":"standard","meta":{"footnotes":""},"categories":[1,9,17],"tags":[],"class_list":["post-6979","post","type-post","status-publish","format-standard","hentry","category-bez-kategorii","category-ciekawostki","category-edukacja-w-terenie"],"_links":{"self":[{"href":"https:\/\/www.milosnicylasu.olsztyn.pl\/index.php?rest_route=\/wp\/v2\/posts\/6979","targetHints":{"allow":["GET"]}}],"collection":[{"href":"https:\/\/www.milosnicylasu.olsztyn.pl\/index.php?rest_route=\/wp\/v2\/posts"}],"about":[{"href":"https:\/\/www.milosnicylasu.olsztyn.pl\/index.php?rest_route=\/wp\/v2\/types\/post"}],"author":[{"embeddable":true,"href":"https:\/\/www.milosnicylasu.olsztyn.pl\/index.php?rest_route=\/wp\/v2\/users\/2"}],"replies":[{"embeddable":true,"href":"https:\/\/www.milosnicylasu.olsztyn.pl\/index.php?rest_route=%2Fwp%2Fv2%2Fcomments&post=6979"}],"version-history":[{"count":2,"href":"https:\/\/www.milosnicylasu.olsztyn.pl\/index.php?rest_route=\/wp\/v2\/posts\/6979\/revisions"}],"predecessor-version":[{"id":6981,"href":"https:\/\/www.milosnicylasu.olsztyn.pl\/index.php?rest_route=\/wp\/v2\/posts\/6979\/revisions\/6981"}],"wp:attachment":[{"href":"https:\/\/www.milosnicylasu.olsztyn.pl\/index.php?rest_route=%2Fwp%2Fv2%2Fmedia&parent=6979"}],"wp:term":[{"taxonomy":"category","embeddable":true,"href":"https:\/\/www.milosnicylasu.olsztyn.pl\/index.php?rest_route=%2Fwp%2Fv2%2Fcategories&post=6979"},{"taxonomy":"post_tag","embeddable":true,"href":"https:\/\/www.milosnicylasu.olsztyn.pl\/index.php?rest_route=%2Fwp%2Fv2%2Ftags&post=6979"}],"curies":[{"name":"wp","href":"https:\/\/api.w.org\/{rel}","templated":true}]}}